{"id":32570,"date":"2022-06-07T13:51:28","date_gmt":"2022-06-07T16:51:28","guid":{"rendered":"https:\/\/www.dentalpress.com.br\/portal\/?p=32570"},"modified":"2022-06-07T13:59:12","modified_gmt":"2022-06-07T16:59:12","slug":"em-sao-paulo-vereadores-aprovam-projeto-que-cria-o-dia-da-harmonizacao-facial","status":"publish","type":"post","link":"https:\/\/dentalpress.com.br\/portal\/em-sao-paulo-vereadores-aprovam-projeto-que-cria-o-dia-da-harmonizacao-facial\/","title":{"rendered":"Em S\u00e3o Paulo, vereadores aprovam projeto que cria o Dia da Harmoniza\u00e7\u00e3o Facial"},"content":{"rendered":"<p>Na sess\u00e3o plen\u00e1ria do dia 25 de maio, a ampla maioria de vereadores do legislativo de S\u00e3o Paulo\/SP, aprovou em primeira discuss\u00e3o o <a href=\"https:\/\/splegisconsulta.saopaulo.sp.leg.br\/Home\/AbrirDocumento?pID=301941\" target=\"_blank\" rel=\"noopener\">projeto<\/a> que cria o <strong>Dia da Harmoniza\u00e7\u00e3o Facial<\/strong>.<\/p>\n<p>O projeto, que \u00e9 de autoria do vereador Isac F\u00e9lix (PL), passar\u00e1 agora por segunda discuss\u00e3o e, caso aprovado mais uma vez, ser\u00e1 institu\u00eddo o Dia da Harmoniza\u00e7\u00e3o Facial, inserido no Calend\u00e1rio de Eventos do Munic\u00edpio de S\u00e3o Paulo no dia 29 de janeiro.<\/p>\n<figure id=\"attachment_32574\" aria-describedby=\"caption-attachment-32574\" style=\"width: 300px\" class=\"wp-caption alignnone\"><img fetchpriority=\"high\" decoding=\"async\" class=\"size-medium wp-image-32574\" src=\"https:\/\/dentalpress.com.br\/portal\/wp-content\/uploads\/2022\/06\/DBIHQ2YSENH2DE5KWMH3YISWJQ-300x200.jpeg\" alt=\"Isac Fel\u00edx\/ Harmoniza\u00e7\u00e3o Facial; Dia da Harmoniza\u00e7\u00e3o Facial; C\u00e2mara de Vereadores; S\u00e3o Paulo\" width=\"300\" height=\"200\" srcset=\"\/wp-content\/uploads\/2022\/06\/DBIHQ2YSENH2DE5KWMH3YISWJQ-300x200.jpeg 300w, \/wp-content\/uploads\/2022\/06\/DBIHQ2YSENH2DE5KWMH3YISWJQ-768x512.jpeg 768w, \/wp-content\/uploads\/2022\/06\/DBIHQ2YSENH2DE5KWMH3YISWJQ-585x390.jpeg 585w, \/wp-content\/uploads\/2022\/06\/DBIHQ2YSENH2DE5KWMH3YISWJQ-263x175.jpeg 263w, \/wp-content\/uploads\/2022\/06\/DBIHQ2YSENH2DE5KWMH3YISWJQ.jpeg 936w\" sizes=\"(max-width: 300px) 100vw, 300px\" \/><figcaption id=\"caption-attachment-32574\" class=\"wp-caption-text\">Foto: Richard Louren\u00e7o \/ Rede C\u00e2mara<\/figcaption><\/figure>\n<p>Em entrevista ao jornal <a href=\"https:\/\/www.estadao.com.br\/politica\/camara-municipal-aprova-projeto-de-lei-que-cria-dia-da-harmonizacao-facial-em-sao-paulo\/\" target=\"_blank\" rel=\"noopener\">O Estado de S\u00e3o Paulo<\/a>, F\u00e9lix afirmou que o objetivo da cria\u00e7\u00e3o dessa data comemorativa \u00e9 &#8220;[&#8230;] reconhecer um novo of\u00edcio que esta\u0301 surgindo e pode ajudar muitas pessoas&#8221;.<\/p>\n<p>Para a cria\u00e7\u00e3o do projeto, o er\u00e1rio afirmou que conversou com diversas pessoas que utilizaram dos m\u00e9todos de harmoniza\u00e7\u00e3o facial para conquistar a autoestima, principalmente aquelas que foram v\u00edtimas de algum tipo de viol\u00eancia que causaram marcas ou que sofrem de alguma condi\u00e7\u00e3o gen\u00e9tica.<\/p>\n<h5>Confira a justificativa do protejo na \u00edntegra<\/h5>\n<p>&#8220;A apresenta\u00e7\u00e3o pessoal \u00e9 uma necessidade fundamental na vida das pessoas. Embora cada um tenha seus tra\u00e7os e sua constitui\u00e7\u00e3o f\u00edsica, muitas pessoas valorizam os aspectos relativos a sua apar\u00eancia f\u00edsica. Essa preocupa\u00e7\u00e3o n\u00e3o raras vezes gera um trauma psicol\u00f3gico nas pessoa , que tamb\u00e9m n\u00e3o poucas vezes recorrem a psic\u00f3logos, terapeutas e psiquiatras para aprenderem lidar com estas quest\u00f5es. Atualmente existem t\u00e9cnicas que podem melhorar a apar\u00eancia e modificar tra\u00e7os f\u00edsicos que causem inc\u00f4modo as pessoas. Mais recentemente, tem feito grande sucesso como uma dessas t\u00e9cnicas, a se Harmoniza\u00e7\u00e3o Facial, que tem cumprido muito bem o papel de tornar as pessoas mais felizes com sua apar\u00eancia. Salienta-se a necessidade da escolha sempre de bons profissionais. Assim, o presente projeto visa reconhecer um novo of\u00edcio que est\u00e1 surgindo e pode ajudar muitas pessoas. Diante do exposto, considerando as raz\u00f5es apresentadas, conto com a aprova\u00e7\u00e3o e apoio dos nobres pares. &#8221;<\/p>\n<p>&nbsp;<\/p>\n<p>&nbsp;<\/p>\n","protected":false},"excerpt":{"rendered":"<p>Na sess\u00e3o plen\u00e1ria do dia 25 de maio, a ampla maioria de vereadores do legislativo de S\u00e3o Paulo\/SP, aprovou em primeira discuss\u00e3o o projeto que cria o Dia da Harmoniza\u00e7\u00e3o Facial. O projeto, que \u00e9 de autoria do vereador Isac F\u00e9lix (PL), passar\u00e1 agora por segunda discuss\u00e3o e, caso aprovado mais uma vez, ser\u00e1 institu\u00eddo<\/p>\n","protected":false},"author":26,"featured_media":32572,"comment_status":"open","ping_status":"open","sticky":false,"template":"","format":"standard","meta":{"footnotes":""},"categories":[],"tags":[],"class_list":["post-32570","post","type-post","status-publish","format-standard","has-post-thumbnail"],"aioseo_notices":[],"amp_enabled":true,"_links":{"self":[{"href":"https:\/\/dentalpress.com.br\/portal\/wp-json\/wp\/v2\/posts\/32570","targetHints":{"allow":["GET"]}}],"collection":[{"href":"https:\/\/dentalpress.com.br\/portal\/wp-json\/wp\/v2\/posts"}],"about":[{"href":"https:\/\/dentalpress.com.br\/portal\/wp-json\/wp\/v2\/types\/post"}],"author":[{"embeddable":true,"href":"https:\/\/dentalpress.com.br\/portal\/wp-json\/wp\/v2\/users\/26"}],"replies":[{"embeddable":true,"href":"https:\/\/dentalpress.com.br\/portal\/wp-json\/wp\/v2\/comments?post=32570"}],"version-history":[{"count":3,"href":"https:\/\/dentalpress.com.br\/portal\/wp-json\/wp\/v2\/posts\/32570\/revisions"}],"predecessor-version":[{"id":32576,"href":"https:\/\/dentalpress.com.br\/portal\/wp-json\/wp\/v2\/posts\/32570\/revisions\/32576"}],"wp:featuredmedia":[{"embeddable":true,"href":"https:\/\/dentalpress.com.br\/portal\/wp-json\/wp\/v2\/media\/32572"}],"wp:attachment":[{"href":"https:\/\/dentalpress.com.br\/portal\/wp-json\/wp\/v2\/media?parent=32570"}],"wp:term":[{"taxonomy":"category","embeddable":true,"href":"https:\/\/dentalpress.com.br\/portal\/wp-json\/wp\/v2\/categories?post=32570"},{"taxonomy":"post_tag","embeddable":true,"href":"https:\/\/dentalpress.com.br\/portal\/wp-json\/wp\/v2\/tags?post=32570"}],"curies":[{"name":"wp","href":"https:\/\/api.w.org\/{rel}","templated":true}]}}