{"id":32353,"date":"2022-04-04T09:30:26","date_gmt":"2022-04-04T12:30:26","guid":{"rendered":"https:\/\/www.dentalpress.com.br\/portal\/?p=32353"},"modified":"2022-05-21T17:08:21","modified_gmt":"2022-05-21T20:08:21","slug":"estudo-internacional-mostra-tratamento-concomitante-da-saude-bucal-e-medo-de-ir-ao-dentista","status":"publish","type":"post","link":"https:\/\/dentalpress.com.br\/portal\/estudo-internacional-mostra-tratamento-concomitante-da-saude-bucal-e-medo-de-ir-ao-dentista\/","title":{"rendered":"Estudo internacional mostra tratamento concomitante da sa\u00fade bucal e medo de ir ao dentista"},"content":{"rendered":"<p>Um estudo realizado pela Universidade de Oulu da Finl\u00e2ndia aponta que metade dos adutos t\u00eam pelo menos um pouco de medo de fazer visitas ao <a href=\"https:\/\/dentalpress.com.br\/portal\/reforma-tributaria-impacta-dentistas-e-pacientes-com-custos\/\">dentista<\/a>. A pesquisa aponta ainda que um em cada dez adultos tem medo extremo de fazer a visita peri\u00f3dica ao cirurgi\u00e3o-dentista.<\/p>\n<p>Esse receio em pessoas adultas, ao que constatou a CFDP (Clinic for Fearful Dental Patientes), na Finl\u00e2ndia, pode acarretar &#8211; segundo a pr\u00f3pria pesquisa &#8211; na falta de preven\u00e7\u00e3o e tratamento e, a posteriorim a deteriora\u00e7\u00e3o da sa\u00fade oral da popula\u00e7\u00e3o em rela\u00e7\u00e3o ao tratamento de dores referentes \u00e0 sa\u00fade bucal.<\/p>\n<p>Nessa cl\u00ednica &#8211; especializada na terapia emocional do medo dos pacientes de irem ao dentista &#8211; a popula\u00e7\u00e3o recebe ajuda para esse tipo de fobia, ao passo que fazem os tratamentos odontol\u00f3gicos de forma mais abrangente. O modelo de funcionamento dessa cl\u00ednica \u00e9 exclusivo no pa\u00eds, e o foco est\u00e1 no tratamento concomitante das patologias bucais e do tratamento psicol\u00f3gico.<\/p>\n<p class=\"content-editable\">O estudo investigou os efeitos a longo prazo do per\u00edodo de tratamento do medo, ou seja, se os pacientes visitaram as\u00a0 cl\u00ednicas dent\u00e1rias para exames ap\u00f3s o fim do tratamento no CFDP; se n\u00e3o visitavam os cuidados dent\u00e1rios ou com que frequ\u00eancia tinham de ir aos cuidados de sa\u00fade prim\u00e1rios para tratamento de emerg\u00eancia. O acompanhamento de dez anos incluiu um total de 152 pacientes.<\/p>\n<p class=\"content-editable\">&#8220;O tratamento de baixo limiar do medo dent\u00e1rio nos cuidados de sa\u00fade prim\u00e1rios em conjunto com os cuidados dent\u00e1rios do paciente s\u00f3 foi estudado de forma limitada. Um estudo sobre efeitos a longo prazo nunca foi publicado antes&#8221;, diz a pesquisadora principal do estudo, Taina Kankaala.<\/p>\n<p class=\"content-editable\"><strong>Tratar o medo\u00a0<\/strong><br \/>\nDe acordo com o estudo, um per\u00edodo de cuidados infantis (com idades entre os 2 e os 10 anos) na cl\u00ednica de medo odontol\u00f3gico foi associado a um maior n\u00famero de exames dent\u00e1rios mais tarde em compara\u00e7\u00e3o com o tratamento na idade mais avan\u00e7ada.<\/p>\n<p class=\"content-editable\">&#8220;Foi tamb\u00e9m surpreendente, como aqueles que foram tratados com sucesso na cl\u00ednica do medo lidaram com os cuidados bucais, nos cuidados de sa\u00fade prim\u00e1rios mais tarde. Por outro lado, era como se esperasse que, se o tratamento n\u00e3o fosse bem sucedido por uma raz\u00e3o ou outra, as visitas de cuidados odontol\u00f3gicos n\u00e3o seriam regulares mais tarde&#8221;, explicou Kankaala.<\/p>\n<p class=\"content-editable\">De acordo com um estudo pr\u00e9vio da equipe de investiga\u00e7\u00e3o, at\u00e9 sete em cada dez pacientes s\u00e3o tratados com sucesso na cl\u00ednica do medo, para que os pacientes possam ser tratados com sucesso nos cuidados de sa\u00fade prim\u00e1rios e n\u00e3o seja necess\u00e1ria um novo retorno para a cl\u00ednica do medo.<\/p>\n","protected":false},"excerpt":{"rendered":"<p>Um estudo realizado pela Universidade de Oulu da Finl\u00e2ndia aponta que metade dos adutos t\u00eam pelo menos um pouco de medo de fazer visitas ao dentista. A pesquisa aponta ainda que um em cada dez adultos tem medo extremo de fazer a visita peri\u00f3dica ao cirurgi\u00e3o-dentista. Esse receio em pessoas adultas, ao que constatou a<\/p>\n","protected":false},"author":26,"featured_media":32354,"comment_status":"open","ping_status":"open","sticky":false,"template":"","format":"standard","meta":{"footnotes":""},"categories":[],"tags":[],"class_list":["post-32353","post","type-post","status-publish","format-standard","has-post-thumbnail"],"aioseo_notices":[],"amp_enabled":true,"_links":{"self":[{"href":"https:\/\/dentalpress.com.br\/portal\/wp-json\/wp\/v2\/posts\/32353","targetHints":{"allow":["GET"]}}],"collection":[{"href":"https:\/\/dentalpress.com.br\/portal\/wp-json\/wp\/v2\/posts"}],"about":[{"href":"https:\/\/dentalpress.com.br\/portal\/wp-json\/wp\/v2\/types\/post"}],"author":[{"embeddable":true,"href":"https:\/\/dentalpress.com.br\/portal\/wp-json\/wp\/v2\/users\/26"}],"replies":[{"embeddable":true,"href":"https:\/\/dentalpress.com.br\/portal\/wp-json\/wp\/v2\/comments?post=32353"}],"version-history":[{"count":1,"href":"https:\/\/dentalpress.com.br\/portal\/wp-json\/wp\/v2\/posts\/32353\/revisions"}],"predecessor-version":[{"id":32355,"href":"https:\/\/dentalpress.com.br\/portal\/wp-json\/wp\/v2\/posts\/32353\/revisions\/32355"}],"wp:featuredmedia":[{"embeddable":true,"href":"https:\/\/dentalpress.com.br\/portal\/wp-json\/wp\/v2\/media\/32354"}],"wp:attachment":[{"href":"https:\/\/dentalpress.com.br\/portal\/wp-json\/wp\/v2\/media?parent=32353"}],"wp:term":[{"taxonomy":"category","embeddable":true,"href":"https:\/\/dentalpress.com.br\/portal\/wp-json\/wp\/v2\/categories?post=32353"},{"taxonomy":"post_tag","embeddable":true,"href":"https:\/\/dentalpress.com.br\/portal\/wp-json\/wp\/v2\/tags?post=32353"}],"curies":[{"name":"wp","href":"https:\/\/api.w.org\/{rel}","templated":true}]}}