{"id":31716,"date":"2022-03-28T11:43:49","date_gmt":"2022-03-28T14:43:49","guid":{"rendered":"https:\/\/www.dentalpress.com.br\/portal\/?p=31716"},"modified":"2022-04-05T11:55:35","modified_gmt":"2022-04-05T14:55:35","slug":"ministerio-da-saude-abre-consulta-publica-para-diretriz-de-praticas-odontologicas-sobre-ausencia-dentaria-e-gengivite","status":"publish","type":"post","link":"https:\/\/dentalpress.com.br\/portal\/ministerio-da-saude-abre-consulta-publica-para-diretriz-de-praticas-odontologicas-sobre-ausencia-dentaria-e-gengivite\/","title":{"rendered":"Minist\u00e9rio da Sa\u00fade abre consulta p\u00fablica para diretriz de pr\u00e1ticas odontol\u00f3gicas sobre aus\u00eancia dent\u00e1ria e gengivite"},"content":{"rendered":"<p>O Minist\u00e9rio da Sa\u00fade lan\u00e7ou duas novas<a role=\"link\" href=\"https:\/\/aps.saude.gov.br\/noticia\/16396\" rel=\"noreferrer noopener\" aria-label=\" consultas p\u00fablicas (abre numa nova aba)\">\u00a0<strong>consultas p\u00fablicas<\/strong><\/a> para melhor enteder a pr\u00e1tica cl\u00ednica odontol\u00f3gica na Aten\u00e7\u00e3o Prim\u00e1ria \u00e0 Sa\u00fade, com foco no <a role=\"link\" href=\"https:\/\/docs.google.com\/forms\/d\/e\/1FAIpQLSfLwzyeZeBbGFOkWSXpymrVwVA2ylNJb5ImWheqUUAP6dlGUA\/viewform\" rel=\"noreferrer noopener\" aria-label=\"tratamento da gengivite induzida por biofilme em adultos (abre numa nova aba)\"><strong>tratamento da gengivite induzida por biofilme em adultos<\/strong><\/a>\u00a0e no\u00a0<a role=\"link\" href=\"https:\/\/docs.google.com\/forms\/d\/e\/1FAIpQLScJeNHUrsMHlNxsE2Ew63Bg2vYAakEGpgryuUuso6kNNB1fBA\/viewform\" rel=\"noreferrer noopener\" aria-label=\"manejo de aus\u00eancias dent\u00e1rias posteriores (abre numa nova aba)\"><strong>manejo de aus\u00eancias dent\u00e1rias posteriores<\/strong><\/a>. As contribui\u00e7\u00f5es podem ser encaminhadas at\u00e9 4 de abril e a participa\u00e7\u00e3o dos profissionais da Odontologia \u00e9 fundamental para estabelecer rotinas produtivas essenciais na rede p\u00fablica de sa\u00fade.<\/p>\n<p>Esses norteadores integram o projeto in\u00e9dito para constru\u00e7\u00e3o de 22 Diretrizes Cl\u00ednicas na Sa\u00fade Bucal na APS, criados pela Coordena\u00e7\u00e3o-Geral de Sa\u00fade Bucal do Minist\u00e9rio da Sa\u00fade (CGSB\/MS) em parceria com o Global Observatory for Dental Care \u2013 GODeC, da Universidade Federal de Pelotas (UFPel) e apoio institucional dos Conselhos de Odontologia em todo o Brasil.<\/p>\n<p>Em \u00e2mbito nacional, as 5\u00aa e 6\u00aa diretrizes ir\u00e3o ampliar o acesso \u00e0s recomenda\u00e7\u00f5es baseadas em evid\u00eancias cient\u00edficas para a promo\u00e7\u00e3o das melhores decis\u00f5es de tratamento e pr\u00e1tica dos Cirurgi\u00f5es-Dentistas da Aten\u00e7\u00e3o Prim\u00e1ria. Segundo o Wellington Carvalho, Coordenador-Geral da pasta, o objetivo da iniciativa \u00e9 apoiar os profissionais para o delineamento do plano terap\u00eautico singular para cada caso.<\/p>\n<p>\u201cA gengivite \u00e9 um dos agravos bucais mais prevalentes no cotidiano das equipes que atendem na APS. Isso sugere que os profissionais devem se atentar para as formas mais \u00e1geis e eficientes de lidar com a quest\u00e3o. No caso do manejo de aus\u00eancias dent\u00e1rias posteriores, esse documento ter\u00e1 o potencial de diminuir a indica\u00e7\u00e3o de pr\u00f3teses desnecess\u00e1rias para usu\u00e1rios, indicando outros tratamentos poss\u00edveis e menos invasivos\u201d, explicou.<\/p>\n<p>Fonte: CFO<\/p>\n","protected":false},"excerpt":{"rendered":"<p>O Minist\u00e9rio da Sa\u00fade lan\u00e7ou duas novas\u00a0consultas p\u00fablicas para melhor enteder a pr\u00e1tica cl\u00ednica odontol\u00f3gica na Aten\u00e7\u00e3o Prim\u00e1ria \u00e0 Sa\u00fade, com foco no tratamento da gengivite induzida por biofilme em adultos\u00a0e no\u00a0manejo de aus\u00eancias dent\u00e1rias posteriores. As contribui\u00e7\u00f5es podem ser encaminhadas at\u00e9 4 de abril e a participa\u00e7\u00e3o dos profissionais da Odontologia \u00e9 fundamental para<\/p>\n","protected":false},"author":26,"featured_media":0,"comment_status":"open","ping_status":"open","sticky":false,"template":"","format":"standard","meta":{"footnotes":""},"categories":[],"tags":[],"class_list":["post-31716","post","type-post","status-publish","format-standard"],"aioseo_notices":[],"amp_enabled":true,"_links":{"self":[{"href":"https:\/\/dentalpress.com.br\/portal\/wp-json\/wp\/v2\/posts\/31716","targetHints":{"allow":["GET"]}}],"collection":[{"href":"https:\/\/dentalpress.com.br\/portal\/wp-json\/wp\/v2\/posts"}],"about":[{"href":"https:\/\/dentalpress.com.br\/portal\/wp-json\/wp\/v2\/types\/post"}],"author":[{"embeddable":true,"href":"https:\/\/dentalpress.com.br\/portal\/wp-json\/wp\/v2\/users\/26"}],"replies":[{"embeddable":true,"href":"https:\/\/dentalpress.com.br\/portal\/wp-json\/wp\/v2\/comments?post=31716"}],"version-history":[{"count":0,"href":"https:\/\/dentalpress.com.br\/portal\/wp-json\/wp\/v2\/posts\/31716\/revisions"}],"wp:attachment":[{"href":"https:\/\/dentalpress.com.br\/portal\/wp-json\/wp\/v2\/media?parent=31716"}],"wp:term":[{"taxonomy":"category","embeddable":true,"href":"https:\/\/dentalpress.com.br\/portal\/wp-json\/wp\/v2\/categories?post=31716"},{"taxonomy":"post_tag","embeddable":true,"href":"https:\/\/dentalpress.com.br\/portal\/wp-json\/wp\/v2\/tags?post=31716"}],"curies":[{"name":"wp","href":"https:\/\/api.w.org\/{rel}","templated":true}]}}