{"id":30790,"date":"2021-06-09T09:31:05","date_gmt":"2021-06-09T12:31:05","guid":{"rendered":"https:\/\/www.dentalpress.com.br\/portal\/?p=30790"},"modified":"2021-06-09T09:31:05","modified_gmt":"2021-06-09T12:31:05","slug":"dia-mundial-da-vacinacao-historia-e-importancia-da-imunizacao","status":"publish","type":"post","link":"https:\/\/dentalpress.com.br\/portal\/dia-mundial-da-vacinacao-historia-e-importancia-da-imunizacao\/","title":{"rendered":"Dia Mundial da Vacina\u00e7\u00e3o: hist\u00f3ria e import\u00e2ncia da imuniza\u00e7\u00e3o"},"content":{"rendered":"<p><span style=\"font-weight: 400;\">Pensar em vacina\u00e7\u00e3o, de forma hist\u00f3rica, \u00e9 pensar um avan\u00e7o significativo na preven\u00e7\u00e3o de doen\u00e7as e qualidade de vida das pessoas. O primeiro registro da utiliza\u00e7\u00e3o do termo foi feito no s\u00e9culo 18, em 1798, na Inglaterra, pelo m\u00e9dico e cientista Edward Jenner.\u00a0<\/span><\/p>\n<p><span style=\"font-weight: 400;\">Antes disso, entretanto, na China do s\u00e9culo 10, um procedimento surgia como precursor \u00e0 vacina. Camponeses trituravam cascas de feridas provocadas pela var\u00edola e sopravam o p\u00f3 no rosto das pessoas. O contato atenuado com o v\u00edrus da doen\u00e7a &#8211; presente no p\u00f3 &#8211; trazia imunidade \u00e0s pessoas.<\/span><\/p>\n<p><span style=\"font-weight: 400;\">Oito s\u00e9culos mais tarde, Jenner ouviu hist\u00f3rias de que trabalhadores na zona rural inglesa n\u00e3o pegavam var\u00edola, por j\u00e1 terem tido a var\u00edola bovina &#8211; que era mais suave do que a humana. Ele come\u00e7ou a retirar o conte\u00fado das feridas de vacas e inseri-las em pessoas. A partir da\u00ed, o m\u00e9dico percebeu que, de fato, havia base cient\u00edfica para o procedimento.<\/span><\/p>\n<p><span style=\"font-weight: 400;\">A palavra vacina vem desse experimento: <\/span><i><span style=\"font-weight: 400;\">Variole Vaccinae<\/span><\/i><span style=\"font-weight: 400;\"> &#8211; nome cient\u00edfico atrelado \u00e0 var\u00edola bovina &#8211; sendo que <\/span><i><span style=\"font-weight: 400;\">Vaccinnae<\/span><\/i><span style=\"font-weight: 400;\">\u00a0 tem origem do latim Vaccarum, que significa vacas.<\/span><\/p>\n<p><span style=\"font-weight: 400;\">De l\u00e1 para c\u00e1, as vacinas fizeram uma revolu\u00e7\u00e3o na medicina. Segundo o SUS (Sistema \u00danico de Sa\u00fade), sem a vacina\u00e7\u00e3o e com o deslocamento das pessoas no Brasil e entre outros pa\u00edses do mundo, a popula\u00e7\u00e3o corre o risco de ser contaminada por doen\u00e7as nunca antes vistas em determinadas localidades ou por doen\u00e7a que j\u00e1 tenha sido erradicada.<\/span><\/p>\n<p><span style=\"font-weight: 400;\">\u201cAtualmente s\u00e3o disponibilizadas 300 milh\u00f5es de doses de imunobiol\u00f3gicos, sendo 19 tipos diferentes de vacinas que protegem contra mais de 20 doen\u00e7as A prote\u00e7\u00e3o inicia-se ainda nos rec\u00e9m-nascidos e estende-se por toda a vida\u201d, diz o comunicado do SUS, no site do Minist\u00e9rio da Sa\u00fade.<\/span><\/p>\n<ul>\n<li style=\"font-weight: 400;\" aria-level=\"1\"><span style=\"font-weight: 400;\">Tuberculose<\/span><\/li>\n<li style=\"font-weight: 400;\" aria-level=\"1\"><span style=\"font-weight: 400;\">Difteria, t\u00e9tano e coqueluche<\/span><\/li>\n<li style=\"font-weight: 400;\" aria-level=\"1\"><span style=\"font-weight: 400;\">Poliomielite<\/span><\/li>\n<li style=\"font-weight: 400;\" aria-level=\"1\"><span style=\"font-weight: 400;\">Influenza (gripe)<\/span><\/li>\n<li style=\"font-weight: 400;\" aria-level=\"1\"><span style=\"font-weight: 400;\">Hepatite A<\/span><\/li>\n<\/ul>\n<ul>\n<li style=\"font-weight: 400;\" aria-level=\"1\"><span style=\"font-weight: 400;\">Hepatite B<\/span><\/li>\n<li style=\"font-weight: 400;\" aria-level=\"1\"><span style=\"font-weight: 400;\">Sarampo, caxumba e rub\u00e9ola<\/span><\/li>\n<li style=\"font-weight: 400;\" aria-level=\"1\"><span style=\"font-weight: 400;\">Varicela<\/span><\/li>\n<li style=\"font-weight: 400;\" aria-level=\"1\"><span style=\"font-weight: 400;\">Infec\u00e7\u00f5es por Hib<\/span><\/li>\n<li style=\"font-weight: 400;\" aria-level=\"1\"><span style=\"font-weight: 400;\">Doen\u00e7a Pneumoc\u00f3cica<\/span><\/li>\n<\/ul>\n<ul>\n<li style=\"font-weight: 400;\" aria-level=\"1\"><span style=\"font-weight: 400;\">Meningite C<\/span><\/li>\n<li style=\"font-weight: 400;\" aria-level=\"1\"><span style=\"font-weight: 400;\">Febre amarela<\/span><\/li>\n<li style=\"font-weight: 400;\" aria-level=\"1\"><span style=\"font-weight: 400;\">Rotavirose<\/span><\/li>\n<li style=\"font-weight: 400;\" aria-level=\"1\"><span style=\"font-weight: 400;\">HPV (Papilomav\u00edrus Humano)<\/span><\/li>\n<\/ul>\n<p><span style=\"font-weight: 400;\">No dia 9 de junho \u00e9 celebrado o Dia Mundial da Imuniza\u00e7\u00e3o e a data consta no calend\u00e1rio oficial do Minist\u00e9rio da Sa\u00fade e serve para atentar a popula\u00e7\u00e3o sobre a import\u00e2ncia de se vacinar contra uma s\u00e9rie de doen\u00e7as. Todas as crian\u00e7as podem e devem ser vacinadas gratuitamente contra pelo menos 10 tipos de doen\u00e7as em postos de sa\u00fade distribu\u00eddos por todo o Brasil.<\/span><\/p>\n","protected":false},"excerpt":{"rendered":"<p>Pensar em vacina\u00e7\u00e3o, de forma hist\u00f3rica, \u00e9 pensar um avan\u00e7o significativo na preven\u00e7\u00e3o de doen\u00e7as e qualidade de vida das pessoas. O primeiro registro da utiliza\u00e7\u00e3o do termo foi feito no s\u00e9culo 18, em 1798, na Inglaterra, pelo m\u00e9dico e cientista Edward Jenner.\u00a0 Antes disso, entretanto, na China do s\u00e9culo 10, um procedimento surgia como<\/p>\n","protected":false},"author":26,"featured_media":30791,"comment_status":"open","ping_status":"open","sticky":false,"template":"","format":"standard","meta":{"footnotes":""},"categories":[],"tags":[],"class_list":["post-30790","post","type-post","status-publish","format-standard","has-post-thumbnail"],"aioseo_notices":[],"amp_enabled":true,"_links":{"self":[{"href":"https:\/\/dentalpress.com.br\/portal\/wp-json\/wp\/v2\/posts\/30790","targetHints":{"allow":["GET"]}}],"collection":[{"href":"https:\/\/dentalpress.com.br\/portal\/wp-json\/wp\/v2\/posts"}],"about":[{"href":"https:\/\/dentalpress.com.br\/portal\/wp-json\/wp\/v2\/types\/post"}],"author":[{"embeddable":true,"href":"https:\/\/dentalpress.com.br\/portal\/wp-json\/wp\/v2\/users\/26"}],"replies":[{"embeddable":true,"href":"https:\/\/dentalpress.com.br\/portal\/wp-json\/wp\/v2\/comments?post=30790"}],"version-history":[{"count":0,"href":"https:\/\/dentalpress.com.br\/portal\/wp-json\/wp\/v2\/posts\/30790\/revisions"}],"wp:featuredmedia":[{"embeddable":true,"href":"https:\/\/dentalpress.com.br\/portal\/wp-json\/wp\/v2\/media\/30791"}],"wp:attachment":[{"href":"https:\/\/dentalpress.com.br\/portal\/wp-json\/wp\/v2\/media?parent=30790"}],"wp:term":[{"taxonomy":"category","embeddable":true,"href":"https:\/\/dentalpress.com.br\/portal\/wp-json\/wp\/v2\/categories?post=30790"},{"taxonomy":"post_tag","embeddable":true,"href":"https:\/\/dentalpress.com.br\/portal\/wp-json\/wp\/v2\/tags?post=30790"}],"curies":[{"name":"wp","href":"https:\/\/api.w.org\/{rel}","templated":true}]}}