{"id":30479,"date":"2021-05-21T17:56:21","date_gmt":"2021-05-21T20:56:21","guid":{"rendered":"https:\/\/www.dentalpress.com.br\/portal\/?p=30479"},"modified":"2021-05-21T17:56:21","modified_gmt":"2021-05-21T20:56:21","slug":"odontologia-em-luto-morre-prof-dr-carlos-eduardo-francischone","status":"publish","type":"post","link":"https:\/\/dentalpress.com.br\/portal\/odontologia-em-luto-morre-prof-dr-carlos-eduardo-francischone\/","title":{"rendered":"Odontologia em luto: morre Prof. Dr. Carlos Eduardo Francischone"},"content":{"rendered":"<p>Faleceu na manh\u00e3 desta sexta-feira (21), o Prof. Dr. Carlos Eduardo Francischone, v\u00edtima de um linfoma.\u00a0 Natural da cidade de Dois C\u00f3rregos, no interior de S\u00e3o Paulo, o Prof. Francischone \u2014 como era mais conhecido \u2014 graduou-se pela Faculdade de Odontologia de Bauru\u2013USP, onde foi Professor Titular por m\u00e9ritos, reconhecimento e compet\u00eancia.<\/p>\n<p>Tornou-se membro efetivo da Academia Brasileira de Odontologia por seus feitos como pesquisador e autor de v\u00e1rios livros. Formou mais de 80 mestres e doutores, recebendo orientandos de v\u00e1rios estados do Brasil, de pa\u00edses da Am\u00e9rica Latina, bem como dos continentes europeu e africano.<\/p>\n<p>Diante da triste not\u00edcia da morte do ex\u00edmio professor e pesquisador, a odontologia amanheceu de luto. Uma s\u00e9rie de professores e pesquisadores deram suas condol\u00eancias e externaram as suas sinceras homenagens a um dos mais importantes pesquisadores da odontologia brasileira.<\/p>\n<p>\u201cRaros os Odont\u00f3logos como ele. Profundo conhecedor de periodontia, dent\u00edstica, implante e pr\u00f3tese. Carreira acad\u00eamica irrepreens\u00edvel, orientou in\u00fameros Mestrandos e Doutorandos. Publicou centenas de artigos cient\u00edficos e livros de sucesso que s\u00e3o refer\u00eancia at\u00e9 hoje. Pioneiro na <a href=\"https:\/\/dentalpress.com.br\/portal\/excelencia-em-implantodontia-2\/\">implantodontia<\/a> brasileira. Querido por todos. Deixar\u00e1 muitas saudades&#8221; disse o <strong>Prof. Dr. Laurindo Zanco Furquim<\/strong>, publisher e fundador da Editora Dental Press.<\/p>\n<p>Al\u00e9m de se dedicar \u00e0 fam\u00edlia e a profiss\u00e3o, Ado, como era tamb\u00e9m conhecido tinha nas artes a fonte de lazer, sobretudo na m\u00fasica, como maestro e pianista, conforme recorda o <strong>Prof. Dr. Alberto Consolaro<\/strong> &#8211; docente da mesma institui\u00e7\u00e3o em que Franciscone lecionava.<\/p>\n<p>&#8220;Ado era um professor aberto \u00e0 cultura, dedicava-se \u00e0 ci\u00eancia na odontologia e \u00e0s artes, especiamente \u00e0 m\u00fasica, como maestro e pianista. Ele gostava de discutir sobre a vida e os modos de se lev\u00e1-la!\u00a0 Percebeu muito cedo que existe vida al\u00e9m da profiss\u00e3o e que ela n\u00e3o cabia dentro de um curr\u00edculo Lattes. Um amigo incr\u00edvel e leal, vai fazer muita falta \u00e0 fam\u00edlia e \u00e0queles com quem ele se relacionava!&#8221;, disse Consolaro.<\/p>\n<p><strong><em>Confira alguns depoimentos enviados \u00e0 Dental Press, em homenagem ao Prof. Dr. Carlos Eduardo Francischone:<\/em><\/strong><\/p>\n<p>&#8220;Hoje partiu um grande amigo, professor, exemplo como marido da Ana e como pai de uma fam\u00edlia sensacional. UM DOS MELHORES <a href=\"https:\/\/dentalpress.com.br\/portal\/reforma-tributaria-impacta-dentistas-e-pacientes-com-custos\/\">DENTISTA<\/a> QUE O BRASIL TEVE. Era completo. Fazia tudo de tudo bem: Endo, Perio, Dent\u00edstica, <a href=\"https:\/\/dentalpress.com.br\/portal\/especializacao-em-protese-2\/\">Protese<\/a> e Implente. Um mentor e exemplo como ser humano! Ado, como cham\u00e1vamos com carinho &#8211; seus amigos e alunos -, foi meu bra\u00e7o direito e um guia profissional. Foi respons\u00e1vel por muitos dos caminhos que seguimos no ensino da odontologia. Agora, n\u00e3o estar\u00e1 mais comigo e entre n\u00f3s!<\/p>\n<p>Vamos sentir sua falta e de tudo que ele ia escrever e produzir ! Que nosso senhor o receba e cuide! Descanse em paz, querido Ado (borboleta &#8211; para os colegas de departamento &#8211; porque n\u00e3o parava um s\u00f3 instante). A maior, virtude al\u00e9m do legado profissional &#8211; que deixou marcado para todos colegas de Departamento,alunos e seguidores -, foi sua honestidade cient\u00edfica, gratid\u00e3o, lealdade e fidelidade com todos indistintamente.&#8221; &#8211; <strong>Jos\u00e9 Mondelli.<\/strong><\/p>\n<p>&#8220;O Dr. Francischone, nosso amigo Ado, j\u00e1 est\u00e1 fazendo muita falta. Gostaria de destacar uma das suas muitas virtudes: a sua satisfa\u00e7\u00e3o de acompanhar a evolu\u00e7\u00e3o pessoal e profissional dos seus ex-alunos e amigos! Por mais de 20 anos estreitamos a nossa amizade e relacionamento profissional. Muita gratid\u00e3o ao Ado e que descanse em Paz!&#8221; &#8211;\u00a0 <strong>Gl\u00e9cio Vaz de Campos.<\/strong><\/p>\n<p>Leia a entrevista completa do Dr. Carlos Eduardo Fransichone concedida \u00e0 Dental Press, <a href=\"https:\/\/www.dentalpress.com.br\/portal\/entrevista-com-carlos-eduardo-francischone\/\">aqui<\/a>.<\/p>\n<p>Assista ao Drops com o Dr. Francischone na Dental Press, <a href=\"https:\/\/www.youtube.com\/watch?v=y7giBstZtrE\">aqui<\/a>.<\/p>\n","protected":false},"excerpt":{"rendered":"<p>Faleceu na manh\u00e3 desta sexta-feira (21), o Prof. Dr. Carlos Eduardo Francischone, v\u00edtima de um linfoma.\u00a0 Natural da cidade de Dois C\u00f3rregos, no interior de S\u00e3o Paulo, o Prof. Francischone \u2014 como era mais conhecido \u2014 graduou-se pela Faculdade de Odontologia de Bauru\u2013USP, onde foi Professor Titular por m\u00e9ritos, reconhecimento e compet\u00eancia. Tornou-se membro efetivo<\/p>\n","protected":false},"author":26,"featured_media":30480,"comment_status":"open","ping_status":"open","sticky":false,"template":"","format":"standard","meta":{"footnotes":""},"categories":[],"tags":[],"class_list":["post-30479","post","type-post","status-publish","format-standard","has-post-thumbnail"],"aioseo_notices":[],"amp_enabled":true,"_links":{"self":[{"href":"https:\/\/dentalpress.com.br\/portal\/wp-json\/wp\/v2\/posts\/30479","targetHints":{"allow":["GET"]}}],"collection":[{"href":"https:\/\/dentalpress.com.br\/portal\/wp-json\/wp\/v2\/posts"}],"about":[{"href":"https:\/\/dentalpress.com.br\/portal\/wp-json\/wp\/v2\/types\/post"}],"author":[{"embeddable":true,"href":"https:\/\/dentalpress.com.br\/portal\/wp-json\/wp\/v2\/users\/26"}],"replies":[{"embeddable":true,"href":"https:\/\/dentalpress.com.br\/portal\/wp-json\/wp\/v2\/comments?post=30479"}],"version-history":[{"count":0,"href":"https:\/\/dentalpress.com.br\/portal\/wp-json\/wp\/v2\/posts\/30479\/revisions"}],"wp:featuredmedia":[{"embeddable":true,"href":"https:\/\/dentalpress.com.br\/portal\/wp-json\/wp\/v2\/media\/30480"}],"wp:attachment":[{"href":"https:\/\/dentalpress.com.br\/portal\/wp-json\/wp\/v2\/media?parent=30479"}],"wp:term":[{"taxonomy":"category","embeddable":true,"href":"https:\/\/dentalpress.com.br\/portal\/wp-json\/wp\/v2\/categories?post=30479"},{"taxonomy":"post_tag","embeddable":true,"href":"https:\/\/dentalpress.com.br\/portal\/wp-json\/wp\/v2\/tags?post=30479"}],"curies":[{"name":"wp","href":"https:\/\/api.w.org\/{rel}","templated":true}]}}