{"id":30362,"date":"2021-04-23T11:16:16","date_gmt":"2021-04-23T14:16:16","guid":{"rendered":"https:\/\/www.dentalpress.com.br\/portal\/?p=30362"},"modified":"2021-04-23T11:16:57","modified_gmt":"2021-04-23T14:16:57","slug":"secretarias-de-saude-relatam-deficit-de-vacinas-para-profissionais-da-saude-pelo-pni","status":"publish","type":"post","link":"https:\/\/dentalpress.com.br\/portal\/secretarias-de-saude-relatam-deficit-de-vacinas-para-profissionais-da-saude-pelo-pni\/","title":{"rendered":"Secretarias de Sa\u00fade relatam d\u00e9ficit de vacinas para Profissionais da Sa\u00fade, pelo PNI"},"content":{"rendered":"<p><span style=\"font-weight: 400;\">\u00c9 dif\u00edcil de entender o PNL (Plano Nacional de Imuniza\u00e7\u00e3o) da Covid-19 proposto pelo governo federal e que \u00e9 executado pelos Estados e Munic\u00edpios. Cada cidade tem um n\u00famero espec\u00edfico de idosos e profissionais da sa\u00fade e recebem &#8211; ou receberam &#8211; as doses, de acordo com um registro hist\u00f3rico, que h\u00e1 no Minist\u00e9rio da Sa\u00fade, do perfil et\u00e1rio de cada munic\u00edpio e trabalhadores ativos na sa\u00fade.<\/span><\/p>\n<p><span style=\"font-weight: 400;\">Em algumas cidades, profissionais rec\u00e9m-formados &#8211; ou ainda na gradua\u00e7\u00e3o -, j\u00e1 receberam a vacina, enquanto em outras, profissionais com mais experi\u00eancia ainda n\u00e3o foram imunizados. As distor\u00e7\u00f5es podem acontecer por diversos fatores &#8211; a n\u00e3o atualiza\u00e7\u00e3o dos registros da Sa\u00fade, aumento no n\u00famero de profissionais devido a pandemia, entre outros.\u00a0<\/span><\/p>\n<p><span style=\"font-weight: 400;\">Em Maring\u00e1 (PR), por exemplo, a disparidade dos n\u00fameros chamou a aten\u00e7\u00e3o, n\u00e3o somente dos profissionais da sa\u00fade, mas tamb\u00e9m da C\u00e2mara dos Vereadores, Secretaria Municipal de Sa\u00fade e at\u00e9 da Secretaria de Estado da Sa\u00fade. Acontece que o munic\u00edpio estima ter 17 mil trabalhadores da sa\u00fade. O Minist\u00e9rio da Sa\u00fade, entretanto, enviou o suficiente para imunizar pouco mais de 15 mil trabalhadores.<\/span><\/p>\n<p><span style=\"font-weight: 400;\">\u201cQuando o Minist\u00e9rio da Sa\u00fade estabelece esses n\u00fameros, faz isso a partir de dados de anos anteriores. Acontece que no \u00faltimo relat\u00f3rio, da 13\u00aa Pauta de Distribui\u00e7\u00e3o, o minist\u00e9rio alega que na \u00faltima remessa enviada para Maring\u00e1, foram completados 100% dos trabalhadores de sa\u00fade. A vacina\u00e7\u00e3o, aqui, parou em 41 anos! Abaixo disso nenhum profissional de sa\u00fade foi vacinado. E eles est\u00e3o em situa\u00e7\u00e3o de risco\u201d, destacou o vereador Sidnei Teles (Avante).<\/span><\/p>\n<p><span style=\"font-weight: 400;\">De fato, as pautas de distribui\u00e7\u00e3o j\u00e1 causam estranheza h\u00e1 algum tempo em diversos setores da administra\u00e7\u00e3o municipal. J\u00e1 nas 11\u00aa e 12\u00aa pautas de distribui\u00e7\u00e3o era poss\u00edvel verificar que o n\u00famero apresentado pela uni\u00e3o &#8211; cerca de 97% de vacinados, nos dois casos -n\u00e3o se conferia na realidade. No dia 15 de abril, portanto, o munic\u00edpio junto a 15\u00aa Regional de Sa\u00fade e Secretaria de Estado da Sa\u00fade, solicitaram mais doses para o Minist\u00e9rio da Sa\u00fade.<\/span><\/p>\n<p><span style=\"font-weight: 400;\">&#8220;Respeitando o escalonamento da vacina\u00e7\u00e3o, os trabalhadores da sa\u00fade est\u00e3o sendo vacinados de acordo com a atua\u00e7\u00e3o na linha de frente da Covid-19 e pela idade. Pelo CNES [Cadastro Nacional de Estabelecimentos de Sa\u00fade] do Minist\u00e9rio da Sa\u00fade, faltam apenas 3% de profissionais da sa\u00fade para serem vacinados. Assim, o Minist\u00e9rio deve enviar cerca de 450 doses para este p\u00fablico. Ou seja, vai faltar vacina para os profissionais de sa\u00fade ainda n\u00e3o imunizados\u201d, disse a prefeitura de Maring\u00e1.<\/span><\/p>\n<p><strong>Solu\u00e7\u00e3o<br \/>\n<\/strong><span style=\"font-weight: 400;\">Al\u00e9m do d\u00e9ficit no n\u00famero total de profissionais da sa\u00fade, houve ainda a inclus\u00e3o de estudantes de medicina para esta fase de vacina\u00e7\u00e3o. Maring\u00e1 tem tr\u00eas <a href=\"https:\/\/dentalpress.com.br\/portal\/especializacao-em-implantodontia-transforme-sua-carreira-com-precisao-e-seguranca\/\">cursos<\/a> de medicina, o que geraria mais uma alta demanda. O n\u00famero de doses, entretanto, n\u00e3o foi reajustado.<\/span><\/p>\n<p><span style=\"font-weight: 400;\">Desta forma, o diretor da 15\u00aa Regional de Sa\u00fade, Ederlei Alkamim, solicitou novos repasses das vacinas para a macrorregi\u00e3o de Maring\u00e1. Somente o munic\u00edpio fez a solicita\u00e7\u00e3o de um incremento de 9 mil doses (necess\u00e1rias para vacinar 4,5 mil profissionais). Al\u00e9m das doses, na pr\u00f3xima segunda-feira, a cidade deve lan\u00e7ar a a\u00e7\u00e3o conta-gotas.<\/span><\/p>\n<p><span style=\"font-weight: 400;\">\u201cN\u00f3s conversamos com o secret\u00e1rio de Sa\u00fade de Maring\u00e1 e optamos em promover essa estrat\u00e9gia. Um exemplo: em um vidro h\u00e1 10 doses, ao fim do expediente de vacina\u00e7\u00e3o, sobraram tr\u00eas. Dentro do plano de grupos priorit\u00e1rios dos profissionais da sa\u00fade, iremos aplicar essas doses remanescentes para agilizar o processo. Desta forma, conseguiremos vacinar alguns dos profissionais que faltaram. N\u00e3o vai resolver o problema, mas aquele m\u00e9dico, enfermeiro ou <a href=\"https:\/\/dentalpress.com.br\/portal\/reforma-tributaria-impacta-dentistas-e-pacientes-com-custos\/\">dentista<\/a> que est\u00e1 em contato direto com o paciente no atendimento, receber\u00e1 dose. Para se ter ideia, em Maring\u00e1, ainda restam ao menos 500 dentistas para serem vacinados\u201d, explicou Alkamim.<\/span><\/p>\n<p><span style=\"font-weight: 400;\">Como o minist\u00e9rio utiliza os dados da campanha da Influenza, houve distor\u00e7\u00f5es significativas no n\u00famero, j\u00e1 que o perfil de vacina\u00e7\u00e3o \u00e9 diferente, conforme explicou o diretor da 15\u00aa Regional de Sa\u00fade do Paran\u00e1. Al\u00e9m disso, muitos profissionais migraram de cidades menores da regi\u00e3o para atender em Maring\u00e1.<\/span><\/p>\n<p><span style=\"font-weight: 400;\">\u201cIsso aconteceu em todas as cidades de m\u00e9dio e grande porte. Em Curitiba, por exemplo, faltam 20 mil vacinas para esse p\u00fablico. Houver uma reclama\u00e7\u00e3o geral dessa situa\u00e7\u00e3o dos profissionais de sa\u00fade. O Minist\u00e9rio pediu um levantamento para os Estados, para que fosse justificado esse levantamento de novas doses\u201d, ressaltou Alkamin.<\/span><\/p>\n<p><span style=\"font-weight: 400;\">O levantamento geral das Secretarias Municipais de Sa\u00fade do Paran\u00e1, deve ser conclu\u00eddo nesta sexta-feira (23). Os n\u00fameros ser\u00e3o repassados para a Secretaria de Estado da Sa\u00fade, que far\u00e1 nova an\u00e1lise dos n\u00fameros e, em seguida, cobrar uma atualiza\u00e7\u00e3o das doses para o Governo Federal.<\/span><\/p>\n","protected":false},"excerpt":{"rendered":"<p>\u00c9 dif\u00edcil de entender o PNL (Plano Nacional de Imuniza\u00e7\u00e3o) da Covid-19 proposto pelo governo federal e que \u00e9 executado pelos Estados e Munic\u00edpios. Cada cidade tem um n\u00famero espec\u00edfico de idosos e profissionais da sa\u00fade e recebem &#8211; ou receberam &#8211; as doses, de acordo com um registro hist\u00f3rico, que h\u00e1 no Minist\u00e9rio da<\/p>\n","protected":false},"author":26,"featured_media":30363,"comment_status":"open","ping_status":"open","sticky":false,"template":"","format":"standard","meta":{"footnotes":""},"categories":[],"tags":[],"class_list":["post-30362","post","type-post","status-publish","format-standard","has-post-thumbnail"],"aioseo_notices":[],"amp_enabled":true,"_links":{"self":[{"href":"https:\/\/dentalpress.com.br\/portal\/wp-json\/wp\/v2\/posts\/30362","targetHints":{"allow":["GET"]}}],"collection":[{"href":"https:\/\/dentalpress.com.br\/portal\/wp-json\/wp\/v2\/posts"}],"about":[{"href":"https:\/\/dentalpress.com.br\/portal\/wp-json\/wp\/v2\/types\/post"}],"author":[{"embeddable":true,"href":"https:\/\/dentalpress.com.br\/portal\/wp-json\/wp\/v2\/users\/26"}],"replies":[{"embeddable":true,"href":"https:\/\/dentalpress.com.br\/portal\/wp-json\/wp\/v2\/comments?post=30362"}],"version-history":[{"count":0,"href":"https:\/\/dentalpress.com.br\/portal\/wp-json\/wp\/v2\/posts\/30362\/revisions"}],"wp:featuredmedia":[{"embeddable":true,"href":"https:\/\/dentalpress.com.br\/portal\/wp-json\/wp\/v2\/media\/30363"}],"wp:attachment":[{"href":"https:\/\/dentalpress.com.br\/portal\/wp-json\/wp\/v2\/media?parent=30362"}],"wp:term":[{"taxonomy":"category","embeddable":true,"href":"https:\/\/dentalpress.com.br\/portal\/wp-json\/wp\/v2\/categories?post=30362"},{"taxonomy":"post_tag","embeddable":true,"href":"https:\/\/dentalpress.com.br\/portal\/wp-json\/wp\/v2\/tags?post=30362"}],"curies":[{"name":"wp","href":"https:\/\/api.w.org\/{rel}","templated":true}]}}