{"id":30064,"date":"2021-03-20T09:30:48","date_gmt":"2021-03-20T12:30:48","guid":{"rendered":"https:\/\/www.dentalpress.com.br\/portal\/?p=30064"},"modified":"2021-03-19T17:12:00","modified_gmt":"2021-03-19T20:12:00","slug":"dia-munidal-da-saube-bucal-por-um-sorriso-saudavel-e-historias-felizes","status":"publish","type":"post","link":"https:\/\/dentalpress.com.br\/portal\/dia-munidal-da-saube-bucal-por-um-sorriso-saudavel-e-historias-felizes\/","title":{"rendered":"Dia Munidal da Sa\u00fabe Bucal: Por um sorriso saud\u00e1vel e hist\u00f3rias felizes"},"content":{"rendered":"<p>O Dia Mundial da Sa\u00fade Bucal foi institu\u00eddo pela FDI (Federa\u00e7\u00e3o Dent\u00e1ria Internacional), com o objetivo de promover a\u00e7\u00f5es de conscientiza\u00e7\u00e3o da higiene bucal com o foco na diminui\u00e7\u00e3o dos \u00edndices de c\u00e1ries, doen\u00e7as periodontais e tamb\u00e9m da perda de <a href=\"https:\/\/dentalpress.com.br\/portal\/curso-de-aperfeicoamento-em-cirurgia-de-dentes-retidos\/\">dentes<\/a>. A\u00e7\u00f5es de promo\u00e7\u00e3o sa\u00fade bucal s\u00e3o feitas ao redor de todo o globo com instru\u00e7\u00f5es e orienta\u00e7\u00f5es de profissionais de todo o planeta.<\/p>\n<p>Uma pesquisa divulgada pela ACFF (Alian\u00e7a para um Futuro Livre de C\u00e1rie) revela que 100% dos adultos do mundo t\u00eam ou j\u00e1 tiveram c\u00e1ries. Mais do que isso: cerca de 600 milh\u00f5es de crian\u00e7as (60 a 90% do total de crian\u00e7as no mundo, ou o equivalente a 7,7% da popula\u00e7\u00e3o mundial) sofre da doen\u00e7a. Outra doen\u00e7a que tem como foco de enfrentamento no Dia Mundial da Sa\u00fade Bucal s\u00e3o as doen\u00e7as periodontais, descritas na pesquisa como a segunda mais prevalente na popula\u00e7\u00e3o mundial.<\/p>\n<p>A odontologia brasileira figura entre as melhores do mundo em diversos rankings de universidades.\u00a0 Embora a tecnologia dispon\u00edvel na odontologia facilite os diagn\u00f3sticos e tratamentos, nem sempre a assist\u00eancia odontol\u00f3gica \u00e9 uma realidade \u00e0 popula\u00e7\u00e3o em geral. Isso se verifica, inclusive, em depoimentos dados pelo Dr. Felipe Rossi, na editoria &#8220;Boas A\u00e7\u00f5es Geram Sorrisos&#8221;, em que ele narra alguns de seus trabalhos para a ONG por1sorriso.<\/p>\n<p>&#8220;Tanto se fala sobre dentes e sua anatomia, canais radiculares e classifica\u00e7\u00f5es, mas pouco se fala sobre o &#8216;sorrir&#8217;, sobre uma humaniza\u00e7\u00e3o na Odontologia&#8221;, disse o <a href=\"https:\/\/dentalpress.com.br\/portal\/reforma-tributaria-impacta-dentistas-e-pacientes-com-custos\/\">dentista<\/a> na coluna da edi\u00e7\u00e3o v16n2, da Revista de Est\u00e9tica Dental Press (Journal of Clinical Dentistry and Research). Na ocasi\u00e3o, Rossi falava sobre sua visita para trabalho volunt\u00e1rio em Macurur\u00e9 (BA).<\/p>\n<p>Para fazer o trabalho volunt\u00e1rio, Rossi teve que se deslocar at\u00e9 Salvador (BA) e depois percorrer mais nove horas de \u00f4nibus at\u00e9 chegar ao pequeno munic\u00edpio, com menos de 10 mil habitantes, no norte da Bahia &#8211; quase na divisa com o Pernambuco. A cidade fica a mais de 700 km da capital baiana.<\/p>\n<p>&#8220;Segundo dia de atendimento, escola municipal lotada de pessoas buscando atendimento para suas queixas odontol\u00f3gicas. Estava andando no meio dessa multid\u00e3o, esperando que algu\u00e9m jovem passasse na \u00e1rea dos atendimentos, pensando que: visto que as defici\u00eancias est\u00e9ticas anteriores repercutem no desenvolvimento social e pessoal durante toda a vida, se fosse em um jovem ou crian\u00e7a, sua perspectiva de vida seria muito pior&#8221;, relatou o volunt\u00e1rio.<\/p>\n<p>Na ocasi\u00e3o, Felipe Rossi conheceu Edna &#8211; uma jovem de 15 anos. Segundo ele, era um <a href=\"https:\/\/dentalpress.com.br\/portal\/imersao-em-correcao-de-sorriso-gengival\/\">sorriso<\/a> abafado, pelas m\u00e3os que constantemente cobriam a boca. A conec\u00e7\u00e3o foi instant\u00e2nea. Poucos momentos depois, a jovem j\u00e1 estava na cadeira de Rossi para receber alguns dos tratamentos necess\u00e1rios.<\/p>\n<p>&#8220;Foi uma conex\u00e3o t\u00e3o r\u00e1pida, bem diferente da destrui\u00e7\u00e3o em sua boca, provavelmente lenta, ano ap\u00f3s ano. Fiquei bem triste ao ver aquilo. Apesar de acostumado, sempre sinto \u2014 e muito. Fizemos tudo para devolver sua sa\u00fade bucal no primeiro dia, mas ela teria que voltar para continuarmos. Ela morava t\u00e3o longe que, para n\u00e3o perder a vaga no dia seguinte, dormiu ao lado da escola, na casa de uma pessoa que n\u00e3o a conhecia. Quanto menos voc\u00ea tem, mais voc\u00ea d\u00e1. Todos se ajudam&#8221;, contou Rossi.<\/p>\n<p>No segundo dia de tratamento, segundo Rossi, foram restaura\u00e7\u00f5es de anteriores e posteriores, in\u00fameros dentes, tr\u00eas endos e quatro extra\u00e7\u00f5es de molares destru\u00eddos por c\u00e1rie. Aos poucos, disse o volunt\u00e1rio, o sorriso voltava a aparecer. Foi ent\u00e3o que Edna come\u00e7ou a contar um pouco de sua vida a partir dos pr\u00f3prios dentes e sua hist\u00f3ria. A vergonha e o esfor\u00e7o da m\u00e3e e da tia &#8211; sem condi\u00e7\u00f5es financeiras -, mostrando para ela que mais importante do que seu sorriso era seu cora\u00e7\u00e3o. A necessidade de ela precisava sair de casa,\u00a0 ir para a escola e enfrentar o bullying.<\/p>\n<p>&#8220;Uma menina de 15 anos e j\u00e1 enfrentava tudo aquilo! Eu n\u00e3o imaginava&#8230; Nunca vou me esquecer desse momento: eu, sentado ao lado daquela cena. Chorei demais, vendo essa jovem tamb\u00e9m chorando muito, em frente \u00e0 c\u00e2mera e ao nosso cinegrafista, contando sua <a href=\"https:\/\/dentalpress.com.br\/portal\/curso-de-aperfeicoamento-em-dtm-dor-orofacial-e-apneia-do-sono\/\">dor<\/a> at\u00e9 aquele dia&#8221;, lamentou o volunt\u00e1rio.<\/p>\n<p>O Dia Mundial da Sa\u00fade Bucal \u00e9 um tempo de conscientiza\u00e7\u00e3o, n\u00e3o s\u00f3 aos pacientes, mas, tamb\u00e9m &#8211; como relatou Felipe Rossi -, de reflex\u00e3o dos profissionais da aula. &#8220;A sociedade \u00e9 uma escola disso, pela qual todos devemos passar. N\u00e3o apenas pelo aprendizado, mas tamb\u00e9m porque devolver para a sociedade as oportunidades que tivemos \u00e9 justo e honesto&#8221;, ponderou logo no in\u00edcio do artigo.<\/p>\n","protected":false},"excerpt":{"rendered":"<p>O Dia Mundial da Sa\u00fade Bucal foi institu\u00eddo pela FDI (Federa\u00e7\u00e3o Dent\u00e1ria Internacional), com o objetivo de promover a\u00e7\u00f5es de conscientiza\u00e7\u00e3o da higiene bucal com o foco na diminui\u00e7\u00e3o dos \u00edndices de c\u00e1ries, doen\u00e7as periodontais e tamb\u00e9m da perda de dentes. A\u00e7\u00f5es de promo\u00e7\u00e3o sa\u00fade bucal s\u00e3o feitas ao redor de todo o globo com<\/p>\n","protected":false},"author":26,"featured_media":30065,"comment_status":"open","ping_status":"open","sticky":false,"template":"","format":"standard","meta":{"footnotes":""},"categories":[],"tags":[],"class_list":["post-30064","post","type-post","status-publish","format-standard","has-post-thumbnail"],"aioseo_notices":[],"amp_enabled":true,"_links":{"self":[{"href":"https:\/\/dentalpress.com.br\/portal\/wp-json\/wp\/v2\/posts\/30064","targetHints":{"allow":["GET"]}}],"collection":[{"href":"https:\/\/dentalpress.com.br\/portal\/wp-json\/wp\/v2\/posts"}],"about":[{"href":"https:\/\/dentalpress.com.br\/portal\/wp-json\/wp\/v2\/types\/post"}],"author":[{"embeddable":true,"href":"https:\/\/dentalpress.com.br\/portal\/wp-json\/wp\/v2\/users\/26"}],"replies":[{"embeddable":true,"href":"https:\/\/dentalpress.com.br\/portal\/wp-json\/wp\/v2\/comments?post=30064"}],"version-history":[{"count":0,"href":"https:\/\/dentalpress.com.br\/portal\/wp-json\/wp\/v2\/posts\/30064\/revisions"}],"wp:featuredmedia":[{"embeddable":true,"href":"https:\/\/dentalpress.com.br\/portal\/wp-json\/wp\/v2\/media\/30065"}],"wp:attachment":[{"href":"https:\/\/dentalpress.com.br\/portal\/wp-json\/wp\/v2\/media?parent=30064"}],"wp:term":[{"taxonomy":"category","embeddable":true,"href":"https:\/\/dentalpress.com.br\/portal\/wp-json\/wp\/v2\/categories?post=30064"},{"taxonomy":"post_tag","embeddable":true,"href":"https:\/\/dentalpress.com.br\/portal\/wp-json\/wp\/v2\/tags?post=30064"}],"curies":[{"name":"wp","href":"https:\/\/api.w.org\/{rel}","templated":true}]}}