{"id":30009,"date":"2021-03-03T08:00:12","date_gmt":"2021-03-03T11:00:12","guid":{"rendered":"https:\/\/www.dentalpress.com.br\/portal\/?p=30009"},"modified":"2021-03-08T08:45:39","modified_gmt":"2021-03-08T11:45:39","slug":"caso-clinico-hipersensibilidade-dentinaria-e-prevencao-da-desmineralizacao","status":"publish","type":"post","link":"https:\/\/dentalpress.com.br\/portal\/caso-clinico-hipersensibilidade-dentinaria-e-prevencao-da-desmineralizacao\/","title":{"rendered":"Caso cl\u00ednico &#8211; Hipersensibilidade dentin\u00e1ria e preven\u00e7\u00e3o da desmineraliza\u00e7\u00e3o"},"content":{"rendered":"<p>Paciente, sexo feminino, 30 anos, relatou sensibilidade nos <a href=\"https:\/\/dentalpress.com.br\/portal\/curso-de-aperfeicoamento-em-cirurgia-de-dentes-retidos\/\">dentes<\/a> superiores. Na avalia\u00e7\u00e3o cl\u00ednica, foi constatada exposi\u00e7\u00e3o dentin\u00e1ria na regi\u00e3o cervical.<\/p>\n<p>Foi realizada profilaxia utilizando a pasta\u00a0<a href=\"https:\/\/www.ivoclarvivadent.com.br\/pt-br\/p\/todos\/acessorios\/proxyt\">Proxyt Fine<\/a><em>. \u00a0<\/em>Em seguida, sob isolamento relativo foi aplicado o\u00a0<a href=\"https:\/\/www.ivoclarvivadent.com.br\/pt-br\/p\/dentistas\/fluor-protector-s\">Fl\u00faor Protector S <\/a>sobre as \u00e1reas afetadas com aux\u00edlio de um Vivabrush G<em>.<\/em>\u00a0Ap\u00f3s a evapora\u00e7\u00e3o do solvente, foi poss\u00edvel notar a forma\u00e7\u00e3o de uma fina pel\u00edcula sobre a superf\u00edcie dental. A paciente recebeu instru\u00e7\u00f5es para n\u00e3o se alimentar pela pr\u00f3xima 1 hora.<\/p>\n<p><img fetchpriority=\"high\" decoding=\"async\" class=\"alignnone size-large wp-image-30011\" src=\"https:\/\/dentalpress.com.br\/portal\/wp-content\/uploads\/2021\/03\/WhatsApp-Image-2021-02-25-at-14.31.01-1-1024x576.jpeg\" alt=\"\" width=\"1024\" height=\"576\" srcset=\"\/wp-content\/uploads\/2021\/03\/WhatsApp-Image-2021-02-25-at-14.31.01-1-1024x576.jpeg 1024w, \/wp-content\/uploads\/2021\/03\/WhatsApp-Image-2021-02-25-at-14.31.01-1-300x169.jpeg 300w, \/wp-content\/uploads\/2021\/03\/WhatsApp-Image-2021-02-25-at-14.31.01-1-768x432.jpeg 768w, \/wp-content\/uploads\/2021\/03\/WhatsApp-Image-2021-02-25-at-14.31.01-1-1170x658.jpeg 1170w, \/wp-content\/uploads\/2021\/03\/WhatsApp-Image-2021-02-25-at-14.31.01-1-585x329.jpeg 585w, \/wp-content\/uploads\/2021\/03\/WhatsApp-Image-2021-02-25-at-14.31.01-1.jpeg 1280w\" sizes=\"(max-width: 1024px) 100vw, 1024px\" \/><\/p>\n<p><img decoding=\"async\" class=\"alignnone size-large wp-image-30010\" src=\"https:\/\/dentalpress.com.br\/portal\/wp-content\/uploads\/2021\/03\/WhatsApp-Image-2021-02-25-at-14.31.01-1024x576.jpeg\" alt=\"\" width=\"1024\" height=\"576\" srcset=\"\/wp-content\/uploads\/2021\/03\/WhatsApp-Image-2021-02-25-at-14.31.01-1024x576.jpeg 1024w, \/wp-content\/uploads\/2021\/03\/WhatsApp-Image-2021-02-25-at-14.31.01-300x169.jpeg 300w, \/wp-content\/uploads\/2021\/03\/WhatsApp-Image-2021-02-25-at-14.31.01-768x432.jpeg 768w, \/wp-content\/uploads\/2021\/03\/WhatsApp-Image-2021-02-25-at-14.31.01-1170x658.jpeg 1170w, \/wp-content\/uploads\/2021\/03\/WhatsApp-Image-2021-02-25-at-14.31.01-585x329.jpeg 585w, \/wp-content\/uploads\/2021\/03\/WhatsApp-Image-2021-02-25-at-14.31.01.jpeg 1280w\" sizes=\"(max-width: 1024px) 100vw, 1024px\" \/><\/p>\n<p><img decoding=\"async\" class=\"alignnone size-large wp-image-30012\" src=\"https:\/\/dentalpress.com.br\/portal\/wp-content\/uploads\/2021\/03\/WhatsApp-Image-2021-02-25-at-14.31.02-1024x576.jpeg\" alt=\"\" width=\"1024\" height=\"576\" srcset=\"\/wp-content\/uploads\/2021\/03\/WhatsApp-Image-2021-02-25-at-14.31.02-1024x576.jpeg 1024w, \/wp-content\/uploads\/2021\/03\/WhatsApp-Image-2021-02-25-at-14.31.02-300x169.jpeg 300w, \/wp-content\/uploads\/2021\/03\/WhatsApp-Image-2021-02-25-at-14.31.02-768x432.jpeg 768w, \/wp-content\/uploads\/2021\/03\/WhatsApp-Image-2021-02-25-at-14.31.02-1170x658.jpeg 1170w, \/wp-content\/uploads\/2021\/03\/WhatsApp-Image-2021-02-25-at-14.31.02-585x329.jpeg 585w, \/wp-content\/uploads\/2021\/03\/WhatsApp-Image-2021-02-25-at-14.31.02.jpeg 1280w\" sizes=\"(max-width: 1024px) 100vw, 1024px\" \/><\/p>\n<p><img loading=\"lazy\" decoding=\"async\" class=\"alignnone size-large wp-image-30013\" src=\"https:\/\/dentalpress.com.br\/portal\/wp-content\/uploads\/2021\/03\/WhatsApp-Image-2021-02-25-at-14.31.02-1-1024x576.jpeg\" alt=\"\" width=\"1024\" height=\"576\" srcset=\"\/wp-content\/uploads\/2021\/03\/WhatsApp-Image-2021-02-25-at-14.31.02-1-1024x576.jpeg 1024w, \/wp-content\/uploads\/2021\/03\/WhatsApp-Image-2021-02-25-at-14.31.02-1-300x169.jpeg 300w, \/wp-content\/uploads\/2021\/03\/WhatsApp-Image-2021-02-25-at-14.31.02-1-768x432.jpeg 768w, \/wp-content\/uploads\/2021\/03\/WhatsApp-Image-2021-02-25-at-14.31.02-1-1170x658.jpeg 1170w, \/wp-content\/uploads\/2021\/03\/WhatsApp-Image-2021-02-25-at-14.31.02-1-585x329.jpeg 585w, \/wp-content\/uploads\/2021\/03\/WhatsApp-Image-2021-02-25-at-14.31.02-1.jpeg 1280w\" sizes=\"(max-width: 1024px) 100vw, 1024px\" \/><\/p>\n<p><img loading=\"lazy\" decoding=\"async\" class=\"alignnone size-large wp-image-30014\" src=\"https:\/\/dentalpress.com.br\/portal\/wp-content\/uploads\/2021\/03\/WhatsApp-Image-2021-02-25-at-14.31.02-2-1024x576.jpeg\" alt=\"\" width=\"1024\" height=\"576\" srcset=\"\/wp-content\/uploads\/2021\/03\/WhatsApp-Image-2021-02-25-at-14.31.02-2-1024x576.jpeg 1024w, \/wp-content\/uploads\/2021\/03\/WhatsApp-Image-2021-02-25-at-14.31.02-2-300x169.jpeg 300w, \/wp-content\/uploads\/2021\/03\/WhatsApp-Image-2021-02-25-at-14.31.02-2-768x432.jpeg 768w, \/wp-content\/uploads\/2021\/03\/WhatsApp-Image-2021-02-25-at-14.31.02-2-1170x658.jpeg 1170w, \/wp-content\/uploads\/2021\/03\/WhatsApp-Image-2021-02-25-at-14.31.02-2-585x329.jpeg 585w, \/wp-content\/uploads\/2021\/03\/WhatsApp-Image-2021-02-25-at-14.31.02-2.jpeg 1280w\" sizes=\"(max-width: 1024px) 100vw, 1024px\" \/><\/p>\n<p><img loading=\"lazy\" decoding=\"async\" class=\"alignnone size-large wp-image-30015\" src=\"https:\/\/dentalpress.com.br\/portal\/wp-content\/uploads\/2021\/03\/WhatsApp-Image-2021-02-25-at-14.31.03-1024x576.jpeg\" alt=\"\" width=\"1024\" height=\"576\" srcset=\"\/wp-content\/uploads\/2021\/03\/WhatsApp-Image-2021-02-25-at-14.31.03-1024x576.jpeg 1024w, \/wp-content\/uploads\/2021\/03\/WhatsApp-Image-2021-02-25-at-14.31.03-300x169.jpeg 300w, \/wp-content\/uploads\/2021\/03\/WhatsApp-Image-2021-02-25-at-14.31.03-768x432.jpeg 768w, \/wp-content\/uploads\/2021\/03\/WhatsApp-Image-2021-02-25-at-14.31.03-1170x658.jpeg 1170w, \/wp-content\/uploads\/2021\/03\/WhatsApp-Image-2021-02-25-at-14.31.03-585x329.jpeg 585w, \/wp-content\/uploads\/2021\/03\/WhatsApp-Image-2021-02-25-at-14.31.03.jpeg 1280w\" sizes=\"(max-width: 1024px) 100vw, 1024px\" \/><\/p>\n<h2>Caso Cl\u00ednico 2<\/h2>\n<p>Paciente, sexo feminino, 16 anos, compareceu ao consult\u00f3rio para consulta preventiva.<\/p>\n<p>Foi realizada evidencia\u00e7\u00e3o de placa para refor\u00e7ar as orienta\u00e7\u00f5es de higiene bucal. Em seguida, foi realizada profilaxia utilizando a pasta\u00a0<a href=\"https:\/\/www.ivoclarvivadent.com.br\/pt-br\/p\/todos\/acessorios\/proxyt\"><em>Proxyt\u00a0Fine<\/em><\/a> (<a href=\"https:\/\/www.ivoclarvivadent.com.br\/pt-br\/p\/todos\/acessorios\/proxyt\">https:\/\/www.ivoclarvivadent.com.br\/pt-br\/p\/todos\/acessorios\/proxyt<\/a>)<em>\u00a0<\/em>e raspagem\u00a0supragengival.<\/p>\n<p><img loading=\"lazy\" decoding=\"async\" class=\"alignnone size-large wp-image-30016\" src=\"https:\/\/dentalpress.com.br\/portal\/wp-content\/uploads\/2021\/03\/WhatsApp-Image-2021-02-25-at-14.31.03-1-1024x576.jpeg\" alt=\"\" width=\"1024\" height=\"576\" srcset=\"\/wp-content\/uploads\/2021\/03\/WhatsApp-Image-2021-02-25-at-14.31.03-1-1024x576.jpeg 1024w, \/wp-content\/uploads\/2021\/03\/WhatsApp-Image-2021-02-25-at-14.31.03-1-300x169.jpeg 300w, \/wp-content\/uploads\/2021\/03\/WhatsApp-Image-2021-02-25-at-14.31.03-1-768x432.jpeg 768w, \/wp-content\/uploads\/2021\/03\/WhatsApp-Image-2021-02-25-at-14.31.03-1-1170x658.jpeg 1170w, \/wp-content\/uploads\/2021\/03\/WhatsApp-Image-2021-02-25-at-14.31.03-1-585x329.jpeg 585w, \/wp-content\/uploads\/2021\/03\/WhatsApp-Image-2021-02-25-at-14.31.03-1.jpeg 1280w\" sizes=\"(max-width: 1024px) 100vw, 1024px\" \/><\/p>\n<p><img loading=\"lazy\" decoding=\"async\" class=\"alignnone size-large wp-image-30017\" src=\"https:\/\/dentalpress.com.br\/portal\/wp-content\/uploads\/2021\/03\/WhatsApp-Image-2021-02-25-at-14.31.03-2-1024x576.jpeg\" alt=\"\" width=\"1024\" height=\"576\" srcset=\"\/wp-content\/uploads\/2021\/03\/WhatsApp-Image-2021-02-25-at-14.31.03-2-1024x576.jpeg 1024w, \/wp-content\/uploads\/2021\/03\/WhatsApp-Image-2021-02-25-at-14.31.03-2-300x169.jpeg 300w, \/wp-content\/uploads\/2021\/03\/WhatsApp-Image-2021-02-25-at-14.31.03-2-768x432.jpeg 768w, \/wp-content\/uploads\/2021\/03\/WhatsApp-Image-2021-02-25-at-14.31.03-2-1170x658.jpeg 1170w, \/wp-content\/uploads\/2021\/03\/WhatsApp-Image-2021-02-25-at-14.31.03-2-585x329.jpeg 585w, \/wp-content\/uploads\/2021\/03\/WhatsApp-Image-2021-02-25-at-14.31.03-2.jpeg 1280w\" sizes=\"(max-width: 1024px) 100vw, 1024px\" \/><\/p>\n<p><img loading=\"lazy\" decoding=\"async\" class=\"alignnone size-large wp-image-30018\" src=\"https:\/\/dentalpress.com.br\/portal\/wp-content\/uploads\/2021\/03\/WhatsApp-Image-2021-02-25-at-14.31.03-3-1024x576.jpeg\" alt=\"\" width=\"1024\" height=\"576\" srcset=\"\/wp-content\/uploads\/2021\/03\/WhatsApp-Image-2021-02-25-at-14.31.03-3-1024x576.jpeg 1024w, \/wp-content\/uploads\/2021\/03\/WhatsApp-Image-2021-02-25-at-14.31.03-3-300x169.jpeg 300w, \/wp-content\/uploads\/2021\/03\/WhatsApp-Image-2021-02-25-at-14.31.03-3-768x432.jpeg 768w, \/wp-content\/uploads\/2021\/03\/WhatsApp-Image-2021-02-25-at-14.31.03-3-1170x658.jpeg 1170w, \/wp-content\/uploads\/2021\/03\/WhatsApp-Image-2021-02-25-at-14.31.03-3-585x329.jpeg 585w, \/wp-content\/uploads\/2021\/03\/WhatsApp-Image-2021-02-25-at-14.31.03-3.jpeg 1280w\" sizes=\"(max-width: 1024px) 100vw, 1024px\" \/><\/p>\n<h2>Considera\u00e7\u00f5es finais<\/h2>\n<p>Uso e indico os produtos da\u00a0<a href=\"https:\/\/www.ivoclarvivadent.com.br\/pt-br\/\">Ivoclar\u00a0Vivadent<\/a>. A pasta\u00a0<a href=\"https:\/\/www.ivoclarvivadent.com.br\/pt-br\/p\/dentistas\/produtos\/prevencao-cuidado\/limpeza-dentaria-profissional\/proxyt\">Proxyt Fine<\/a>\u00a0n\u00e3o cont\u00e9m pedra-pomes, por isso tem baixa abrasividade, permitindo que a profilaxia seja realizada de forma segura e eficaz em pacientes com dentes sens\u00edveis. Al\u00e9m disso, pode ser utilizada para polimento da superf\u00edcie de implantes, bem como, de restaura\u00e7\u00f5es. J\u00e1 o\u00a0<a href=\"https:\/\/www.ivoclarvivadent.com.br\/pt-br\/p\/dentistas\/fluor-protector-s\">Fl\u00faor Protector S\u00a0<\/a>possui 7700\u00a0ppm\u00a0de fl\u00faor em sua composi\u00e7\u00e3o. Ap\u00f3s a aplica\u00e7\u00e3o, esta concentra\u00e7\u00e3o aumenta em aproximadamente 4 vezes, promovendo a forma\u00e7\u00e3o de uma camada de prote\u00e7\u00e3o sobre a superf\u00edcie dental,\u00a0sendo um\u00a0importante aliado para redu\u00e7\u00e3o da hipersensibilidade dentin\u00e1ria e preven\u00e7\u00e3o da desmineraliza\u00e7\u00e3o.<\/p>\n<p><img loading=\"lazy\" decoding=\"async\" class=\"wp-image-30019 aligncenter\" src=\"https:\/\/dentalpress.com.br\/portal\/wp-content\/uploads\/2021\/03\/WhatsApp-Image-2021-02-25-at-14.31.04.jpeg\" alt=\"\" width=\"336\" height=\"391\" srcset=\"\/wp-content\/uploads\/2021\/03\/WhatsApp-Image-2021-02-25-at-14.31.04.jpeg 630w, \/wp-content\/uploads\/2021\/03\/WhatsApp-Image-2021-02-25-at-14.31.04-257x300.jpeg 257w, \/wp-content\/uploads\/2021\/03\/WhatsApp-Image-2021-02-25-at-14.31.04-585x682.jpeg 585w\" sizes=\"(max-width: 336px) 100vw, 336px\" \/><\/p>\n<p style=\"text-align: center;\">Profa.\u00a0Dra.\u00a0Marina Gullo Augusto<br \/>\n<em>Cirurgi\u00e3-dentista, mestre, doutora e professora universit\u00e1ria<\/em><\/p>\n<p>Fonte: https:\/\/blog.ivoclarvivadent.com\/dentist\/pt\/hipersensibilidade-dentinaria<\/p>\n","protected":false},"excerpt":{"rendered":"<p>Paciente, sexo feminino, 30 anos, relatou sensibilidade nos dentes superiores. Na avalia\u00e7\u00e3o cl\u00ednica, foi constatada exposi\u00e7\u00e3o dentin\u00e1ria na regi\u00e3o cervical. Foi realizada profilaxia utilizando a pasta\u00a0Proxyt Fine. \u00a0Em seguida, sob isolamento relativo foi aplicado o\u00a0Fl\u00faor Protector S sobre as \u00e1reas afetadas com aux\u00edlio de um Vivabrush G.\u00a0Ap\u00f3s a evapora\u00e7\u00e3o do solvente, foi poss\u00edvel notar a<\/p>\n","protected":false},"author":26,"featured_media":30010,"comment_status":"open","ping_status":"open","sticky":false,"template":"","format":"standard","meta":{"footnotes":""},"categories":[],"tags":[],"class_list":["post-30009","post","type-post","status-publish","format-standard","has-post-thumbnail"],"aioseo_notices":[],"amp_enabled":true,"_links":{"self":[{"href":"https:\/\/dentalpress.com.br\/portal\/wp-json\/wp\/v2\/posts\/30009","targetHints":{"allow":["GET"]}}],"collection":[{"href":"https:\/\/dentalpress.com.br\/portal\/wp-json\/wp\/v2\/posts"}],"about":[{"href":"https:\/\/dentalpress.com.br\/portal\/wp-json\/wp\/v2\/types\/post"}],"author":[{"embeddable":true,"href":"https:\/\/dentalpress.com.br\/portal\/wp-json\/wp\/v2\/users\/26"}],"replies":[{"embeddable":true,"href":"https:\/\/dentalpress.com.br\/portal\/wp-json\/wp\/v2\/comments?post=30009"}],"version-history":[{"count":0,"href":"https:\/\/dentalpress.com.br\/portal\/wp-json\/wp\/v2\/posts\/30009\/revisions"}],"wp:featuredmedia":[{"embeddable":true,"href":"https:\/\/dentalpress.com.br\/portal\/wp-json\/wp\/v2\/media\/30010"}],"wp:attachment":[{"href":"https:\/\/dentalpress.com.br\/portal\/wp-json\/wp\/v2\/media?parent=30009"}],"wp:term":[{"taxonomy":"category","embeddable":true,"href":"https:\/\/dentalpress.com.br\/portal\/wp-json\/wp\/v2\/categories?post=30009"},{"taxonomy":"post_tag","embeddable":true,"href":"https:\/\/dentalpress.com.br\/portal\/wp-json\/wp\/v2\/tags?post=30009"}],"curies":[{"name":"wp","href":"https:\/\/api.w.org\/{rel}","templated":true}]}}