{"id":28929,"date":"2020-07-09T09:00:03","date_gmt":"2020-07-09T12:00:03","guid":{"rendered":"https:\/\/www.dentalpress.com.br\/portal\/?p=28929"},"modified":"2020-07-06T15:58:56","modified_gmt":"2020-07-06T18:58:56","slug":"cfo-assina-termo-que-viabiliza-assinatura-digital-de-dentistas","status":"publish","type":"post","link":"https:\/\/dentalpress.com.br\/portal\/cfo-assina-termo-que-viabiliza-assinatura-digital-de-dentistas\/","title":{"rendered":"CFO assina termo que viabiliza assinatura digital de dentistas"},"content":{"rendered":"<h2 style=\"text-align: center;\"><em>CFO assinou termo com o ITI (Instituto Nacional de Tecnologia da Informa\u00e7\u00e3o) e que possibilita assinatura digital de profissionais da odontologia<\/em><\/h2>\n<p><img fetchpriority=\"high\" decoding=\"async\" class=\"size-full wp-image-28930 aligncenter\" src=\"https:\/\/dentalpress.com.br\/portal\/wp-content\/uploads\/2020\/07\/CFO-formaliza.jpg\" alt=\"assinatura digital\" width=\"1024\" height=\"667\" srcset=\"\/wp-content\/uploads\/2020\/07\/CFO-formaliza.jpg 1024w, \/wp-content\/uploads\/2020\/07\/CFO-formaliza-300x195.jpg 300w, \/wp-content\/uploads\/2020\/07\/CFO-formaliza-768x500.jpg 768w, \/wp-content\/uploads\/2020\/07\/CFO-formaliza-585x381.jpg 585w\" sizes=\"(max-width: 1024px) 100vw, 1024px\" \/><\/p>\n<p>O CFO (Conselho Federal de Odontologia) assinou na semana passada, em Bras\u00edlia (DF), o <a role=\"link\" href=\"http:\/\/website.cfo.org.br\/wp-content\/uploads\/2020\/07\/Termo-de-cooperacao-tecnica-cfo-ITI.pdf\" target=\"_blank\" rel=\"noreferrer noopener\" aria-label=\"Termo de Coopera\u00e7\u00e3o T\u00e9cnica e de Compartilhamento de Dados (abre numa nova aba)\">Termo de Coopera\u00e7\u00e3o T\u00e9cnica e de Compartilhamento de Dados<\/a> com o ITI (Instituto Nacional de Tecnologia da Informa\u00e7\u00e3o), entidade certificadora do Governo Federal.<\/p>\n<ul>\n<li><a href=\"https:\/\/www.dentalpress.com.br\/portal\/ferramenta-computacional-pretende-detectar-covid-19-pela-voz\/\">Ferramenta computacional pretende detectar Covid-19 pela voz<\/a><\/li>\n<\/ul>\n<p>O objetivo \u00e9 possibilitar a valida\u00e7\u00e3o da assinatura <a href=\"https:\/\/dentalpress.com.br\/portal\/excelencia-em-alinhadores-e-ortodontia-digital-2\/\">digital<\/a> dos profissionais registrados no Sistema Conselhos em prescri\u00e7\u00f5es odontol\u00f3gicas ou atestados de afastamento. A iniciativa chancela o compromisso assumido pela Diretoria do CFO, no ato da edi\u00e7\u00e3o da <a role=\"link\" href=\"http:\/\/sistemas.cfo.org.br\/visualizar\/atos\/RESOLU%c3%87%c3%83O\/SEC\/2020\/226\" rel=\"noreferrer noopener\" aria-label=\"Resolu\u00e7\u00e3o 226\/2020 (abre numa nova aba)\">Resolu\u00e7\u00e3o 226\/2020<\/a>, que regulamentou o exerc\u00edcio da Odontologia a dist\u00e2ncia.<\/p>\n<p>Na pr\u00e1tica, a assinatura do termo viabilizar\u00e1 o tr\u00e2nsito de documentos entre os 338.831 mil Cirurgi\u00f5es-Dentistas com inscri\u00e7\u00e3o ativa no Brasil e seus pacientes, com acesso no site do CFO. Dessa forma, \u00e9 poss\u00edvel definir formul\u00e1rios de prescri\u00e7\u00e3o, atestado, solicita\u00e7\u00e3o de exames e relat\u00f3rios para que possam ser validados eletronicamente.<\/p>\n<p>Com a assinatura do termo, a expectativa de implanta\u00e7\u00e3o e ativa\u00e7\u00e3o da certifica\u00e7\u00e3o digital acontece em dois meses. A partir de agora, o trabalho segue para definir a documenta\u00e7\u00e3o odontol\u00f3gica padr\u00e3o e formul\u00e1rios, confirmar a valida\u00e7\u00e3o de dados dos Cirurgi\u00f5es-Dentistas, entre outros dados.<\/p>\n<p>O Presidente do CFO, Juliano do Vale, explica que a Diretoria j\u00e1 havia iniciado a discuss\u00e3o sobre a possibilidade de regulamenta\u00e7\u00e3o da prescri\u00e7\u00e3o digital; o cen\u00e1rio de pandemia de Covid-19 acelerou o processo.<\/p>\n<p>\u201cO digital j\u00e1 \u00e9 uma realidade e precisamos nos adequar. Na Odontologia, as mudan\u00e7as devem acontecer na cultura da assist\u00eancia odontol\u00f3gica prestada, considerando os novos mecanismos de valida\u00e7\u00e3o de documentos eletr\u00f4nicos, relativos \u00e0 prescri\u00e7\u00e3o e dispensa\u00e7\u00e3o de medicamentos e atestados firmados com a utiliza\u00e7\u00e3o de certificados digitais da ICP-Brasil\u201d, afirmou.<\/p>\n<p>O Termo de Coopera\u00e7\u00e3o, segundo o presidente do CFO, garante total zelo pela privacidade das informa\u00e7\u00f5es na base de dados do Sistema Conselhos acerca dos Cirurgi\u00f5es-Dentistas inscritos.<\/p>\n<p><a href=\"http:\/\/website.cfo.org.br\/cfo-formaliza-termo-de-cooperacao-tecnica-para-validar-assinatura-digital-de-cirurgioes-dentistas-implementacao-acontece-em-dois-meses\/\">Fonte: Michelle Calazans, Ascom CFO<\/a><\/p>\n","protected":false},"excerpt":{"rendered":"<p>CFO assinou termo com o ITI (Instituto Nacional de Tecnologia da Informa\u00e7\u00e3o) e que possibilita assinatura digital de profissionais da odontologia O CFO (Conselho Federal de Odontologia) assinou na semana passada, em Bras\u00edlia (DF), o Termo de Coopera\u00e7\u00e3o T\u00e9cnica e de Compartilhamento de Dados com o ITI (Instituto Nacional de Tecnologia da Informa\u00e7\u00e3o), entidade certificadora<\/p>\n","protected":false},"author":26,"featured_media":28930,"comment_status":"open","ping_status":"closed","sticky":false,"template":"","format":"standard","meta":{"footnotes":""},"categories":[],"tags":[],"class_list":["post-28929","post","type-post","status-publish","format-standard","has-post-thumbnail"],"aioseo_notices":[],"amp_enabled":true,"_links":{"self":[{"href":"https:\/\/dentalpress.com.br\/portal\/wp-json\/wp\/v2\/posts\/28929","targetHints":{"allow":["GET"]}}],"collection":[{"href":"https:\/\/dentalpress.com.br\/portal\/wp-json\/wp\/v2\/posts"}],"about":[{"href":"https:\/\/dentalpress.com.br\/portal\/wp-json\/wp\/v2\/types\/post"}],"author":[{"embeddable":true,"href":"https:\/\/dentalpress.com.br\/portal\/wp-json\/wp\/v2\/users\/26"}],"replies":[{"embeddable":true,"href":"https:\/\/dentalpress.com.br\/portal\/wp-json\/wp\/v2\/comments?post=28929"}],"version-history":[{"count":0,"href":"https:\/\/dentalpress.com.br\/portal\/wp-json\/wp\/v2\/posts\/28929\/revisions"}],"wp:featuredmedia":[{"embeddable":true,"href":"https:\/\/dentalpress.com.br\/portal\/wp-json\/wp\/v2\/media\/28930"}],"wp:attachment":[{"href":"https:\/\/dentalpress.com.br\/portal\/wp-json\/wp\/v2\/media?parent=28929"}],"wp:term":[{"taxonomy":"category","embeddable":true,"href":"https:\/\/dentalpress.com.br\/portal\/wp-json\/wp\/v2\/categories?post=28929"},{"taxonomy":"post_tag","embeddable":true,"href":"https:\/\/dentalpress.com.br\/portal\/wp-json\/wp\/v2\/tags?post=28929"}],"curies":[{"name":"wp","href":"https:\/\/api.w.org\/{rel}","templated":true}]}}