{"id":28647,"date":"2020-07-03T09:00:30","date_gmt":"2020-07-03T12:00:30","guid":{"rendered":"https:\/\/www.dentalpress.com.br\/portal\/?p=28647"},"modified":"2020-06-29T10:11:04","modified_gmt":"2020-06-29T13:11:04","slug":"projeto-restringe-venda-de-produtos-odontologicos-a-dentistas-e-estudantes-de-odontologia","status":"publish","type":"post","link":"https:\/\/dentalpress.com.br\/portal\/projeto-restringe-venda-de-produtos-odontologicos-a-dentistas-e-estudantes-de-odontologia\/","title":{"rendered":"Projeto restringe venda de produtos odontol\u00f3gicos \u00e0 dentistas e estudantes de odontologia"},"content":{"rendered":"<h2 style=\"text-align: center;\"><strong><em>Projeto de Lei tramita em car\u00e1ter conclusivo em comiss\u00f5es da C\u00e2mara dos Deputados e tem como autora Patr\u00edcia Ferraz do Podemos do Amap\u00e1<\/em><\/strong><\/h2>\n<figure id=\"attachment_28648\" aria-describedby=\"caption-attachment-28648\" style=\"width: 665px\" class=\"wp-caption aligncenter\"><img fetchpriority=\"high\" decoding=\"async\" class=\"wp-image-28648\" src=\"https:\/\/dentalpress.com.br\/portal\/wp-content\/uploads\/2020\/06\/Deputada-Patr\u00edcia-Ferraz.jpg\" alt=\"Projeto\" width=\"665\" height=\"443\" srcset=\"\/wp-content\/uploads\/2020\/06\/Deputada-Patr\u00edcia-Ferraz.jpg 768w, \/wp-content\/uploads\/2020\/06\/Deputada-Patr\u00edcia-Ferraz-300x200.jpg 300w, \/wp-content\/uploads\/2020\/06\/Deputada-Patr\u00edcia-Ferraz-585x390.jpg 585w, \/wp-content\/uploads\/2020\/06\/Deputada-Patr\u00edcia-Ferraz-263x175.jpg 263w\" sizes=\"(max-width: 665px) 100vw, 665px\" \/><figcaption id=\"caption-attachment-28648\" class=\"wp-caption-text\">Foto: Michel Jesus\/ C\u00e2mara dos Deputados<\/figcaption><\/figure>\n<p>Um PL (Projeto de Lei) que tramita na <a href=\"https:\/\/www.camara.leg.br\/noticias\/643491-projeto-restringe-venda-de-produtos-odontologicos-a-dentistas-e-estudantes-de-odontologia\/\">C\u00e2mara dos Deputados<\/a> pretende proibir a venda de materiais odontol\u00f3gicos diretamente ao consumidor final, restringindo a compra desse produtos exclusivamente a <a href=\"https:\/\/dentalpress.com.br\/portal\/reforma-tributaria-impacta-dentistas-e-pacientes-com-custos\/\">dentistas<\/a> registrados e a estudantes de odontologia que possuem carteira estudantil.<\/p>\n<ul>\n<li><a href=\"https:\/\/www.dentalpress.com.br\/portal\/teste-de-saliva-detecta-cancer-oculto-de-garganta\/\">Teste de saliva detecta c\u00e2ncer oculto de garganta<\/a><\/li>\n<\/ul>\n<p>Caso o projeto seja aprovado e se torne lei, itens como aparelhos ortod\u00f4nticos, resinas odontol\u00f3gicas e materiais para clareamento ter\u00e3o compra restrita por profissionais credenciados. A venda s\u00f3 poder\u00e1 ser feita em estabelecimentos autorizados.<\/p>\n<p>\u201cEm que pesem as restri\u00e7\u00f5es sanit\u00e1rias j\u00e1 existentes, o que se observa atualmente \u00e9 a disponibiliza\u00e7\u00e3o direta ao consumidor final, sem a interven\u00e7\u00e3o e o acompanhamento de um profissional habilitado. Dessa forma, a exposi\u00e7\u00e3o da popula\u00e7\u00e3o aos riscos sanit\u00e1rios inerentes a esses produtos aumenta de forma irracional e desnecess\u00e1ria, quadro piorado pelo com\u00e9rcio eletr\u00f4nico por empresas que n\u00e3o s\u00e3o da \u00e1rea\u201d, explicou\u00a0 Patr\u00edcia Ferraz, deputada federal pelo Podemos do Amap\u00e1 e autora do projeto.<\/p>\n<p>As empresas de com\u00e9rcio eletr\u00f4nico dever\u00e3o adequar seus sistemas para possibilitar a venda restrita a profissionais e estudantes, por meio da confer\u00eancia do registro no Conselho Regional de Odontologia ou do n\u00famero de matr\u00edcula em institui\u00e7\u00e3o de ensino. Pelo texto, quem vender materiais odontol\u00f3gicos sem autoriza\u00e7\u00e3o poder\u00e1 ser punido com multa equivalente a dez vezes o valor do produto.<\/p>\n<p>O projeto tramita em car\u00e1ter conclusivo e ser\u00e1 analisado pelas comiss\u00f5es de Desenvolvimento Econ\u00f4mico, Ind\u00fastria, Com\u00e9rcio e Servi\u00e7os; de Seguridade Social e Fam\u00edlia; e de Constitui\u00e7\u00e3o e Justi\u00e7a e de Cidadania. Para quem quiser acompanhar o andamento do projeto, basta consultar o PL n\u00ba 314\/20, no portal da C\u00e2mara dos Deputados.<\/p>\n<p>Fonte: <a href=\"https:\/\/www.camara.leg.br\/noticias\/643491-projeto-restringe-venda-de-produtos-odontologicos-a-dentistas-e-estudantes-de-odontologia\/\">Ag\u00eancia C\u00e2mara de Not\u00edcias<\/a><\/p>\n","protected":false},"excerpt":{"rendered":"<p>Projeto de Lei tramita em car\u00e1ter conclusivo em comiss\u00f5es da C\u00e2mara dos Deputados e tem como autora Patr\u00edcia Ferraz do Podemos do Amap\u00e1 Um PL (Projeto de Lei) que tramita na C\u00e2mara dos Deputados pretende proibir a venda de materiais odontol\u00f3gicos diretamente ao consumidor final, restringindo a compra desse produtos exclusivamente a dentistas registrados e<\/p>\n","protected":false},"author":26,"featured_media":28648,"comment_status":"open","ping_status":"closed","sticky":false,"template":"","format":"standard","meta":{"footnotes":""},"categories":[],"tags":[],"class_list":["post-28647","post","type-post","status-publish","format-standard","has-post-thumbnail"],"aioseo_notices":[],"amp_enabled":true,"_links":{"self":[{"href":"https:\/\/dentalpress.com.br\/portal\/wp-json\/wp\/v2\/posts\/28647","targetHints":{"allow":["GET"]}}],"collection":[{"href":"https:\/\/dentalpress.com.br\/portal\/wp-json\/wp\/v2\/posts"}],"about":[{"href":"https:\/\/dentalpress.com.br\/portal\/wp-json\/wp\/v2\/types\/post"}],"author":[{"embeddable":true,"href":"https:\/\/dentalpress.com.br\/portal\/wp-json\/wp\/v2\/users\/26"}],"replies":[{"embeddable":true,"href":"https:\/\/dentalpress.com.br\/portal\/wp-json\/wp\/v2\/comments?post=28647"}],"version-history":[{"count":0,"href":"https:\/\/dentalpress.com.br\/portal\/wp-json\/wp\/v2\/posts\/28647\/revisions"}],"wp:featuredmedia":[{"embeddable":true,"href":"https:\/\/dentalpress.com.br\/portal\/wp-json\/wp\/v2\/media\/28648"}],"wp:attachment":[{"href":"https:\/\/dentalpress.com.br\/portal\/wp-json\/wp\/v2\/media?parent=28647"}],"wp:term":[{"taxonomy":"category","embeddable":true,"href":"https:\/\/dentalpress.com.br\/portal\/wp-json\/wp\/v2\/categories?post=28647"},{"taxonomy":"post_tag","embeddable":true,"href":"https:\/\/dentalpress.com.br\/portal\/wp-json\/wp\/v2\/tags?post=28647"}],"curies":[{"name":"wp","href":"https:\/\/api.w.org\/{rel}","templated":true}]}}