{"id":28632,"date":"2020-06-30T09:00:42","date_gmt":"2020-06-30T12:00:42","guid":{"rendered":"https:\/\/www.dentalpress.com.br\/portal\/?p=28632"},"modified":"2020-06-24T07:56:47","modified_gmt":"2020-06-24T10:56:47","slug":"cfo-busca-na-justica-impedir-estagio-na-modalidade-ead-para-odontologia","status":"publish","type":"post","link":"https:\/\/dentalpress.com.br\/portal\/cfo-busca-na-justica-impedir-estagio-na-modalidade-ead-para-odontologia\/","title":{"rendered":"CFO busca na justi\u00e7a impedir est\u00e1gio na modalidade EAD para Odontologia"},"content":{"rendered":"<h2 style=\"text-align: center;\"><strong><em>CFO j\u00e1 havia publicado portaria, restringindo o EAD em diversas disciplinas da gradua\u00e7\u00e3o. Conselho protocolou of\u00edcio junto ao Minist\u00e9rio da Educa\u00e7\u00e3o<\/em><\/strong><\/h2>\n<figure id=\"attachment_28634\" aria-describedby=\"caption-attachment-28634\" style=\"width: 549px\" class=\"wp-caption aligncenter\"><img fetchpriority=\"high\" decoding=\"async\" class=\" wp-image-28634\" src=\"https:\/\/dentalpress.com.br\/portal\/wp-content\/uploads\/2020\/06\/Minist\u00e9rio-da-Educa\u00e7\u00e3o-1-1024x682.jpg\" alt=\"Minist\u00e9rio da Educa\u00e7\u00e3o\" width=\"549\" height=\"366\" srcset=\"\/wp-content\/uploads\/2020\/06\/Minist\u00e9rio-da-Educa\u00e7\u00e3o-1-1024x682.jpg 1024w, \/wp-content\/uploads\/2020\/06\/Minist\u00e9rio-da-Educa\u00e7\u00e3o-1-300x200.jpg 300w, \/wp-content\/uploads\/2020\/06\/Minist\u00e9rio-da-Educa\u00e7\u00e3o-1-768x511.jpg 768w, \/wp-content\/uploads\/2020\/06\/Minist\u00e9rio-da-Educa\u00e7\u00e3o-1-1536x1023.jpg 1536w, \/wp-content\/uploads\/2020\/06\/Minist\u00e9rio-da-Educa\u00e7\u00e3o-1-2048x1364.jpg 2048w, \/wp-content\/uploads\/2020\/06\/Minist\u00e9rio-da-Educa\u00e7\u00e3o-1-1920x1278.jpg 1920w, \/wp-content\/uploads\/2020\/06\/Minist\u00e9rio-da-Educa\u00e7\u00e3o-1-1170x779.jpg 1170w, \/wp-content\/uploads\/2020\/06\/Minist\u00e9rio-da-Educa\u00e7\u00e3o-1-585x390.jpg 585w, \/wp-content\/uploads\/2020\/06\/Minist\u00e9rio-da-Educa\u00e7\u00e3o-1-263x175.jpg 263w\" sizes=\"(max-width: 549px) 100vw, 549px\" \/><figcaption id=\"caption-attachment-28634\" class=\"wp-caption-text\">Fachada do Minist\u00e9rio da Educa\u00e7\u00e3o (MEC), na Esplanada dos Minist\u00e9rios, Bras\u00edlia, DF.<br \/>Foto: Marcos Oliveira\/Ag\u00eancia Senado<\/figcaption><\/figure>\n<p>O CFO (<a href=\"http:\/\/website.cfo.org.br\/cfo-oficia-ministerio-da-educacao-e-busca-na-justica-impedir-estagio-na-modalidade-ead-em-odontologia\/\">Conselho Federal de Odontologia<\/a>) protocolou of\u00edcio junto ao Minist\u00e9rio da Educa\u00e7\u00e3o e busca impedir na justi\u00e7a, o est\u00e1gio na modalidade de EAD (Ensino a Dist\u00e2ncia) em Odontologia, conforme prev\u00ea a portaria\u00a0 n\u00ba 544\/2020 do MEC. Na pr\u00e1tica, a normativa permite a substitui\u00e7\u00e3o de est\u00e1gios presenciais e atividades pr\u00e1ticas que exigem o uso de laborat\u00f3rio, durante a pandemia da Covid-19.<\/p>\n<ul>\n<li><a href=\"https:\/\/www.dentalpress.com.br\/portal\/segundo-endoday-discute-diagnostico-e-tratamento-de-dores-odontogenicas\/\">Segundo Endoday discute diagn\u00f3stico e tratamento de dores odontog\u00eanicas<\/a><\/li>\n<\/ul>\n<p>O Presidente do CFO, Juliano do Vale, fez duras cr\u00edticas \u00e0 normativa e reiterou a necessidade de que o est\u00e1gio seja realizado obrigatoriamente em ambiente real de trabalho, o que n\u00e3o inclui, obviamente, os meios digitais, destacando que a mudan\u00e7a nesse tipo de opera\u00e7\u00e3o pode acarretar problemas graves na sa\u00fade p\u00fablica.<\/p>\n<p>\u201c\u00c9 imprescind\u00edvel que a forma\u00e7\u00e3o dos Cirurgi\u00f5es-Dentistas aconte\u00e7a na modalidade presencial, sob pena de grave risco \u00e0 sa\u00fade p\u00fablica. Muito al\u00e9m da impossibilidade legal, o pr\u00f3prio parecer da C\u00e2mara Nacional de Educa\u00e7\u00e3o do Conselho Nacional de Educa\u00e7\u00e3o do MEC \u00e9 contradit\u00f3rio \u00e0 realiza\u00e7\u00e3o de est\u00e1gio curr\u00edculo obrigat\u00f3rio em meios digitais, o que pode comprometer, sobremaneira, a qualidade da forma\u00e7\u00e3o profissional de Cirurgi\u00f5es-Dentistas e da assist\u00eancia odontol\u00f3gica prestada \u00e0 popula\u00e7\u00e3o\u201d, afirmou.<\/p>\n<p>A defesa do CFO fomentou sucessivas reuni\u00f5es, <strong><a role=\"link\" href=\"http:\/\/website.cfo.org.br\/contra-ead-na-odontologia-conselho-federal-de-odontologia-reune-com-secretario-especial-da-casa-civil\/\" target=\"_blank\" rel=\"noreferrer noopener\" aria-label=\"na Casa Civil (abre numa nova aba)\">na Casa Civil<\/a><\/strong>\u00a0e\u00a0<strong><a role=\"link\" href=\"http:\/\/website.cfo.org.br\/cfo-avanca-na-luta-contra-ead-na-odontologia-em-reuniao-no-ministerio-da-educacao\/\" target=\"_blank\" rel=\"noreferrer noopener\" aria-label=\"no pr\u00f3prio MEC (abre numa nova aba)\">no pr\u00f3prio MEC<\/a><\/strong>, contra a<strong>\u00a0<\/strong><a role=\"link\" href=\"http:\/\/www.in.gov.br\/en\/web\/dou\/-\/portaria-n-2.117-de-6-de-dezembro-de-2019-232670913\"><strong>Portaria 2.117\/2019<\/strong><\/a>, que autoriza at\u00e9 40% da matriz curricular dos <a href=\"https:\/\/dentalpress.com.br\/portal\/especializacao-em-implantodontia-transforme-sua-carreira-com-precisao-e-seguranca\/\">cursos<\/a> de gradua\u00e7\u00e3o na modalidade EAD, incluindo a Odontologia; Al\u00e9m de intensa articula\u00e7\u00e3o\u00a0<strong><a role=\"link\" href=\"http:\/\/website.cfo.org.br\/conselho-nacional-de-saude-cfo-contribui-com-elaboracao-de-normativa-para-veto-de-ead-na-saude\/\" target=\"_blank\" rel=\"noreferrer noopener\" aria-label=\"no Conselho Nacional de Sa\u00fade (CNS) (abre numa nova aba)\">no Conselho Nacional de Sa\u00fade (CNS)<\/a><\/strong>, para constru\u00e7\u00e3o de normativa que estabele\u00e7a veto em cursos ministrados na modalidade EaD na \u00e1rea da sa\u00fade.<\/p>\n<p>Importante ressaltar que, h\u00e1 tr\u00eas anos o CFO j\u00e1 havia manifestado preocupa\u00e7\u00e3o, por meio da\u00a0<strong><a role=\"link\" href=\"http:\/\/sistemas.cfo.org.br\/visualizar\/atos\/RESOLU%C3%87%C3%83O\/SEC\/2017\/186\">Resolu\u00e7\u00e3o CFO 186\/2017<\/a><\/strong>, que estabelece a obrigatoriedade de algumas disciplinas ministradas exclusivamente sob a modalidade presencial na gradua\u00e7\u00e3o de Odontologia; E, ano passado, com a\u00a0<strong><a role=\"link\" href=\"http:\/\/website.cfo.org.br\/wp-content\/uploads\/2019\/01\/Resolu%C3%A7%C3%A3o-CFO-197-2019.pdf\" target=\"_blank\" rel=\"noreferrer noopener\">Resolu\u00e7\u00e3o 197\/2019<\/a><\/strong>, em que veda integralmente a inscri\u00e7\u00e3o e o registro de alunos desse <a href=\"https:\/\/dentalpress.com.br\/portal\/como-inserir-lasers-de-baixa-e-alta-potencia-na-rotina-clinica\/\">curso<\/a> na modalidade EaD.<\/p>\n<p><strong>Atua\u00e7\u00e3o conjunta<\/strong><\/p>\n<p>O F\u00f3rum dos Conselhos Federais da \u00c1rea da Sa\u00fade (FCFAS), o qual o CFO faz parte, tamb\u00e9m apresentou posicionamento unificado de todos os conselhos profissionais da sa\u00fade contra a Portaria MEC n\u00ba 544\/2020. O registro consta em\u00a0<strong><a role=\"link\" href=\"http:\/\/website.cfo.org.br\/wp-content\/uploads\/2020\/06\/NOTA-PUBLICA-AO-PARECER-CNE-CP-005-2020-1.pdf\" target=\"_blank\" rel=\"noreferrer noopener\" aria-label=\"Nota T\u00e9cnica (CLIQUE AQUI) (abre numa nova aba)\">Nota T\u00e9cnica (CLIQUE AQUI)<\/a><\/strong>\u00a0com a mesma linha de abordagem apresentada pelo Conselho Federal de Odontologia, ratificando assim, a inviabilidade pr\u00e1tica da normativa.<\/p>\n<p>&nbsp;<\/p>\n<p><a href=\"http:\/\/website.cfo.org.br\/cfo-oficia-ministerio-da-educacao-e-busca-na-justica-impedir-estagio-na-modalidade-ead-em-odontologia\/\">Fonte: Michelle Calazans, Ascom CFO<\/a><\/p>\n","protected":false},"excerpt":{"rendered":"<p>CFO j\u00e1 havia publicado portaria, restringindo o EAD em diversas disciplinas da gradua\u00e7\u00e3o. Conselho protocolou of\u00edcio junto ao Minist\u00e9rio da Educa\u00e7\u00e3o O CFO (Conselho Federal de Odontologia) protocolou of\u00edcio junto ao Minist\u00e9rio da Educa\u00e7\u00e3o e busca impedir na justi\u00e7a, o est\u00e1gio na modalidade de EAD (Ensino a Dist\u00e2ncia) em Odontologia, conforme prev\u00ea a portaria\u00a0 n\u00ba<\/p>\n","protected":false},"author":26,"featured_media":28634,"comment_status":"open","ping_status":"closed","sticky":false,"template":"","format":"standard","meta":{"footnotes":""},"categories":[],"tags":[],"class_list":["post-28632","post","type-post","status-publish","format-standard","has-post-thumbnail"],"aioseo_notices":[],"amp_enabled":true,"_links":{"self":[{"href":"https:\/\/dentalpress.com.br\/portal\/wp-json\/wp\/v2\/posts\/28632","targetHints":{"allow":["GET"]}}],"collection":[{"href":"https:\/\/dentalpress.com.br\/portal\/wp-json\/wp\/v2\/posts"}],"about":[{"href":"https:\/\/dentalpress.com.br\/portal\/wp-json\/wp\/v2\/types\/post"}],"author":[{"embeddable":true,"href":"https:\/\/dentalpress.com.br\/portal\/wp-json\/wp\/v2\/users\/26"}],"replies":[{"embeddable":true,"href":"https:\/\/dentalpress.com.br\/portal\/wp-json\/wp\/v2\/comments?post=28632"}],"version-history":[{"count":0,"href":"https:\/\/dentalpress.com.br\/portal\/wp-json\/wp\/v2\/posts\/28632\/revisions"}],"wp:featuredmedia":[{"embeddable":true,"href":"https:\/\/dentalpress.com.br\/portal\/wp-json\/wp\/v2\/media\/28634"}],"wp:attachment":[{"href":"https:\/\/dentalpress.com.br\/portal\/wp-json\/wp\/v2\/media?parent=28632"}],"wp:term":[{"taxonomy":"category","embeddable":true,"href":"https:\/\/dentalpress.com.br\/portal\/wp-json\/wp\/v2\/categories?post=28632"},{"taxonomy":"post_tag","embeddable":true,"href":"https:\/\/dentalpress.com.br\/portal\/wp-json\/wp\/v2\/tags?post=28632"}],"curies":[{"name":"wp","href":"https:\/\/api.w.org\/{rel}","templated":true}]}}