{"id":28630,"date":"2020-06-29T09:00:51","date_gmt":"2020-06-29T12:00:51","guid":{"rendered":"https:\/\/www.dentalpress.com.br\/portal\/?p=28630"},"modified":"2020-06-23T08:04:38","modified_gmt":"2020-06-23T11:04:38","slug":"ministerio-da-saude-atualiza-protocolo-de-atendimento-na-rede-publica","status":"publish","type":"post","link":"https:\/\/dentalpress.com.br\/portal\/ministerio-da-saude-atualiza-protocolo-de-atendimento-na-rede-publica\/","title":{"rendered":"Minist\u00e9rio da Sa\u00fade atualiza protocolo de atendimento na rede p\u00fablica"},"content":{"rendered":"<h2 style=\"text-align: center;\"><em><strong>Minist\u00e9rio da sa\u00fade publicou nota t\u00e9cnica que altera os procedimentos no atendimento da rede p\u00fablica no Brasil. Estados e munic\u00edpios t\u00eam autonomia<\/strong><\/em><\/h2>\n<figure id=\"attachment_25066\" aria-describedby=\"caption-attachment-25066\" style=\"width: 620px\" class=\"wp-caption aligncenter\"><img fetchpriority=\"high\" decoding=\"async\" class=\"size-full wp-image-25066\" src=\"https:\/\/dentalpress.com.br\/portal\/wp-content\/uploads\/2019\/01\/Ministe\u0301rio-da-Sau\u0301de.jpg\" alt=\"Minist\u00e9rio da Sa\u00fade\" width=\"620\" height=\"381\" srcset=\"\/wp-content\/uploads\/2019\/01\/Ministe\u0301rio-da-Sau\u0301de.jpg 620w, \/wp-content\/uploads\/2019\/01\/Ministe\u0301rio-da-Sau\u0301de-300x184.jpg 300w, \/wp-content\/uploads\/2019\/01\/Ministe\u0301rio-da-Sau\u0301de-585x359.jpg 585w\" sizes=\"(max-width: 620px) 100vw, 620px\" \/><figcaption id=\"caption-attachment-25066\" class=\"wp-caption-text\">Bras\u00edlia(DF), 01\/3\/2016 &#8211; Minist\u00e9rio da Sa\u00fade. Foto: Rafaela Felicciano\/Metr\u00f3poles<\/figcaption><\/figure>\n<p>O Minist\u00e9rio da Sa\u00fade atualizou a regulamenta\u00e7\u00e3o do atendimento odontol\u00f3gico no SUS (Sistema \u00danico de Sa\u00fade), levando em considera\u00e7\u00e3o as mudan\u00e7as impostas pela Covid&#8211;19. O conte\u00fado enaltece recomenda\u00e7\u00f5es t\u00e9cnicas publicadas pelo CFO (<a href=\"http:\/\/website.cfo.org.br\/seguindo-entendimento-do-cfo-ministerio-da-saude-atualiza-regulamentacao-do-atendimento-odontologico-na-rede-publica\/\">Conselho Federal de Odontologia<\/a>), com base nas produ\u00e7\u00f5es cient\u00edficas e avan\u00e7os no conhecimento da doen\u00e7a.<\/p>\n<ul>\n<li><a href=\"https:\/\/www.dentalpress.com.br\/portal\/projeto-usp-vida-recebe-mais-de-r-35-milhoes-para-combate-a-covid-19\/\">Projeto USP Vida recebe mais de R$ 3,5 milh\u00f5es para combate a Covid-19<\/a><\/li>\n<\/ul>\n<p>As orienta\u00e7\u00f5es foram organizadas, conforme a \u00e1rea de atua\u00e7\u00e3o na rede p\u00fablica, sobre os procedimentos eletivos. Com foco na biosseguran\u00e7a e no alto n\u00edvel de cont\u00e1gio do v\u00edrus, as orienta\u00e7\u00f5es tamb\u00e9m levam em considera\u00e7\u00e3o os grupos de risco. O documento traz ainda os protocolos de tratamento de uma doen\u00e7a que n\u00e3o apresenta grandes refer\u00eancias na literatura e que ainda tem muitos questionamentos a serem elucidados.<\/p>\n<p>As medidas segmentam orienta\u00e7\u00f5es sobre servi\u00e7os de Aten\u00e7\u00e3o Prim\u00e1ria e Secund\u00e1ria\/especializada (Centros de Especialidades Odontol\u00f3gicas \u2013 CEO) em Sa\u00fade Bucal, e sobre os servi\u00e7os de apoio (Laborat\u00f3rios Regionais de Pr\u00f3teses Dent\u00e1rias-LRPD).<\/p>\n<p>O documento apresenta cuidados em:<\/p>\n<ul>\n<li>Ambientes de atendimento odontol\u00f3gico;<\/li>\n<li>condutas cl\u00ednicas \u2013 anamnese, uso de subst\u00e2ncias anmicrobianas, t\u00e9cnicas terap\u00eauticas;<\/li>\n<li>Testagem r\u00e1pida e Swab.<\/li>\n<\/ul>\n<p>Anota t\u00e9cnica inclui esclarecimentos aos gestores de estados, munic\u00edpios e Distrito Federal sobre o custeio federal dos Centros de Especialidades Odontol\u00f3gicas (CEO) e dos Laborat\u00f3rios Regionais de Pr\u00f3tese Dent\u00e1ria (LRPD), no contexto da pandemia da COVID-19. Tendo em vista as particularidades do territ\u00f3rio brasileiro e as diversas realidades existentes, o atendimento a essa orienta\u00e7\u00e3o caber\u00e1 aos gestores estaduais, municipais e do Distrito Federal.<\/p>\n<p>Segundo o Presidente do CFO, Juliano do Vale, essa atualiza\u00e7\u00e3o \u00e9 essencial aos profissionais da Odontologia, tendo em vista o car\u00e1ter excepcional na assist\u00eancia odontol\u00f3gica.<\/p>\n<p>\u201cAl\u00e9m de refor\u00e7ar os protocolos preventivos necess\u00e1rios aos atendimentos de urg\u00eancia, emerg\u00eancia e eletivos em Odontologia, uma grande preocupa\u00e7\u00e3o da categoria, nesse momento, \u00e9 que ser\u00e3o mantidos os repasses dos incentivos federais de custeio da Aten\u00e7\u00e3o Prim\u00e1ria, CEO e LRPD aos entes federados, independente da exig\u00eancia de produtividade, por unidade, al\u00e9m de consideraram, para fins de pagamento, aqueles que estavam suspensos, mas regularizaram a produ\u00e7\u00e3o\u201d, completou.<\/p>\n<p><a href=\"http:\/\/website.cfo.org.br\/wp-content\/uploads\/2020\/06\/SEI_MS-0014813177-Nota-TA%CC%83%C2%A9%EF%B8%8Fcnica.versA%CC%83%C2%A3o-final-assinada.pdf\">NOTA T\u00c9CNICA N\u00ba 16\/2020-CGSB\/DESF\/SAPS\/MS<\/a><\/p>\n<p><a href=\"http:\/\/website.cfo.org.br\/wp-content\/uploads\/2020\/06\/SEI_MS-0015094190-Nota-TA%CC%83%C2%A9%EF%B8%8Fcnica-NA%CC%82%C2%B018.-assinada-versA%CC%83%C2%A3o-final.pdf\">NOTA T\u00c9CNICA N\u00ba 18\/2020-CGSB\/DESF\/SAPS\/MS<\/a><\/p>\n<p><a href=\"http:\/\/website.cfo.org.br\/wp-content\/uploads\/2020\/06\/SEI_MS-0014975480-Nota-Informativa.-VersA%CC%83%C2%A3o-final-assinada.pdf\">NOTA INFORMATIVA N\u00ba 1\/2020-CGSB\/DESF\/SAPS\/MS<\/a><\/p>\n<p><em>Fonte:\u00a0 Michelle Calazans, Ascom CFO<\/em><\/p>\n","protected":false},"excerpt":{"rendered":"<p>Minist\u00e9rio da sa\u00fade publicou nota t\u00e9cnica que altera os procedimentos no atendimento da rede p\u00fablica no Brasil. Estados e munic\u00edpios t\u00eam autonomia O Minist\u00e9rio da Sa\u00fade atualizou a regulamenta\u00e7\u00e3o do atendimento odontol\u00f3gico no SUS (Sistema \u00danico de Sa\u00fade), levando em considera\u00e7\u00e3o as mudan\u00e7as impostas pela Covid&#8211;19. O conte\u00fado enaltece recomenda\u00e7\u00f5es t\u00e9cnicas publicadas pelo CFO (Conselho<\/p>\n","protected":false},"author":26,"featured_media":25066,"comment_status":"open","ping_status":"closed","sticky":false,"template":"","format":"standard","meta":{"footnotes":""},"categories":[],"tags":[],"class_list":["post-28630","post","type-post","status-publish","format-standard","has-post-thumbnail"],"aioseo_notices":[],"amp_enabled":true,"_links":{"self":[{"href":"https:\/\/dentalpress.com.br\/portal\/wp-json\/wp\/v2\/posts\/28630","targetHints":{"allow":["GET"]}}],"collection":[{"href":"https:\/\/dentalpress.com.br\/portal\/wp-json\/wp\/v2\/posts"}],"about":[{"href":"https:\/\/dentalpress.com.br\/portal\/wp-json\/wp\/v2\/types\/post"}],"author":[{"embeddable":true,"href":"https:\/\/dentalpress.com.br\/portal\/wp-json\/wp\/v2\/users\/26"}],"replies":[{"embeddable":true,"href":"https:\/\/dentalpress.com.br\/portal\/wp-json\/wp\/v2\/comments?post=28630"}],"version-history":[{"count":0,"href":"https:\/\/dentalpress.com.br\/portal\/wp-json\/wp\/v2\/posts\/28630\/revisions"}],"wp:featuredmedia":[{"embeddable":true,"href":"https:\/\/dentalpress.com.br\/portal\/wp-json\/wp\/v2\/media\/25066"}],"wp:attachment":[{"href":"https:\/\/dentalpress.com.br\/portal\/wp-json\/wp\/v2\/media?parent=28630"}],"wp:term":[{"taxonomy":"category","embeddable":true,"href":"https:\/\/dentalpress.com.br\/portal\/wp-json\/wp\/v2\/categories?post=28630"},{"taxonomy":"post_tag","embeddable":true,"href":"https:\/\/dentalpress.com.br\/portal\/wp-json\/wp\/v2\/tags?post=28630"}],"curies":[{"name":"wp","href":"https:\/\/api.w.org\/{rel}","templated":true}]}}