{"id":28592,"date":"2020-06-22T09:00:59","date_gmt":"2020-06-22T12:00:59","guid":{"rendered":"https:\/\/www.dentalpress.com.br\/portal\/?p=28592"},"modified":"2020-06-16T08:24:53","modified_gmt":"2020-06-16T11:24:53","slug":"projeto-usp-vida-recebe-mais-de-r-35-milhoes-para-combate-a-covid-19","status":"publish","type":"post","link":"https:\/\/dentalpress.com.br\/portal\/projeto-usp-vida-recebe-mais-de-r-35-milhoes-para-combate-a-covid-19\/","title":{"rendered":"Projeto USP Vida recebe mais de R$ 3,5 milh\u00f5es para combate \u00e0 Covid-19"},"content":{"rendered":"<h2 style=\"text-align: center;\"><strong><em>USP Vida arrecadou cerca de 71% dos R$ 5 milh\u00f5es que tem como meta, para enfrentamento ao novo Coronav\u00edrus em seis frentes distintas<\/em><\/strong><\/h2>\n<p><img fetchpriority=\"high\" decoding=\"async\" class=\"wp-image-28593 aligncenter\" src=\"https:\/\/dentalpress.com.br\/portal\/wp-content\/uploads\/2020\/06\/USP.jpeg\" alt=\"USP Vida\" width=\"568\" height=\"320\" srcset=\"\/wp-content\/uploads\/2020\/06\/USP.jpeg 800w, \/wp-content\/uploads\/2020\/06\/USP-300x169.jpeg 300w, \/wp-content\/uploads\/2020\/06\/USP-768x432.jpeg 768w, \/wp-content\/uploads\/2020\/06\/USP-585x329.jpeg 585w\" sizes=\"(max-width: 568px) 100vw, 568px\" \/><\/p>\n<p>A USP (<a href=\"https:\/\/www5.usp.br\/\">Universidade de S\u00e3o Paulo<\/a>) lan\u00e7ou o projeto &#8220;USP Vida&#8221;, que est\u00e1 buscando doa\u00e7\u00f5es da iniciativa privada e da sociedade civil organizada, para desenvolver pesquisas no combate \u00e0 Covid-19. A meta de arrecada\u00e7\u00e3o \u00e9 de R$ 5 milh\u00f5es e, at\u00e9 agora, o projeto angariou R$ 3.575.000, cerca de 71% do total.<\/p>\n<ul>\n<li><a href=\"https:\/\/www.dentalpress.com.br\/portal\/pesquisadores-descobrem-que-covid-19-infecta-celulas-do-coracao\/\">Pesquisadores descobrem que Covid-19 infecta c\u00e9lulas do cora\u00e7\u00e3o<\/a><\/li>\n<\/ul>\n<p>As doa\u00e7\u00f5es podem ser feitas por boletos ou transfer\u00eancia direta. No site do projeto, h\u00e1 op\u00e7\u00f5es de doa\u00e7\u00e3o a partir de R$ 20 at\u00e9 R$ 1 mil. Transfer\u00eancias podem ser feitas pelo Banco do Brasil ou Santander. H\u00e1, ainda op\u00e7\u00f5es de pagamento virtual, pelo PayPal, PagSeguro e Doa\u00e7\u00e3o via cart\u00e3o internacional.<\/p>\n<p>&#8220;Para o financiamento de pesquisas e a\u00e7\u00f5es da Universidade no enfrentamento da pandemia da covid-19, a USP lan\u00e7ou o programa <a href=\"https:\/\/www5.usp.br\/uspvida\/\" target=\"_blank\" rel=\"noopener noreferrer\">USP Vida<\/a>. Ele \u00e9 voltado a pessoas f\u00edsicas e jur\u00eddicas que tenham interesse em doar recursos diretamente para as pesquisas desenvolvidas pela institui\u00e7\u00e3o ou direcionar sua doa\u00e7\u00e3o para um fundo \u00fanico, para que os recursos sejam aplicados na pesquisa mais avan\u00e7ada no momento&#8221;, diz a organiza\u00e7\u00e3o do USP Vida, no site do projeto.<\/p>\n<p><em>As linhas de pesquisa diretas e espec\u00edficas ao combate do novo Coronav\u00edrus s\u00e3o:<\/em><\/p>\n<ol>\n<li>Desenvolvimento de vacina<\/li>\n<li>Desenvolvimento de medicamentos<\/li>\n<li>Projeto Inspire para respiradoresartificiais<\/li>\n<li>Rede USP para diagn\u00f3stico da Covid-19<\/li>\n<li>Estudo de Processos Antivirais<\/li>\n<li>Projeto Respire para Prote\u00e7\u00e3o Facial<\/li>\n<\/ol>\n<p>Os focos, nesse momento de agravamento da pandeia, est\u00e3o divididos em diagn\u00f3sticos r\u00e1pidos da doen\u00e7a, desenvolvimento de vacina (para preven\u00e7\u00e3o \u00e0 Covid-19) e produ\u00e7\u00e3o de medicamentos, em que o paciente, caso contraia a doen\u00e7a, poder\u00e1 recorrer a um protocolo seguro de tratamento.<\/p>\n<p>&#8220;Na emerg\u00eancia de sa\u00fade p\u00fablica pela pandemia de coronav\u00edrus, a busca por um tratamento eficaz \u00e9 objetivo de v\u00e1rios laborat\u00f3rios da Universidade. Agilizar os processos que v\u00e3o dos testes at\u00e9 a aprova\u00e7\u00e3o de medicamentos ou terapias \u00e9 um pr\u00e9-requisito para as pesquisas que, ao mesmo tempo, precisam de cuidado para que as abordagens propostas n\u00e3o atrapalhem ainda mais o combate \u00e0 pandemia&#8221;, explica a organiza\u00e7\u00e3o.<\/p>\n<p>Conhe\u00e7a um pouco mais sobre o USP Vida, <a href=\"https:\/\/www5.usp.br\/uspvida\/\">aqui<\/a>.<\/p>\n","protected":false},"excerpt":{"rendered":"<p>USP Vida arrecadou cerca de 71% dos R$ 5 milh\u00f5es que tem como meta, para enfrentamento ao novo Coronav\u00edrus em seis frentes distintas A USP (Universidade de S\u00e3o Paulo) lan\u00e7ou o projeto &#8220;USP Vida&#8221;, que est\u00e1 buscando doa\u00e7\u00f5es da iniciativa privada e da sociedade civil organizada, para desenvolver pesquisas no combate \u00e0 Covid-19. A meta<\/p>\n","protected":false},"author":26,"featured_media":28593,"comment_status":"open","ping_status":"closed","sticky":false,"template":"","format":"standard","meta":{"footnotes":""},"categories":[],"tags":[],"class_list":["post-28592","post","type-post","status-publish","format-standard","has-post-thumbnail"],"aioseo_notices":[],"amp_enabled":true,"_links":{"self":[{"href":"https:\/\/dentalpress.com.br\/portal\/wp-json\/wp\/v2\/posts\/28592","targetHints":{"allow":["GET"]}}],"collection":[{"href":"https:\/\/dentalpress.com.br\/portal\/wp-json\/wp\/v2\/posts"}],"about":[{"href":"https:\/\/dentalpress.com.br\/portal\/wp-json\/wp\/v2\/types\/post"}],"author":[{"embeddable":true,"href":"https:\/\/dentalpress.com.br\/portal\/wp-json\/wp\/v2\/users\/26"}],"replies":[{"embeddable":true,"href":"https:\/\/dentalpress.com.br\/portal\/wp-json\/wp\/v2\/comments?post=28592"}],"version-history":[{"count":0,"href":"https:\/\/dentalpress.com.br\/portal\/wp-json\/wp\/v2\/posts\/28592\/revisions"}],"wp:featuredmedia":[{"embeddable":true,"href":"https:\/\/dentalpress.com.br\/portal\/wp-json\/wp\/v2\/media\/28593"}],"wp:attachment":[{"href":"https:\/\/dentalpress.com.br\/portal\/wp-json\/wp\/v2\/media?parent=28592"}],"wp:term":[{"taxonomy":"category","embeddable":true,"href":"https:\/\/dentalpress.com.br\/portal\/wp-json\/wp\/v2\/categories?post=28592"},{"taxonomy":"post_tag","embeddable":true,"href":"https:\/\/dentalpress.com.br\/portal\/wp-json\/wp\/v2\/tags?post=28592"}],"curies":[{"name":"wp","href":"https:\/\/api.w.org\/{rel}","templated":true}]}}