{"id":28579,"date":"2020-06-17T09:00:24","date_gmt":"2020-06-17T12:00:24","guid":{"rendered":"https:\/\/www.dentalpress.com.br\/portal\/?p=28579"},"modified":"2020-06-15T10:20:34","modified_gmt":"2020-06-15T13:20:34","slug":"todos-pela-odontologia-reune-diversas-entidades-de-classe","status":"publish","type":"post","link":"https:\/\/dentalpress.com.br\/portal\/todos-pela-odontologia-reune-diversas-entidades-de-classe\/","title":{"rendered":"&#8220;Todos pela Odontologia&#8221; re\u00fane diversas entidades de classe"},"content":{"rendered":"<h2 style=\"text-align: center;\"><em>&#8220;Todos pela Odontologia&#8221; re\u00fane a\u00e7\u00f5es que visam informar dentistas e pacientes sobre as boas pr\u00e1ticas do tratamento odontol\u00f3gico durante a pandemia<\/em><\/h2>\n<p><img fetchpriority=\"high\" decoding=\"async\" class=\"wp-image-28580 aligncenter\" src=\"https:\/\/dentalpress.com.br\/portal\/wp-content\/uploads\/2020\/06\/Todos-pela-Odontologia.png\" alt=\"Todos\" width=\"461\" height=\"461\" srcset=\"\/wp-content\/uploads\/2020\/06\/Todos-pela-Odontologia.png 960w, \/wp-content\/uploads\/2020\/06\/Todos-pela-Odontologia-300x300.png 300w, \/wp-content\/uploads\/2020\/06\/Todos-pela-Odontologia-150x150.png 150w, \/wp-content\/uploads\/2020\/06\/Todos-pela-Odontologia-768x768.png 768w, \/wp-content\/uploads\/2020\/06\/Todos-pela-Odontologia-585x585.png 585w\" sizes=\"(max-width: 461px) 100vw, 461px\" \/><\/p>\n<p>Idealizada pela Abimo (Associa\u00e7\u00e3o Brasileira da Ind\u00fastria de Artigos e Equipamentos M\u00e9dicos, Odontol\u00f3gicos, Hospitalares e Laborat\u00f3rios), com realiza\u00e7\u00e3o da APCD (Associa\u00e7\u00e3o Paulista de Cirurgi\u00f5es-Dentistas) e apoio do CFO (Conselho Federal de Odontologia, a campanha &#8220;<a href=\"https:\/\/www.facebook.com\/TodosPelaOdontologia\/\">Todos pela Odontologia<\/a>&#8221; visa unir esfor\u00e7os para fortalecer a divulga\u00e7\u00e3o de orienta\u00e7\u00f5es e recomenda\u00e7\u00f5es que dizem respeito ao atendimento odontol\u00f3gico durante a pandemia da Covid-19.<\/p>\n<ul>\n<li><a href=\"https:\/\/www.dentalpress.com.br\/portal\/cidades-do-interior-tem-alto-potencial-de-propagacao-da-covid-19\/\">Cidades do interior t\u00eam alto potencial de propaga\u00e7\u00e3o da Covid-19<\/a><\/li>\n<\/ul>\n<p>A campanha tem o intuito de de refor\u00e7ar os cuidados e import\u00e2ncia da sa\u00fade bucal, com vista aos riscos de contamina\u00e7\u00e3o do novo Coronav\u00edrus, al\u00e9m de orientar os <a href=\"https:\/\/dentalpress.com.br\/portal\/reforma-tributaria-impacta-dentistas-e-pacientes-com-custos\/\">dentistas<\/a> e pacientes sobre as medidas de seguran\u00e7a que s\u00e3o necess\u00e1rias durante o atendimento odontol\u00f3gico. A a\u00e7\u00e3o objetiva, ainda , o tr\u00e1fego de informa\u00e7\u00f5es que podem minimizar impactos econ\u00f4micos e administrativos \u00e0 categoria.<\/p>\n<p>\u201cComo a primeira etapa da campanha tem como foco a biosseguran\u00e7a, o CFO contribui com a disponibilidade do conte\u00fado t\u00e9cnico produzido desde o in\u00edcio da pandemia. O material \u00e9 composto por recomenda\u00e7\u00f5es, medidas protocolares espec\u00edficas e cuidados a serem adotados no ambiente cl\u00ednico, consult\u00f3rios ambulatoriais, Unidades de Terapia Intensiva, pelo Cirurgi\u00e3o-Dentista, pela equipe auxiliar e pelos pacientes. O CFO tamb\u00e9m contribui com a divulga\u00e7\u00e3o da campanha nos canais de comunica\u00e7\u00e3o da Autarquia\u201d, explicou o presidente do CFO, Juliano do Vale.<\/p>\n<p>A campanha &#8220;Todos pela Odontologia&#8221; foi iniciada neste m\u00eas de junho e tem previs\u00e3o de dura\u00e7\u00e3o de seis meses. A campanha tamb\u00e9m conta com o apoio de Entidades Nacionais de Odontologia, bem como com o patroc\u00ednio de empresas do ramo odontol\u00f3gico. Conhe\u00e7a um pouco mais sobre a iniciativa <a href=\"https:\/\/www.facebook.com\/TodosPelaOdontologia\/\">neste link<\/a>.<\/p>\n<p>Fonte: <a href=\"http:\/\/website.cfo.org.br\/covid-19-cfo-apoia-a-campanha-todos-pela-odontologia-em-defesa-da-saude-bucal\/\">Michele Calazans, da Ascom do CFO<\/a>.<\/p>\n","protected":false},"excerpt":{"rendered":"<p>&#8220;Todos pela Odontologia&#8221; re\u00fane a\u00e7\u00f5es que visam informar dentistas e pacientes sobre as boas pr\u00e1ticas do tratamento odontol\u00f3gico durante a pandemia Idealizada pela Abimo (Associa\u00e7\u00e3o Brasileira da Ind\u00fastria de Artigos e Equipamentos M\u00e9dicos, Odontol\u00f3gicos, Hospitalares e Laborat\u00f3rios), com realiza\u00e7\u00e3o da APCD (Associa\u00e7\u00e3o Paulista de Cirurgi\u00f5es-Dentistas) e apoio do CFO (Conselho Federal de Odontologia, a campanha<\/p>\n","protected":false},"author":26,"featured_media":28580,"comment_status":"open","ping_status":"closed","sticky":false,"template":"","format":"standard","meta":{"footnotes":""},"categories":[],"tags":[],"class_list":["post-28579","post","type-post","status-publish","format-standard","has-post-thumbnail"],"aioseo_notices":[],"amp_enabled":true,"_links":{"self":[{"href":"https:\/\/dentalpress.com.br\/portal\/wp-json\/wp\/v2\/posts\/28579","targetHints":{"allow":["GET"]}}],"collection":[{"href":"https:\/\/dentalpress.com.br\/portal\/wp-json\/wp\/v2\/posts"}],"about":[{"href":"https:\/\/dentalpress.com.br\/portal\/wp-json\/wp\/v2\/types\/post"}],"author":[{"embeddable":true,"href":"https:\/\/dentalpress.com.br\/portal\/wp-json\/wp\/v2\/users\/26"}],"replies":[{"embeddable":true,"href":"https:\/\/dentalpress.com.br\/portal\/wp-json\/wp\/v2\/comments?post=28579"}],"version-history":[{"count":0,"href":"https:\/\/dentalpress.com.br\/portal\/wp-json\/wp\/v2\/posts\/28579\/revisions"}],"wp:featuredmedia":[{"embeddable":true,"href":"https:\/\/dentalpress.com.br\/portal\/wp-json\/wp\/v2\/media\/28580"}],"wp:attachment":[{"href":"https:\/\/dentalpress.com.br\/portal\/wp-json\/wp\/v2\/media?parent=28579"}],"wp:term":[{"taxonomy":"category","embeddable":true,"href":"https:\/\/dentalpress.com.br\/portal\/wp-json\/wp\/v2\/categories?post=28579"},{"taxonomy":"post_tag","embeddable":true,"href":"https:\/\/dentalpress.com.br\/portal\/wp-json\/wp\/v2\/tags?post=28579"}],"curies":[{"name":"wp","href":"https:\/\/api.w.org\/{rel}","templated":true}]}}