{"id":28577,"date":"2020-06-15T08:44:30","date_gmt":"2020-06-15T11:44:30","guid":{"rendered":"https:\/\/www.dentalpress.com.br\/portal\/?p=28577"},"modified":"2020-06-15T11:20:39","modified_gmt":"2020-06-15T14:20:39","slug":"professores-debatem-a-interface-entre-dtm-e-ortodontia-nesta-semana","status":"publish","type":"post","link":"https:\/\/dentalpress.com.br\/portal\/professores-debatem-a-interface-entre-dtm-e-ortodontia-nesta-semana\/","title":{"rendered":"Professores debatem a interface entre DTM e Ortodontia, nesta semana"},"content":{"rendered":"<h2 style=\"text-align: center;\"><em>&#8220;A Interface entre DTM e Ortodontia&#8221; ser\u00e1 ministrada pelo Prof. Dr. Bruno Furquim, que faz bate-papo com com outros cinco professores sobre o tema<\/em><\/h2>\n<p><img fetchpriority=\"high\" decoding=\"async\" class=\"wp-image-28587 aligncenter\" src=\"https:\/\/dentalpress.com.br\/portal\/wp-content\/uploads\/2020\/06\/WhatsApp-Image-2020-06-15-at-11.14.25.jpeg\" alt=\"\" width=\"525\" height=\"525\" srcset=\"\/wp-content\/uploads\/2020\/06\/WhatsApp-Image-2020-06-15-at-11.14.25.jpeg 1000w, \/wp-content\/uploads\/2020\/06\/WhatsApp-Image-2020-06-15-at-11.14.25-300x300.jpeg 300w, \/wp-content\/uploads\/2020\/06\/WhatsApp-Image-2020-06-15-at-11.14.25-150x150.jpeg 150w, \/wp-content\/uploads\/2020\/06\/WhatsApp-Image-2020-06-15-at-11.14.25-768x768.jpeg 768w, \/wp-content\/uploads\/2020\/06\/WhatsApp-Image-2020-06-15-at-11.14.25-585x585.jpeg 585w\" sizes=\"(max-width: 525px) 100vw, 525px\" \/><\/p>\n<p>De hoje at\u00e9 quinta-feira, a Dental Press realiza o <a href=\"https:\/\/dentalpress.com.br\/portal\/como-inserir-lasers-de-baixa-e-alta-potencia-na-rotina-clinica\/\">curso<\/a> &#8220;A interface entre DTM e Ortodontia&#8221;. As inscri\u00e7\u00f5es s\u00e3o gratuitas e as aulas ser\u00e3o ministradas pelo <a href=\"https:\/\/zoom.us\/pt-pt\/meetings.html\">Zoom<\/a>.\u00a0 As mil inscri\u00e7\u00f5es j\u00e1 est\u00e3o praticamente esgotadas e podem ser efetuadas atrav\u00e9s <a href=\"https:\/\/grupo.dentalpress.com.br\/interface-entre-dtm-e-ortodontia\">deste link<\/a>. Ap\u00f3s o cadastro, um e-mail com a confirma\u00e7\u00e3o da inscri\u00e7\u00e3o e com o link da sala de reuni\u00f5es ser\u00e1 enviado para o aluno inscrito.<\/p>\n<ul>\n<li><a href=\"https:\/\/www.dentalpress.com.br\/portal\/pesquisadores-descobrem-que-covid-19-infecta-celulas-do-coracao\/\">Pesquisadores descobram que Covid-19 infecta c\u00e9lulas do cora\u00e7\u00e3o<\/a><\/li>\n<\/ul>\n<p>O curso ser\u00e1 ministrado pelo Prof. Dr. Bruno Furquim e conta com uma s\u00e9rie de convidados que s\u00e3o refer\u00eancias no assunto. As aulas s\u00e3o di\u00e1rias com in\u00edcio \u00e0s 20h. Ressalta-se a import\u00e2ncia do aluno ficar atento \u00e0 caixa de emails, j\u00e1 que o link ser\u00e1 enviado por l\u00e1, pouco antes do in\u00edcio das aulas.<\/p>\n<p>Confira o cronograma de aulas do curso &#8220;A interface entre DTM e Ortodontia&#8221;:<\/p>\n<ol>\n<li>Segunda-feira (15\/06): Diagn\u00f3stico diferencial: o que come\u00e7a errado, termina mal.<br \/>\nConvidado: Rafael Silva<\/li>\n<li>Ter\u00e7a-feira (16\/06): Placas oclusais: qu\u00e3o importantes elas s\u00e3o? Como tirar o melhor delas?<br \/>\nConvidado: Roberto Garanhani<\/li>\n<li>Quarta-feira (17\/06): a import\u00e2ncia do tratamento precoce do deslocamento de disco em pacientes em crescimento.<br \/>\nConvidado: Liete Zwier<\/li>\n<li>Quinta-feira (18\/06): Cirurgia ortogn\u00e1tica e as ATMs.<br \/>\nConvidados: Ricardo Tesch e Eduardo Sant\u2019Ana<\/li>\n<\/ol>\n<p>Para assistir \u00e0s aulas basta se inscrever e conectar-se ao Zoom, no hor\u00e1rio indicado pelo e-mail de confirma\u00e7\u00e3o e aguardar o in\u00edcio das palestras. Cada uma das aulas ter\u00e1 um link pr\u00f3prio que ser\u00e1 gerado no dia e enviado ao participante, para garantir que ele tenha acesso aos conte\u00fados ao vivo.<\/p>\n<p>Mais informa\u00e7\u00f5es sobre <a href=\"https:\/\/dentalpress.com.br\/portal\/especializacao-em-implantodontia-transforme-sua-carreira-com-precisao-e-seguranca\/\">cursos<\/a> Dental Press e aulas que ser\u00e3o ministradas de maneira online, basta acessar <a href=\"http:\/\/dentalpress.com.br\/dentalgo\/\">este link<\/a>.<\/p>\n","protected":false},"excerpt":{"rendered":"<p>&#8220;A Interface entre DTM e Ortodontia&#8221; ser\u00e1 ministrada pelo Prof. Dr. Bruno Furquim, que faz bate-papo com com outros cinco professores sobre o tema De hoje at\u00e9 quinta-feira, a Dental Press realiza o curso &#8220;A interface entre DTM e Ortodontia&#8221;. As inscri\u00e7\u00f5es s\u00e3o gratuitas e as aulas ser\u00e3o ministradas pelo Zoom.\u00a0 As mil inscri\u00e7\u00f5es j\u00e1<\/p>\n","protected":false},"author":26,"featured_media":25848,"comment_status":"open","ping_status":"closed","sticky":false,"template":"","format":"standard","meta":{"footnotes":""},"categories":[],"tags":[],"class_list":["post-28577","post","type-post","status-publish","format-standard","has-post-thumbnail"],"aioseo_notices":[],"amp_enabled":true,"_links":{"self":[{"href":"https:\/\/dentalpress.com.br\/portal\/wp-json\/wp\/v2\/posts\/28577","targetHints":{"allow":["GET"]}}],"collection":[{"href":"https:\/\/dentalpress.com.br\/portal\/wp-json\/wp\/v2\/posts"}],"about":[{"href":"https:\/\/dentalpress.com.br\/portal\/wp-json\/wp\/v2\/types\/post"}],"author":[{"embeddable":true,"href":"https:\/\/dentalpress.com.br\/portal\/wp-json\/wp\/v2\/users\/26"}],"replies":[{"embeddable":true,"href":"https:\/\/dentalpress.com.br\/portal\/wp-json\/wp\/v2\/comments?post=28577"}],"version-history":[{"count":0,"href":"https:\/\/dentalpress.com.br\/portal\/wp-json\/wp\/v2\/posts\/28577\/revisions"}],"wp:featuredmedia":[{"embeddable":true,"href":"https:\/\/dentalpress.com.br\/portal\/wp-json\/wp\/v2\/media\/25848"}],"wp:attachment":[{"href":"https:\/\/dentalpress.com.br\/portal\/wp-json\/wp\/v2\/media?parent=28577"}],"wp:term":[{"taxonomy":"category","embeddable":true,"href":"https:\/\/dentalpress.com.br\/portal\/wp-json\/wp\/v2\/categories?post=28577"},{"taxonomy":"post_tag","embeddable":true,"href":"https:\/\/dentalpress.com.br\/portal\/wp-json\/wp\/v2\/tags?post=28577"}],"curies":[{"name":"wp","href":"https:\/\/api.w.org\/{rel}","templated":true}]}}