{"id":28574,"date":"2020-06-16T09:00:03","date_gmt":"2020-06-16T12:00:03","guid":{"rendered":"https:\/\/www.dentalpress.com.br\/portal\/?p=28574"},"modified":"2020-06-17T13:21:27","modified_gmt":"2020-06-17T16:21:27","slug":"segundo-endoday-discute-diagnostico-e-tratamento-de-dores-odontogenicas","status":"publish","type":"post","link":"https:\/\/dentalpress.com.br\/portal\/segundo-endoday-discute-diagnostico-e-tratamento-de-dores-odontogenicas\/","title":{"rendered":"Segundo EndoDay discute diagn\u00f3stico e tratamento de dores odontog\u00eanicas"},"content":{"rendered":"<h2 style=\"text-align: center;\"><strong><em>Promovido por Dental Press e SBEndo, Endoday discute diagn\u00f3stico e tratamento de dores odontog\u00eanicas<\/em><\/strong><\/h2>\n<p><img fetchpriority=\"high\" decoding=\"async\" class=\"aligncenter wp-image-25734\" src=\"https:\/\/dentalpress.com.br\/portal\/wp-content\/uploads\/2019\/05\/MarcoHungaro-680x1024.jpg\" alt=\"EndoDay\" width=\"486\" height=\"732\" srcset=\"\/wp-content\/uploads\/2019\/05\/MarcoHungaro-680x1024.jpg 680w, \/wp-content\/uploads\/2019\/05\/MarcoHungaro-199x300.jpg 199w, \/wp-content\/uploads\/2019\/05\/MarcoHungaro-768x1156.jpg 768w, \/wp-content\/uploads\/2019\/05\/MarcoHungaro-1170x1761.jpg 1170w, \/wp-content\/uploads\/2019\/05\/MarcoHungaro-1920x2890.jpg 1920w, \/wp-content\/uploads\/2019\/05\/MarcoHungaro-585x881.jpg 585w\" sizes=\"(max-width: 486px) 100vw, 486px\" \/><\/p>\n<p>Promovido pela Dental Press em parceria com a SBEndo (<a href=\"http:\/\/www.sbendo.com.br\/\">Sociedade Brasileira de Endodontia<\/a>), o segundo EndoDay, segue com a miss\u00e3o de promover discuss\u00f5es em alto n\u00edvel, sobre a cl\u00ednica endod\u00f4ntica baseada na evid\u00eancia cient\u00edfica. Ap\u00f3s uma primeira edi\u00e7\u00e3o pautada pelas rela\u00e7\u00f5es sist\u00eamicas da endodontia, este segundo encontro ter\u00e1 como tema &#8220;Diagn\u00f3stico e tratamento de dores odontog\u00eanicas&#8221;, no dia 3 de julho.<\/p>\n<ul>\n<li><a href=\"https:\/\/www.dentalpress.com.br\/portal\/top-10-do-mundo-em-publicacoes-de-tomografia-cone-beam-tem-tres-brasileiros\/\">Top 10 do mundo em publica\u00e7\u00f5es de tomografia Cone Beam tem tr\u00eas brasileiros<\/a><\/li>\n<\/ul>\n<p>Com coordena\u00e7\u00e3o dos professores Carlos Herrero e Marco Ant\u00f4nio H\u00fangaro Duarte, o segundo EndoDay ser\u00e1 realizado de maneira online &#8211; devido a pandemia do novo Coronav\u00edrus &#8211; atrav\u00e9s do Zoom e poder\u00e1 ser acompanhado por at\u00e9 mil alunos. Todo o lucro do <a href=\"https:\/\/dentalpress.com.br\/portal\/como-inserir-lasers-de-baixa-e-alta-potencia-na-rotina-clinica\/\">curso<\/a>, cuja inscri\u00e7\u00e3o \u00e9 de R$ 50, ser\u00e1 revertido para o HU (Hospital Universit\u00e1rio) da UEM (Universidade Estadual de Maring\u00e1).<\/p>\n<p>O corpo-docente \u00e9 formado pelos professores Carlos Estrela, Celso Caldeira, Leonardo Bonjardim e Juliana Ramaciato. A ideia \u00e9 promover debates e discuss\u00f5es que partam do diagn\u00f3stico de dores odontog\u00eanicas at\u00e9 o tratamento dos acometimentos. O curso \u00e9 uma imers\u00e3o com carga-hor\u00e1ria total de 8 horas\/aula.<\/p>\n<p><em>Confira a grade do curso:<\/em><\/p>\n<ol>\n<li>Das 9h \u00e0s 10h30 \u2013 <strong>Prof. Dr. Celso Caldeira<\/strong> \u2013 O impacto dos problemas da vida moderna na Odontologia e o reflexo sobre o diagn\u00f3stico em Endodontia.<\/li>\n<li>Das 10h40 \u00e0s 12h10 \u2013 <strong>Prof. Dr. Leonardo Rigoldi Bonjardim<\/strong> \u2013 \u201cN\u00e3o \u00e9 dor de dente, e agora?\u201d<\/li>\n<li>Das 14h30 \u00e0s 16h \u2013 <strong>Prof. Dr. Carlos Estrela<\/strong> \u2013 \u201cRecurso Imaginol\u00f3gico 3D no Diagn\u00f3stico Endod\u00f4ntico\u201d.<\/li>\n<li>Das 16h10 \u00e0s 17h40 \u2013 <strong>Prof\u00aa. Dr\u00aa. Juliana Ramaciato<\/strong> \u2013 Condutas terap\u00eauticas na dor de Origem Endod\u00f4ntica<\/li>\n<\/ol>\n<p>Nos intervalos entre per\u00edodos: das 12h10 \u00e0s 12h30 e das 17h40 \u00e0s 18h, haver\u00e1 debates entre os professores e alunos para trazer interdisciplinaridade entre os temas de cada um dos professores. A ideia \u00e9 que potencialize-se a participa\u00e7\u00e3o dos alunos, com problemas, por eles encontrado, na pr\u00e1tica cl\u00ednica di\u00e1ria e interagir com os professores.<\/p>\n","protected":false},"excerpt":{"rendered":"<p>Promovido por Dental Press e SBEndo, Endoday discute diagn\u00f3stico e tratamento de dores odontog\u00eanicas Promovido pela Dental Press em parceria com a SBEndo (Sociedade Brasileira de Endodontia), o segundo EndoDay, segue com a miss\u00e3o de promover discuss\u00f5es em alto n\u00edvel, sobre a cl\u00ednica endod\u00f4ntica baseada na evid\u00eancia cient\u00edfica. Ap\u00f3s uma primeira edi\u00e7\u00e3o pautada pelas rela\u00e7\u00f5es<\/p>\n","protected":false},"author":26,"featured_media":28583,"comment_status":"open","ping_status":"closed","sticky":false,"template":"","format":"standard","meta":{"footnotes":""},"categories":[],"tags":[],"class_list":["post-28574","post","type-post","status-publish","format-standard","has-post-thumbnail"],"aioseo_notices":[],"amp_enabled":true,"_links":{"self":[{"href":"https:\/\/dentalpress.com.br\/portal\/wp-json\/wp\/v2\/posts\/28574","targetHints":{"allow":["GET"]}}],"collection":[{"href":"https:\/\/dentalpress.com.br\/portal\/wp-json\/wp\/v2\/posts"}],"about":[{"href":"https:\/\/dentalpress.com.br\/portal\/wp-json\/wp\/v2\/types\/post"}],"author":[{"embeddable":true,"href":"https:\/\/dentalpress.com.br\/portal\/wp-json\/wp\/v2\/users\/26"}],"replies":[{"embeddable":true,"href":"https:\/\/dentalpress.com.br\/portal\/wp-json\/wp\/v2\/comments?post=28574"}],"version-history":[{"count":0,"href":"https:\/\/dentalpress.com.br\/portal\/wp-json\/wp\/v2\/posts\/28574\/revisions"}],"wp:featuredmedia":[{"embeddable":true,"href":"https:\/\/dentalpress.com.br\/portal\/wp-json\/wp\/v2\/media\/28583"}],"wp:attachment":[{"href":"https:\/\/dentalpress.com.br\/portal\/wp-json\/wp\/v2\/media?parent=28574"}],"wp:term":[{"taxonomy":"category","embeddable":true,"href":"https:\/\/dentalpress.com.br\/portal\/wp-json\/wp\/v2\/categories?post=28574"},{"taxonomy":"post_tag","embeddable":true,"href":"https:\/\/dentalpress.com.br\/portal\/wp-json\/wp\/v2\/tags?post=28574"}],"curies":[{"name":"wp","href":"https:\/\/api.w.org\/{rel}","templated":true}]}}