{"id":28565,"date":"2020-06-12T09:00:01","date_gmt":"2020-06-12T12:00:01","guid":{"rendered":"https:\/\/www.dentalpress.com.br\/portal\/?p=28565"},"modified":"2020-06-08T16:00:07","modified_gmt":"2020-06-08T19:00:07","slug":"cfo-e-amib-publicam-novas-recomendacoes-para-atendimento-no-periodo-de-pandemia","status":"publish","type":"post","link":"https:\/\/dentalpress.com.br\/portal\/cfo-e-amib-publicam-novas-recomendacoes-para-atendimento-no-periodo-de-pandemia\/","title":{"rendered":"CFO e Amib publicam novas recomenda\u00e7\u00f5es para atendimento no per\u00edodo de pandemia"},"content":{"rendered":"<h2 style=\"text-align: center;\"><em>CFO e Amib apresentam novos protocolos para atendimento de pacientes durante o per\u00edodo da pandemia do novo Coronav\u00edrus<\/em><\/h2>\n<p><img fetchpriority=\"high\" decoding=\"async\" class=\"size-full wp-image-27787 aligncenter\" src=\"https:\/\/dentalpress.com.br\/portal\/wp-content\/uploads\/2020\/03\/coronavirus.jpg\" alt=\"Amib\" width=\"600\" height=\"335\" srcset=\"\/wp-content\/uploads\/2020\/03\/coronavirus.jpg 600w, \/wp-content\/uploads\/2020\/03\/coronavirus-300x168.jpg 300w, \/wp-content\/uploads\/2020\/03\/coronavirus-585x327.jpg 585w\" sizes=\"(max-width: 600px) 100vw, 600px\" \/>1<\/p>\n<p>O CFO (<a href=\"http:\/\/website.cfo.org.br\/publicada-versao-atualizada-de-recomendacoes-amib-cfo-para-enfrentamento-da-covid-19-na-odontologia\/\">Conselho Federal de Odontologia<\/a>), em conjunto com a Amib (Associa\u00e7\u00e3o de Medicina Intensiva Brasileira) apresentou uma nova vers\u00e3o de recomenda\u00e7\u00f5es, para fortalecer a luta contra a Covid-19, durante o atendimento odontol\u00f3gico. A atualiza\u00e7\u00e3o da minuta tem como base publica\u00e7\u00f5es cient\u00edficas, proveniente do avan\u00e7o no conhecimento sobra a doen\u00e7a e, sobretudo, esclarecimento de d\u00favidas relatadas pelos cirurgi\u00f5es-dentistas.<\/p>\n<ul>\n<li><a href=\"https:\/\/www.dentalpress.com.br\/portal\/revista-clinica-de-ortodontia-dental-press-ja-esta-disponivel-no-dental-go\/\">Revista Cl\u00ednica de Ortodontia Dental Press j\u00e1 est\u00e1 dispon\u00edvel no Dental GO<\/a><\/li>\n<\/ul>\n<p>O documento foca em informa\u00e7\u00f5es para atendimento de urg\u00eancia e emerg\u00eancia odontol\u00f3gica, bem como para a melhor condu\u00e7\u00e3o do atendimento eletivo, na retomada gradativa dos casos. Como todos os dias, novos estudos s\u00e3o feitos e h\u00e1 novos entendimentos sobre a doen\u00e7a, novas modifica\u00e7\u00f5es das orienta\u00e7\u00f5es podem surgir, consideram-se os esfor\u00e7os das entidades de sa\u00fade em resguardar a popula\u00e7\u00e3o em geral, bem como os profissionais das linhas de frente ao combate \u00e0 pandemia.<\/p>\n<p>Entre as recomenda\u00e7\u00f5es, quando o isolamento n\u00e3o for poss\u00edvel, a recomenda\u00e7\u00e3o \u00e9 dar prefer\u00eancia a instrumentos manuais para remo\u00e7\u00e3o de c\u00e1ries e uso de extratores (Curetas, Cinz\u00e9is, Foices, Enxadas e Limas periodontais) de c\u00e1lculo ao inv\u00e9s de aparelhos ultrass\u00f4nicos, para minimizar a gera\u00e7\u00e3o de aeross\u00f3is. O que inclui o uso de dique de borracha, sempre que o procedimento permitir.<\/p>\n<ul>\n<li><a href=\"http:\/\/website.cfo.org.br\/wp-content\/uploads\/2020\/06\/recomendacoes-amib-cfo-junho-2020.pdf\">Vers\u00e3o atualizada das recomenda\u00e7\u00f5es para Cirurgi\u00f5es-Dentistas, durante a Pandemia<\/a><\/li>\n<li><a href=\"http:\/\/website.cfo.org.br\/wp-content\/uploads\/2020\/05\/AMIB_CFO-Recomendac%CC%A7o%CC%83es.pdf\">Primeira vers\u00e3o das recomenda\u00e7\u00f5es para Cirurgi\u00f5es-Dentistas, durante a Pandemi<\/a><\/li>\n<\/ul>\n<p>Como o novo coronav\u00edrus (SARS-CoV-2) \u00e9 vulner\u00e1vel \u00e0 oxida\u00e7\u00e3o, recomenda-se, tamb\u00e9m, a higieniza\u00e7\u00e3o pr\u00e9via da boca do paciente por meio de escova\u00e7\u00e3o e\/ou bochecho com antiss\u00e9ptico. N\u00e3o h\u00e1 recomenda\u00e7\u00e3o do uso de digluconato de clorexidina, em qualquer concentra\u00e7\u00e3o, considerando que ainda n\u00e3o h\u00e1 evid\u00eancias cient\u00edficas que demonstrem a efic\u00e1cia da clorexidina contra o novo Coronav\u00edrus.<\/p>\n<p>Al\u00e9m disso, o documento apresenta ainda:<\/p>\n<ol>\n<li>Orienta\u00e7\u00f5es sobre limpeza e desinfec\u00e7\u00e3o de superf\u00edcies,<\/li>\n<li>O tratamento de res\u00edduos<\/li>\n<li>Cuidados bucais com pacientes diagnosticados com COVID-19.<\/li>\n<\/ol>\n<p>H\u00e1 informa\u00e7\u00f5es precisas para procedimentos em Unidades de Terapia Intensiva (UTI), abrangendo tamb\u00e9m manuten\u00e7\u00e3o da higiene bucal para preven\u00e7\u00e3o de pneumonia associada \u00e0 ventila\u00e7\u00e3o mec\u00e2nica (PAVM). Para o Presidente do CFO, Juliano do Vale, a nova vers\u00e3o de recomenda\u00e7\u00f5es ratifica o compromisso da conselho no combate \u00e0 pandemia.<\/p>\n<p>\u201cEssa atualiza\u00e7\u00e3o subsidiar\u00e1, conforme as demandas identificadas, maior seguran\u00e7a nos procedimentos odontol\u00f3gicos realizados. Como a doen\u00e7a COVID-19 e seus impactos ainda est\u00e3o em estudo cont\u00ednuo, incertezas s\u00e3o comuns. Por isso, seguimos trabalhando para viabilizar, sempre que necess\u00e1rio e com m\u00e1xima responsabilidade, recomenda\u00e7\u00f5es coerentes, concisas e baseadas em evid\u00eancias cl\u00ednicas e cient\u00edficas\u201d, destacou.<\/p>\n<p>Fonte: Michelle Calazans, da Ascom do CFO.<\/p>\n","protected":false},"excerpt":{"rendered":"<p>CFO e Amib apresentam novos protocolos para atendimento de pacientes durante o per\u00edodo da pandemia do novo Coronav\u00edrus 1 O CFO (Conselho Federal de Odontologia), em conjunto com a Amib (Associa\u00e7\u00e3o de Medicina Intensiva Brasileira) apresentou uma nova vers\u00e3o de recomenda\u00e7\u00f5es, para fortalecer a luta contra a Covid-19, durante o atendimento odontol\u00f3gico. A atualiza\u00e7\u00e3o da<\/p>\n","protected":false},"author":26,"featured_media":17597,"comment_status":"open","ping_status":"closed","sticky":false,"template":"","format":"standard","meta":{"footnotes":""},"categories":[],"tags":[],"class_list":["post-28565","post","type-post","status-publish","format-standard","has-post-thumbnail"],"aioseo_notices":[],"amp_enabled":true,"_links":{"self":[{"href":"https:\/\/dentalpress.com.br\/portal\/wp-json\/wp\/v2\/posts\/28565","targetHints":{"allow":["GET"]}}],"collection":[{"href":"https:\/\/dentalpress.com.br\/portal\/wp-json\/wp\/v2\/posts"}],"about":[{"href":"https:\/\/dentalpress.com.br\/portal\/wp-json\/wp\/v2\/types\/post"}],"author":[{"embeddable":true,"href":"https:\/\/dentalpress.com.br\/portal\/wp-json\/wp\/v2\/users\/26"}],"replies":[{"embeddable":true,"href":"https:\/\/dentalpress.com.br\/portal\/wp-json\/wp\/v2\/comments?post=28565"}],"version-history":[{"count":0,"href":"https:\/\/dentalpress.com.br\/portal\/wp-json\/wp\/v2\/posts\/28565\/revisions"}],"wp:featuredmedia":[{"embeddable":true,"href":"https:\/\/dentalpress.com.br\/portal\/wp-json\/wp\/v2\/media\/17597"}],"wp:attachment":[{"href":"https:\/\/dentalpress.com.br\/portal\/wp-json\/wp\/v2\/media?parent=28565"}],"wp:term":[{"taxonomy":"category","embeddable":true,"href":"https:\/\/dentalpress.com.br\/portal\/wp-json\/wp\/v2\/categories?post=28565"},{"taxonomy":"post_tag","embeddable":true,"href":"https:\/\/dentalpress.com.br\/portal\/wp-json\/wp\/v2\/tags?post=28565"}],"curies":[{"name":"wp","href":"https:\/\/api.w.org\/{rel}","templated":true}]}}