{"id":28548,"date":"2020-06-05T13:32:31","date_gmt":"2020-06-05T16:32:31","guid":{"rendered":"https:\/\/www.dentalpress.com.br\/portal\/?p=28548"},"modified":"2020-06-05T13:32:31","modified_gmt":"2020-06-05T16:32:31","slug":"cidades-do-interior-tem-alto-potencial-de-propagacao-da-covid-19","status":"publish","type":"post","link":"https:\/\/dentalpress.com.br\/portal\/cidades-do-interior-tem-alto-potencial-de-propagacao-da-covid-19\/","title":{"rendered":"Cidades do interior t\u00eam alto potencial de propaga\u00e7\u00e3o da Covid-19"},"content":{"rendered":"<h2 style=\"text-align: center;\"><em>Estudo mapeou fluxo intermunicipal para tra\u00e7ar o risco de prolifera\u00e7\u00e3o e propaga\u00e7\u00e3o da Covid-19 em cidade do interior<\/em><\/h2>\n<figure id=\"attachment_28549\" aria-describedby=\"caption-attachment-28549\" style=\"width: 638px\" class=\"wp-caption aligncenter\"><img fetchpriority=\"high\" decoding=\"async\" class=\" wp-image-28549\" src=\"https:\/\/dentalpress.com.br\/portal\/wp-content\/uploads\/2020\/06\/ribeirao-preto-1024x695.jpg\" alt=\"Interior\" width=\"638\" height=\"434\" srcset=\"\/wp-content\/uploads\/2020\/06\/ribeirao-preto-1024x695.jpg 1024w, \/wp-content\/uploads\/2020\/06\/ribeirao-preto-300x204.jpg 300w, \/wp-content\/uploads\/2020\/06\/ribeirao-preto-768x522.jpg 768w, \/wp-content\/uploads\/2020\/06\/ribeirao-preto-1170x795.jpg 1170w, \/wp-content\/uploads\/2020\/06\/ribeirao-preto-585x397.jpg 585w, \/wp-content\/uploads\/2020\/06\/ribeirao-preto.jpg 1200w\" sizes=\"(max-width: 638px) 100vw, 638px\" \/><figcaption id=\"caption-attachment-28549\" class=\"wp-caption-text\">Ribeir\u00e3o Preto, no interior de S\u00e3o Paulo<\/figcaption><\/figure>\n<p>O potencial de propaga\u00e7\u00e3o da COVID-19 em cidades como Ribeir\u00e3o Preto, no Estado de S\u00e3o Paulo, Campina Grande, na Para\u00edba, e Caruaru, em Pernambuco, equivale ao das capitais de alguns estados do pa\u00eds. Essa \u00e9 a <a href=\"https:\/\/www2.unesp.br\/portal#!\/noticia\/35808\/cidades-do-interior-tem-alto-potencial-de-propagacao-da-covid-19\">conclus\u00e3o de um estudo<\/a> promovido por pesquisadores da UFOP (Universidade Federal de Ouro Preto), Unesp (Universidade Estadual Paulista J\u00falio de Mesquita Filho) e Cemaden (Centro Nacional de Monitoramento de Alertas de Desastres Naturais).<\/p>\n<ul>\n<li><a href=\"https:\/\/www.dentalpress.com.br\/portal\/top-10-do-mundo-em-publicacoes-de-tomografia-cone-beam-tem-tres-brasileiros\/\">Top 10 do mundo em publica\u00e7\u00f5es de tomografia Cone Beam tem tr\u00eas brasileiros<\/a><\/li>\n<\/ul>\n<p>Os tr\u00eas munic\u00edpios s\u00e3o cidades-polo, com grande concentra\u00e7\u00e3o de ind\u00fastrias, com\u00e9rcio e servi\u00e7os, e t\u00eam import\u00e2ncia estrat\u00e9gica na din\u00e2mica de mobilidade regional, medida pelas fortes conex\u00f5es que possuem com diversos outros munic\u00edpios em termos de fluxo de pessoas. Por isso, desempenham um papel central no processo de interioriza\u00e7\u00e3o de casos de COVID-19 no pa\u00eds.<\/p>\n<p>Resultado de um Projeto Tem\u00e1tico apoiado pela FAPESP (Funda\u00e7\u00e3o de Amparo \u00e0 Pesquisa no Estado de S\u00e3o Paulo), o estudo foi publicado na plataforma medRxiv, e n\u00e3o conta ainda com revis\u00e3o por pares.<\/p>\n<p>\u201cEssas cidades podem ajudar a acelerar e amplificar a interioriza\u00e7\u00e3o da epidemia de COVID-19 ao servir de atalho para a propaga\u00e7\u00e3o da doen\u00e7a para diversos outros munic\u00edpios com os quais t\u00eam conex\u00f5es\u201d, diz \u00e0 Ag\u00eancia FAPESP Leonardo Bacelar Lima Santos, pesquisador do Cemaden.<\/p>\n<p>Para identificar as cidades brasileiras mais vulner\u00e1veis \u00e0 dissemina\u00e7\u00e3o do SARS-CoV-2, os pesquisadores analisaram a mobilidade entre munic\u00edpios das regi\u00f5es Sudeste, Sul, Nordeste e Centro-Oeste, baseada em uma abordagem de redes. As redes de conex\u00e3o entre munic\u00edpios foram constru\u00eddas a partir de dados de mobilidade terrestre obtidos do IBGE (Instituto Brasileiro de Geografia e Estat\u00edstica), que forneceu informa\u00e7\u00f5es sobre os fluxos de pessoas entre as cidades por diversos modais.<\/p>\n<p>Por meio de ferramentas matem\u00e1ticas foram medidos o n\u00famero de munic\u00edpios aos quais uma cidade est\u00e1 conectada \u2013 para avaliar o n\u00famero de destinos poss\u00edveis de novos casos da doen\u00e7a \u2013, a for\u00e7a da conex\u00e3o, em termos de fluxo de pessoas, e a centralidade delas na rede.<\/p>\n<p>Os resultados indicaram que cidades como Campina Grande, na Para\u00edba, Feira de Santana, na Bahia, e Caruaru, em Pernambuco, t\u00eam for\u00e7as de conex\u00e3o mais altas do que as capitais de alguns estados do pa\u00eds. Algumas cidades do Estado de S\u00e3o Paulo, como Ribeir\u00e3o Preto, Jundia\u00ed, Sorocaba, Piracicaba e Presidente Prudente, tamb\u00e9m figuraram em posi\u00e7\u00f5es mais altas em todas as medidas analisadas.<\/p>\n<p>Ao comparar os resultados das medidas com os casos confirmados de COVID-19 no Brasil at\u00e9 1\u00ba de maio, os pesquisadores constataram que a for\u00e7a da conex\u00e3o \u00e9 a m\u00e9trica que apresenta a melhor correspond\u00eancia com a dissemina\u00e7\u00e3o da doen\u00e7a no pa\u00eds. As cidades com maior for\u00e7a de conex\u00e3o tamb\u00e9m s\u00e3o, em m\u00e9dia, as que primeiro registraram casos de infec\u00e7\u00e3o pelo SARS-CoV-2.<\/p>\n<p>\u201cDados de mobilidade s\u00e3o fundamentais para pesquisas em desastres e em estudos de dissemina\u00e7\u00e3o de doen\u00e7as. As pessoas impactadas por um alagamento, por exemplo, n\u00e3o s\u00f3 moram na regi\u00e3o alagada, mas tamb\u00e9m transitam por aquelas \u00e1reas em seus deslocamentos para o trabalho\u201d, afirma o pesquisador, que atualmente faz est\u00e1gio de pesquisa na Humboldt University, na Alemanha, com bolsa da FAPESP.<\/p>\n<p>O artigo\u00a0<em>The correspondence between the structure of the terrestrial mobility network and the emergence of COVID-19 in Brazil<\/em> (DOI: 10.1101\/2020.05.17.20104612), de Vander L. S. Freitas, Jeferson Feitosa, Catia S. N. Sepetauskas e Leonardo B. L. Santos, pode ser lido <a href=\"http:\/\/www.medrxiv.org\/content\/10.1101\/2020.05.17.20104612v1.\">neste link<\/a>.<\/p>\n<p>Fonte: <a href=\"https:\/\/www2.unesp.br\/portal#!\/noticia\/35808\/cidades-do-interior-tem-alto-potencial-de-propagacao-da-covid-19\">reportagem de Elton Alisson, da Ag\u00eancia Fapesp.<\/a><\/p>\n","protected":false},"excerpt":{"rendered":"<p>Estudo mapeou fluxo intermunicipal para tra\u00e7ar o risco de prolifera\u00e7\u00e3o e propaga\u00e7\u00e3o da Covid-19 em cidade do interior O potencial de propaga\u00e7\u00e3o da COVID-19 em cidades como Ribeir\u00e3o Preto, no Estado de S\u00e3o Paulo, Campina Grande, na Para\u00edba, e Caruaru, em Pernambuco, equivale ao das capitais de alguns estados do pa\u00eds. Essa \u00e9 a conclus\u00e3o<\/p>\n","protected":false},"author":26,"featured_media":28549,"comment_status":"open","ping_status":"closed","sticky":false,"template":"","format":"standard","meta":{"footnotes":""},"categories":[],"tags":[],"class_list":["post-28548","post","type-post","status-publish","format-standard","has-post-thumbnail"],"aioseo_notices":[],"amp_enabled":true,"_links":{"self":[{"href":"https:\/\/dentalpress.com.br\/portal\/wp-json\/wp\/v2\/posts\/28548","targetHints":{"allow":["GET"]}}],"collection":[{"href":"https:\/\/dentalpress.com.br\/portal\/wp-json\/wp\/v2\/posts"}],"about":[{"href":"https:\/\/dentalpress.com.br\/portal\/wp-json\/wp\/v2\/types\/post"}],"author":[{"embeddable":true,"href":"https:\/\/dentalpress.com.br\/portal\/wp-json\/wp\/v2\/users\/26"}],"replies":[{"embeddable":true,"href":"https:\/\/dentalpress.com.br\/portal\/wp-json\/wp\/v2\/comments?post=28548"}],"version-history":[{"count":0,"href":"https:\/\/dentalpress.com.br\/portal\/wp-json\/wp\/v2\/posts\/28548\/revisions"}],"wp:featuredmedia":[{"embeddable":true,"href":"https:\/\/dentalpress.com.br\/portal\/wp-json\/wp\/v2\/media\/28549"}],"wp:attachment":[{"href":"https:\/\/dentalpress.com.br\/portal\/wp-json\/wp\/v2\/media?parent=28548"}],"wp:term":[{"taxonomy":"category","embeddable":true,"href":"https:\/\/dentalpress.com.br\/portal\/wp-json\/wp\/v2\/categories?post=28548"},{"taxonomy":"post_tag","embeddable":true,"href":"https:\/\/dentalpress.com.br\/portal\/wp-json\/wp\/v2\/tags?post=28548"}],"curies":[{"name":"wp","href":"https:\/\/api.w.org\/{rel}","templated":true}]}}