{"id":28228,"date":"2020-05-25T14:37:12","date_gmt":"2020-05-25T17:37:12","guid":{"rendered":"https:\/\/www.dentalpress.com.br\/portal\/?p=28228"},"modified":"2020-05-25T14:37:12","modified_gmt":"2020-05-25T17:37:12","slug":"congresso-dental-go-de-ortodontia-contou-com-mais-de-5-600-inscricoes","status":"publish","type":"post","link":"https:\/\/dentalpress.com.br\/portal\/congresso-dental-go-de-ortodontia-contou-com-mais-de-5-600-inscricoes\/","title":{"rendered":"Congresso Dental GO de Ortodontia contou com mais de 5.600 inscri\u00e7\u00f5es"},"content":{"rendered":"<h2 style=\"text-align: center;\"><em><strong>Foram 30 horas de cursos, no decorrer de cinco dias do evento, que contou com 5.613 inscri\u00e7\u00f5es distribu\u00eddas entre dez aulas<\/strong><\/em><\/h2>\n<p><img fetchpriority=\"high\" decoding=\"async\" class=\"size-full wp-image-27190 aligncenter\" src=\"https:\/\/dentalpress.com.br\/portal\/wp-content\/uploads\/2020\/01\/Captura-de-Tela-2020-01-09-a\u0300s-09.37.46.png\" alt=\"Inscri\u00e7\u00f5es\" width=\"661\" height=\"411\" srcset=\"\/wp-content\/uploads\/2020\/01\/Captura-de-Tela-2020-01-09-a\u0300s-09.37.46.png 661w, \/wp-content\/uploads\/2020\/01\/Captura-de-Tela-2020-01-09-a\u0300s-09.37.46-300x187.png 300w, \/wp-content\/uploads\/2020\/01\/Captura-de-Tela-2020-01-09-a\u0300s-09.37.46-585x364.png 585w\" sizes=\"(max-width: 661px) 100vw, 661px\" \/><\/p>\n<p>O primeiro Congresso Dental GO de <a href=\"https:\/\/dentalpress.com.br\/portal\/excelencia-em-ortodontia-2\/\">Ortodontia<\/a> reuniu 5.613 inscri\u00e7\u00f5es, divididas pelos 10 cursos ofertados em cinco dias de evento: uma m\u00e9dia de 561 inscri\u00e7\u00f5es por aula ministrada. O evento foi destinado exclusivamente aos assinantes da plataforma Dental GO e reuniu alguns dos <a href=\"https:\/\/www.scielo.br\/scielo.php?script=sci_serial&amp;pid=2176-9451\">principais nomes da ortodontia<\/a> nacional.<\/p>\n<ul>\n<li><a href=\"https:\/\/www.dentalpress.com.br\/portal\/carlos-alexandre-camara-e-ertty-silva-encerram-o-congresso-dental-go-de-ortodontia\/\">Carlos Alexandre C\u00e2mara e Ertty Silva encerram o Congresso Dental GO de Ortodontia<\/a><\/li>\n<\/ul>\n<p>O evento foi realizado entre os dias 18 e 22 de maio, com duas aulas por dia: uma no per\u00edodo da manh\u00e3 e outra no per\u00edodo da tarde. A ideia \u00e9 que, nos pr\u00f3ximos meses, outras \u00e1reas da odontologia &#8211; como est\u00e9tica, <a href=\"https:\/\/dentalpress.com.br\/portal\/excelencia-em-implantodontia-2\/\">implantodontia<\/a>, <a href=\"https:\/\/dentalpress.com.br\/portal\/curso-intensivo-de-endodontia-para-molares\/\">endodontia<\/a> e <a href=\"https:\/\/dentalpress.com.br\/portal\/excelencia-em-dtm-2\/\">DTM<\/a> -, sejam contempladas em espa\u00e7os similares a esse.<\/p>\n<p data-raofz=\"15\">Completamente digital, palestrantes e alunos puderam se reunir para fazer a discuss\u00e3o da Ortodontia em alto n\u00edvel, atrav\u00e9s de uma sala de reuni\u00f5es do Zoom (plataforma escolhida pela Dental Press, pela estabilidade e seguran\u00e7a de transmiss\u00e3o). Ao todo, s\u00e3o foram dois professores por dia, que ministraram aulas de 3 horas em m\u00e9dia, totalizando 30 horas de conte\u00fado aos usu\u00e1rios Dental GO.<\/p>\n<p data-raofz=\"15\"><em>Confira as aulas e professores que participaram do evento, entre os dias 18 e 22 de maio:<\/em><\/p>\n<ol>\n<li data-raofz=\"15\">Biomec\u00e2nica dos mini-implantes extra alveolares, com Marcio Almeida;<\/li>\n<li data-raofz=\"15\">T\u00e9cnica MBT, com Hugo Trevisi;<\/li>\n<li data-raofz=\"15\">Tratamento da classe III em adultos sem <a href=\"https:\/\/dentalpress.com.br\/portal\/curso-de-aperfeicoamento-em-cirurgia-de-dentes-retidos\/\">cirurgia<\/a> ortogn\u00e1tica, com Jos\u00e9 Eduardo Prado;<\/li>\n<li data-raofz=\"15\">MARPE: expandindo os limites da Ortodontia, com Julio Gurgel;<\/li>\n<li data-raofz=\"15\">Finaliza\u00e7\u00e3o e Ortodontia Digital, com Carlo Marassi;<\/li>\n<li data-raofz=\"15\">Porque os dentes sofrem reabsor\u00e7\u00f5es dent\u00e1rias e como<br \/>\npodemos evit\u00e1-las na pr\u00e1tica ortod\u00f4ntica, com Alberto Consolaro;<\/li>\n<li data-raofz=\"15\">Ortodontia em Adultos, com Marcos Janson;<\/li>\n<li data-raofz=\"15\">Tratamento em adultos, com Silvia Reis;<\/li>\n<li data-raofz=\"15\">Est\u00e9tica em Ortodontia, com Carlos Alexandre C\u00e2mara;<\/li>\n<li data-raofz=\"15\">Ortodontia Reabilitadora: Preparo para reabilita\u00e7\u00e3o oral com miniplacas, com Ertty Silva.<\/li>\n<\/ol>\n<p>Se voc\u00ea ainda n\u00e3o \u00e9 assinante Dental GO, basta acessar\u00a0<a role=\"link\" href=\"http:\/\/dentalpress.com.br\/dentalgo\/\" data-raofz=\"15\">este link <\/a>e assinar a plataforma.<\/p>\n","protected":false},"excerpt":{"rendered":"<p>Foram 30 horas de cursos, no decorrer de cinco dias do evento, que contou com 5.613 inscri\u00e7\u00f5es distribu\u00eddas entre dez aulas O primeiro Congresso Dental GO de Ortodontia reuniu 5.613 inscri\u00e7\u00f5es, divididas pelos 10 cursos ofertados em cinco dias de evento: uma m\u00e9dia de 561 inscri\u00e7\u00f5es por aula ministrada. O evento foi destinado exclusivamente aos<\/p>\n","protected":false},"author":26,"featured_media":27190,"comment_status":"open","ping_status":"closed","sticky":false,"template":"","format":"standard","meta":{"footnotes":""},"categories":[],"tags":[],"class_list":["post-28228","post","type-post","status-publish","format-standard","has-post-thumbnail"],"aioseo_notices":[],"amp_enabled":true,"_links":{"self":[{"href":"https:\/\/dentalpress.com.br\/portal\/wp-json\/wp\/v2\/posts\/28228","targetHints":{"allow":["GET"]}}],"collection":[{"href":"https:\/\/dentalpress.com.br\/portal\/wp-json\/wp\/v2\/posts"}],"about":[{"href":"https:\/\/dentalpress.com.br\/portal\/wp-json\/wp\/v2\/types\/post"}],"author":[{"embeddable":true,"href":"https:\/\/dentalpress.com.br\/portal\/wp-json\/wp\/v2\/users\/26"}],"replies":[{"embeddable":true,"href":"https:\/\/dentalpress.com.br\/portal\/wp-json\/wp\/v2\/comments?post=28228"}],"version-history":[{"count":0,"href":"https:\/\/dentalpress.com.br\/portal\/wp-json\/wp\/v2\/posts\/28228\/revisions"}],"wp:featuredmedia":[{"embeddable":true,"href":"https:\/\/dentalpress.com.br\/portal\/wp-json\/wp\/v2\/media\/27190"}],"wp:attachment":[{"href":"https:\/\/dentalpress.com.br\/portal\/wp-json\/wp\/v2\/media?parent=28228"}],"wp:term":[{"taxonomy":"category","embeddable":true,"href":"https:\/\/dentalpress.com.br\/portal\/wp-json\/wp\/v2\/categories?post=28228"},{"taxonomy":"post_tag","embeddable":true,"href":"https:\/\/dentalpress.com.br\/portal\/wp-json\/wp\/v2\/tags?post=28228"}],"curies":[{"name":"wp","href":"https:\/\/api.w.org\/{rel}","templated":true}]}}