{"id":28158,"date":"2020-05-21T14:03:19","date_gmt":"2020-05-21T17:03:19","guid":{"rendered":"https:\/\/www.dentalpress.com.br\/portal\/?p=28158"},"modified":"2020-06-01T09:42:12","modified_gmt":"2020-06-01T12:42:12","slug":"carlos-alexandre-camara-e-ertty-silva-encerram-o-congresso-dental-go-de-ortodontia","status":"publish","type":"post","link":"https:\/\/dentalpress.com.br\/portal\/carlos-alexandre-camara-e-ertty-silva-encerram-o-congresso-dental-go-de-ortodontia\/","title":{"rendered":"Carlos Alexandre C\u00e2mara e Ertty Silva encerram o Congresso Dental GO de Ortodontia"},"content":{"rendered":"<h2 style=\"text-align: center;\"><em>Carlos Alexandre C\u00e2mara e Ertty Silva ministram as duas \u00faltimas aulas do Congresso Dental GO de Ortodontia<\/em><\/h2>\n<p><img fetchpriority=\"high\" decoding=\"async\" class=\"wp-image-28127 aligncenter\" src=\"https:\/\/dentalpress.com.br\/portal\/wp-content\/uploads\/2020\/05\/Dental-Press.jpg\" alt=\"Congresso\" width=\"419\" height=\"280\" srcset=\"\/wp-content\/uploads\/2020\/05\/Dental-Press.jpg 800w, \/wp-content\/uploads\/2020\/05\/Dental-Press-300x200.jpg 300w, \/wp-content\/uploads\/2020\/05\/Dental-Press-768x512.jpg 768w, \/wp-content\/uploads\/2020\/05\/Dental-Press-585x390.jpg 585w, \/wp-content\/uploads\/2020\/05\/Dental-Press-263x175.jpg 263w\" sizes=\"(max-width: 419px) 100vw, 419px\" \/><\/p>\n<p>Os professores Carlos Alexandre C\u00e2mara e <a href=\"https:\/\/www.ertty.com.br\/\">Ertty Silva<\/a> s\u00e3o os dois palestrantes do quinto e \u00faltimo dia do Congresso Dental GO de <a href=\"https:\/\/dentalpress.com.br\/portal\/excelencia-em-alinhadores-e-ortodontia-digital-2\/\">Ortodontia<\/a>. As aulas ser\u00e3o realizadas online, nesta sexta-feira (22), das 8h30 \u00e0s 11h30 e das 14h30 \u00e0s 17h30, respectivamente. Ambos s\u00e3o refer\u00eancias da Ortodontia nacional e enfatizam o compromisso da Dental Press em promover um evento de <a href=\"https:\/\/dentalpress.com.br\/portal\/excelencia-em-ortodontia-2\/\">Excel\u00eancia<\/a>, visando a promo\u00e7\u00e3o do que h\u00e1 de mais moderno na especialidade.<\/p>\n<ul>\n<li><a href=\"https:\/\/www.dentalpress.com.br\/portal\/marcos-janson-e-silvia-reis-ministram-aula-online-nesta-quinta-feita-21\/\">Marcos Janson e Silvia Reis ministram aula online nesta quinta-feira (20)<\/a><\/li>\n<\/ul>\n<p>Carlos Alexandre C\u00e2mara ir\u00e1 ministrar a primeira palestra, cujo tema \u00e9 &#8220;Est\u00e9tica em Ortodontia&#8221;, tema congruente ao livro lan\u00e7ado por ele, atrav\u00e9s da Editora Dental Press, em 2018, &#8220;Est\u00e9tica em Ortodontia &#8211; Um <a href=\"https:\/\/dentalpress.com.br\/portal\/imersao-em-correcao-de-sorriso-gengival\/\">Sorriso<\/a> para cada Face&#8221;.\u00a0 As inscri\u00e7\u00f5es para a palestra podem ser efetuadas atrav\u00e9s\u00a0deste link e s\u00e3o direcionadas, exclusivamente, para os usu\u00e1rios da plataforma Dental GO.<\/p>\n<p>J\u00e1 o professor Errty Silva fica com a segunda palestra do dia e vai discursar sobre o tema &#8220;Tratamento contempor\u00e2neo da M\u00e1-Oclus\u00e3o Classe II: Diagn\u00f3stico, Progn\u00f3stico e Tratamento. Apresenta\u00e7\u00e3o de Casos Cl\u00ednicos&#8221;. Professor Ertty \u00e9 autor do livro &#8220;Sistema Ertty: Ortodontia | <a href=\"https:\/\/dentalpress.com.br\/portal\/excelencia-em-dtm-2\/\">DTM<\/a> | Oclus\u00e3o&#8221;.\u00a0 \u00c9 poss\u00edvel se inscrever para a palestra atrav\u00e9s<a href=\"https:\/\/us02web.zoom.us\/meeting\/register\/tZAoceypqTwuE9HnET1GrFj5s-pQFJSDQEOl\"> deste link<\/a>. Ressalta-se que a aula \u00e9 uma exclusividade dos assinantes Dental GO.<\/p>\n<p style=\"text-align: center;\"><em>Conhe\u00e7a um pouco dos palestrantes do \u00faltimo dia do Congresso Dental GO de Ortodontia:<\/em><\/p>\n<figure id=\"attachment_26548\" aria-describedby=\"caption-attachment-26548\" style=\"width: 261px\" class=\"wp-caption alignleft\"><img decoding=\"async\" class=\" wp-image-26548\" src=\"https:\/\/dentalpress.com.br\/portal\/wp-content\/uploads\/2019\/11\/48902426538_17c191554c_h-1024x658.jpg\" alt=\"Carlos Alexandre C\u00e2mara\" width=\"261\" height=\"168\" srcset=\"\/wp-content\/uploads\/2019\/11\/48902426538_17c191554c_h-1024x658.jpg 1024w, \/wp-content\/uploads\/2019\/11\/48902426538_17c191554c_h-300x193.jpg 300w, \/wp-content\/uploads\/2019\/11\/48902426538_17c191554c_h-768x493.jpg 768w, \/wp-content\/uploads\/2019\/11\/48902426538_17c191554c_h-1170x751.jpg 1170w, \/wp-content\/uploads\/2019\/11\/48902426538_17c191554c_h-585x376.jpg 585w, \/wp-content\/uploads\/2019\/11\/48902426538_17c191554c_h.jpg 1599w\" sizes=\"(max-width: 261px) 100vw, 261px\" \/><figcaption id=\"caption-attachment-26548\" class=\"wp-caption-text\">Carlos Alexandre C\u00e2mara fala sobre &#8220;Ortodontia e Odontologia Est\u00e9tica : Integrando conceitos e filosofias de tratamento&#8221;<\/figcaption><\/figure>\n<h2>CARLOS ALEXANDRE C\u00c2MARA<\/h2>\n<p>Carlos Alexandre C\u00e2mara \u00e9 Ortodontista, pela UERJ (Universidade Estadual do Rio de Janeiro) e\u00a0 diplomado pelo Board Brasileiro de Ortodontia e Ortopedia Facial. Foi editor-chefe da Revista Cl\u00ednica de Ortodontia da Dental Press e consultor cient\u00edfico da Dental Press JCDR (Journal of Clinical Dentistry and Research). Autor do livro &#8220;Est\u00e9tica em Ortodontia &#8211; Um Sorriso para cada Face&#8221;, e professor dos <a href=\"https:\/\/dentalpress.com.br\/portal\/especializacao-em-implantodontia-transforme-sua-carreira-com-precisao-e-seguranca\/\">cursos<\/a> de Excel\u00eancia da Dental Press. Palestrou em in\u00fameros eventos nacionais e internacionais, junto a outros grande nomes da Ortodontia Mundial.<\/p>\n<h2><strong><img decoding=\"async\" class=\"wp-image-17422 alignright\" src=\"https:\/\/dentalpress.com.br\/portal\/wp-content\/uploads\/2017\/04\/ertty.png\" alt=\"\" width=\"276\" height=\"186\" srcset=\"\/wp-content\/uploads\/2017\/04\/ertty.png 931w, \/wp-content\/uploads\/2017\/04\/ertty-300x202.png 300w, \/wp-content\/uploads\/2017\/04\/ertty-768x517.png 768w, \/wp-content\/uploads\/2017\/04\/ertty-585x394.png 585w\" sizes=\"(max-width: 276px) 100vw, 276px\" \/>Ertty Silva<\/strong><\/h2>\n<p>Dr. Ertty Silva \u00e9 especialista em Ortodontia; idealizador e autor do livro \u201cSistemas Ertty | Ortodontia | DTM | Oclus\u00e3o\u201d e ministrador de cursos nacionais e internacionais. Participou de in\u00fameros cursos em parceria com a Dental Press, dentre os quais, o Excel\u00eancia na Ortodontia: o primeiro programa de educa\u00e7\u00e3o continuada voltado exclusivamente para especialistas que querem se atualizar.<\/p>\n","protected":false},"excerpt":{"rendered":"<p>Carlos Alexandre C\u00e2mara e Ertty Silva ministram as duas \u00faltimas aulas do Congresso Dental GO de Ortodontia Os professores Carlos Alexandre C\u00e2mara e Ertty Silva s\u00e3o os dois palestrantes do quinto e \u00faltimo dia do Congresso Dental GO de Ortodontia. As aulas ser\u00e3o realizadas online, nesta sexta-feira (22), das 8h30 \u00e0s 11h30 e das 14h30<\/p>\n","protected":false},"author":26,"featured_media":26548,"comment_status":"open","ping_status":"closed","sticky":false,"template":"","format":"standard","meta":{"footnotes":""},"categories":[],"tags":[],"class_list":["post-28158","post","type-post","status-publish","format-standard","has-post-thumbnail"],"aioseo_notices":[],"amp_enabled":true,"_links":{"self":[{"href":"https:\/\/dentalpress.com.br\/portal\/wp-json\/wp\/v2\/posts\/28158","targetHints":{"allow":["GET"]}}],"collection":[{"href":"https:\/\/dentalpress.com.br\/portal\/wp-json\/wp\/v2\/posts"}],"about":[{"href":"https:\/\/dentalpress.com.br\/portal\/wp-json\/wp\/v2\/types\/post"}],"author":[{"embeddable":true,"href":"https:\/\/dentalpress.com.br\/portal\/wp-json\/wp\/v2\/users\/26"}],"replies":[{"embeddable":true,"href":"https:\/\/dentalpress.com.br\/portal\/wp-json\/wp\/v2\/comments?post=28158"}],"version-history":[{"count":0,"href":"https:\/\/dentalpress.com.br\/portal\/wp-json\/wp\/v2\/posts\/28158\/revisions"}],"wp:featuredmedia":[{"embeddable":true,"href":"https:\/\/dentalpress.com.br\/portal\/wp-json\/wp\/v2\/media\/26548"}],"wp:attachment":[{"href":"https:\/\/dentalpress.com.br\/portal\/wp-json\/wp\/v2\/media?parent=28158"}],"wp:term":[{"taxonomy":"category","embeddable":true,"href":"https:\/\/dentalpress.com.br\/portal\/wp-json\/wp\/v2\/categories?post=28158"},{"taxonomy":"post_tag","embeddable":true,"href":"https:\/\/dentalpress.com.br\/portal\/wp-json\/wp\/v2\/tags?post=28158"}],"curies":[{"name":"wp","href":"https:\/\/api.w.org\/{rel}","templated":true}]}}