{"id":28143,"date":"2020-05-20T10:14:12","date_gmt":"2020-05-20T13:14:12","guid":{"rendered":"https:\/\/www.dentalpress.com.br\/portal\/?p=28143"},"modified":"2020-06-01T09:42:40","modified_gmt":"2020-06-01T12:42:40","slug":"marcos-janson-e-silvia-reis-ministram-aula-online-nesta-quinta-feita-21","status":"publish","type":"post","link":"https:\/\/dentalpress.com.br\/portal\/marcos-janson-e-silvia-reis-ministram-aula-online-nesta-quinta-feita-21\/","title":{"rendered":"Marcos Janson e Silvia Reis ministram aula online nesta quinta-feita (21)"},"content":{"rendered":"<h2 style=\"text-align: center;\">Marcos Janson e Silvia Reis t\u00eam como tema central o tratamento em adultos, nas palestras desta quinta-feira, no Congresso Dental GO de Ortodontia.<\/h2>\n<figure id=\"attachment_28127\" aria-describedby=\"caption-attachment-28127\" style=\"width: 440px\" class=\"wp-caption aligncenter\"><img fetchpriority=\"high\" decoding=\"async\" class=\"wp-image-28127\" src=\"https:\/\/dentalpress.com.br\/portal\/wp-content\/uploads\/2020\/05\/Dental-Press.jpg\" alt=\"Congresso com Marcos Janson\" width=\"440\" height=\"294\" srcset=\"\/wp-content\/uploads\/2020\/05\/Dental-Press.jpg 800w, \/wp-content\/uploads\/2020\/05\/Dental-Press-300x200.jpg 300w, \/wp-content\/uploads\/2020\/05\/Dental-Press-768x512.jpg 768w, \/wp-content\/uploads\/2020\/05\/Dental-Press-585x390.jpg 585w, \/wp-content\/uploads\/2020\/05\/Dental-Press-263x175.jpg 263w\" sizes=\"(max-width: 440px) 100vw, 440px\" \/><figcaption id=\"caption-attachment-28127\" class=\"wp-caption-text\">Congresso Dental GO de <a href=\"https:\/\/dentalpress.com.br\/portal\/excelencia-em-alinhadores-e-ortodontia-digital-2\/\">Ortodontia<\/a> \u00e9 uma realiza\u00e7\u00e3o da Dental Press<\/figcaption><\/figure>\n<p>Os professores <a href=\"http:\/\/buscatextual.cnpq.br\/buscatextual\/visualizacv.do?id=K4248143P7&amp;tokenCaptchar=03AGdBq25GlJV9LzH8LMxAtOweLvPmWw20SdwNKfgngr_T7g71RMoC4QLFvukoU0rHVMhvR6zbCoEsvVHmuycmJklmyWQm6xR4IK_Cvm97t0m3XMT0NYJ3ps8fuJOuJaJ_rc-hvL2Ue_fRSAUvziv2reDp9ugshQemTzpJcAhFNgDXPrcIJOSxNmxejIgYBFTb6Xi_ioHVegdD-AJaAO8GxoQi8Bk6_olIGLyYbrb4TzyRr85oSdx4B0ixfZhinE20XEcgx9l4m8odt9RYjMUvKcrc632S9dDdY5e1JejFAbb7BzI2eWS_4ulwcHBLE64FsuPeqN03XMsn3WTcFJY7_s4euTU_LjuDqBBxK_iLcY8f6XuxTxtQAC65vv9I9SHXU-He03m43gHerCS18oz3YWz7SgmNsH4RvyKCJRBMuAMjoylDvOF4K4icFNhR06_H01u1m9p19VWyEGL3_4OOlH-aZuso2KuZFw\">Marcos Janson<\/a> e <a href=\"http:\/\/buscatextual.cnpq.br\/buscatextual\/visualizacv.do?id=K4776994T3&amp;tokenCaptchar=03AGdBq24EUR1oX9f74v3mGyPEFzbdRz7yNXFdvRLp65RfF8Mbv0ew42urlzXCVjErQO1bsp0z4yPFSe06QBuBxNfwlJKFDhPeqc_zI7iqBdOeA1VFkeWqCLODs0m14PPAo8DBxqNhlOvG5PEHo8AaNu2E53zvC2hYsVoUzU13XBzLaz-nD1spjR_q3Xi73eWgLL8YJbO192IJeeCS9gGu7sMXuUbpMPLtR0GmuJrw__5qAFxjduUSNsOTqNiFqiYQxFoyldUKeWqWI-IPDd_zjS7UXL5qXxD90ohdLRDzIma8-Eda3ImxCiRfIVDnwpJAa-kMjFAa1w-_gFwuV9OFPu_cTmHyl1u6UZ5W1W0LfPAFR9RXjQcYkeCMIfRWXqgo4ZolnEpPLWrDcKEc5U1DxKIcRXUYV0KCSJ6DNMFHYDOmM8cbdIIqWp7jY04jPUhfiSeIK4qW_BSR2bqCJ6DHAzssiq-olPDBKQ\">S\u00edlvia Reis<\/a> s\u00e3o os dois palestrantes do quarto dia do Congresso Dental GO de Ortodontia. As aulas ser\u00e3o realizadas online, nesta quinta-feira (21), das 8h30 \u00e0s 11h30 e das 14h30 \u00e0s 17h30, respectivamente. Ambos s\u00e3o refer\u00eancias da Ortodontia nacional e enfatizam o compromisso da Dental Press em promover um evento de <a href=\"https:\/\/dentalpress.com.br\/portal\/excelencia-em-ortodontia-2\/\">Excel\u00eancia<\/a>, visando a promo\u00e7\u00e3o do que h\u00e1 de mais moderno na especialidade.<\/p>\n<ul>\n<li><a href=\"https:\/\/www.dentalpress.com.br\/portal\/carlo-marassi-e-alberto-consolaro-palestram-nesta-quarta-feira-20\/\">Carlo Marassi e Alberto Consolaro palestram nesta quarta-feira (20)<\/a><\/li>\n<\/ul>\n<p>Marcos Janson ir\u00e1 ministrar a primeira aula do dia, cujo tema \u00e9 &#8220;Ortodontia em Adultos&#8221;. Janson \u00e9 autor dos livros &#8220;Ortodontia Objetiva&#8221;, &#8220;Ortodontia em Adultos&#8221; e &#8220;Insigths em Ortodontia&#8221;.\u00a0 As inscri\u00e7\u00f5es para a palestra podem ser efetuadas atrav\u00e9s <a href=\"https:\/\/us02web.zoom.us\/meeting\/register\/tZEkceqqpzMiE9d3oWme1VXLI6o2nsOC2vJD\">deste link<\/a> e s\u00e3o direcionadas, exclusivamente, para os usu\u00e1rios da plataforma Dental GO<\/p>\n<p>J\u00e1 a professora S\u00edlvia Reis fica com a segunda palestra do dia, cujo tema \u00e9 &#8220;Tratamento em Adultos&#8221;. As inscri\u00e7\u00f5es para a aula do professor podem ser efetuadas atrav\u00e9s\u00a0<a href=\"https:\/\/us02web.zoom.us\/meeting\/register\/tZUkd-mvrTIvGNTbfpCX7_vabcIR_OOHTMSN\">deste link<\/a>\u00a0e s\u00e3o direcionadas, exclusivamente, para os usu\u00e1rios da plataforma Dental GO.\u00a0 A aula ser\u00e1 ministrada atrav\u00e9s de sala de reuni\u00f5es no Zoom.<\/p>\n<p style=\"text-align: center;\"><em>Conhe\u00e7a um resumo do curr\u00edculo dos professores que ministram palestra nesta quinta-feira, no Congresso Dental GO de Ortodontia:<\/em><\/p>\n<figure id=\"attachment_24005\" aria-describedby=\"caption-attachment-24005\" style=\"width: 240px\" class=\"wp-caption alignright\"><img decoding=\"async\" class=\"wp-image-24005\" src=\"https:\/\/dentalpress.com.br\/portal\/wp-content\/uploads\/2018\/09\/Janson-2.jpg\" alt=\"Marcos Janson\" width=\"240\" height=\"240\" srcset=\"\/wp-content\/uploads\/2018\/09\/Janson-2.jpg 900w, \/wp-content\/uploads\/2018\/09\/Janson-2-150x150.jpg 150w, \/wp-content\/uploads\/2018\/09\/Janson-2-300x300.jpg 300w, \/wp-content\/uploads\/2018\/09\/Janson-2-768x768.jpg 768w, \/wp-content\/uploads\/2018\/09\/Janson-2-585x585.jpg 585w\" sizes=\"(max-width: 240px) 100vw, 240px\" \/><figcaption id=\"caption-attachment-24005\" class=\"wp-caption-text\">Marcos Janson \u00e9 o autor de &#8220;Insights em Ortodontia&#8221;<\/figcaption><\/figure>\n<h2>MARCOS JANSON<\/h2>\n<p class=\"resumo\">Possui gradua\u00e7\u00e3o em Odontologia pela Universidade Paulista (1989) e mestrado em Ortodontia pela Faculdade de Odontologia de Bauru\/Universidade de S\u00e3o Paulo (2005). Atualmente \u00e9 cirurgi\u00e3o-dentista &#8211; Janson &amp; Janson Cl\u00ednica Odontol\u00f3gica. Tem experi\u00eancia na \u00e1rea de Odontologia, com \u00eanfase em Ortodontia, atuando principalmente nos seguintes temas: movimentos ortod\u00f4nticos, tratamento interdisciplinar, ortodontia, periodontia e tratamento ortod\u00f4ntico. Autor dos livros &#8220;Ortodontia Objetiva&#8221;, &#8220;Ortodontia em Adultos&#8221; e &#8220;Insigths em Ortodontia&#8221;, pela editora Dental Press.<\/p>\n<h2><img decoding=\"async\" class=\"wp-image-22129 alignright\" src=\"https:\/\/dentalpress.com.br\/portal\/wp-content\/uploads\/2018\/03\/Silvia-Reis.jpg\" alt=\"\" width=\"246\" height=\"246\" srcset=\"\/wp-content\/uploads\/2018\/03\/Silvia-Reis.jpg 395w, \/wp-content\/uploads\/2018\/03\/Silvia-Reis-150x150.jpg 150w, \/wp-content\/uploads\/2018\/03\/Silvia-Reis-300x300.jpg 300w\" sizes=\"(max-width: 246px) 100vw, 246px\" \/>SILVIA REIS<\/h2>\n<p>Possui gradua\u00e7\u00e3o em Odontologia pela Universidade Federal de Minas Gerais (1993) , <a href=\"https:\/\/dentalpress.com.br\/portal\/especializacao-em-harmonizacao-orofacial\/\">especializa\u00e7\u00e3o<\/a> em Ortodontia e Ortopedia Facial pela Sociedade de Promo\u00e7\u00e3o Social do Fissurado L\u00e1bio-Palatal (1999) , mestrado em Odontologia pela Universidade Metodista de S\u00e3o Paulo (2001) , doutorado em Odontologia (Ortodontia) pela Universidade de S\u00e3o Paulo (2008). \u00c9 Atualmente Professora Assistente I da Universidade Metodista de S\u00e3o Paulo e Propriet\u00e1ria de Consult\u00f3rio Particular. Tem experi\u00eancia na \u00e1rea de Odontologia , com \u00eanfase em Ortodontia, atuando principalmente nos seguintes temas: Ortodontia, <a href=\"https:\/\/dentalpress.com.br\/portal\/curso-de-aperfeicoamento-em-cirurgia-de-dentes-retidos\/\">Cirurgia<\/a> Ortogn\u00e1tica, Tomada de decis\u00e3o, Tratamento, Deformidade dentofacial e M\u00e1-oclus\u00e3o Classe II.<\/p>\n<p>&nbsp;<\/p>\n","protected":false},"excerpt":{"rendered":"<p>Marcos Janson e Silvia Reis t\u00eam como tema central o tratamento em adultos, nas palestras desta quinta-feira, no Congresso Dental GO de Ortodontia. Os professores Marcos Janson e S\u00edlvia Reis s\u00e3o os dois palestrantes do quarto dia do Congresso Dental GO de Ortodontia. As aulas ser\u00e3o realizadas online, nesta quinta-feira (21), das 8h30 \u00e0s 11h30<\/p>\n","protected":false},"author":26,"featured_media":14023,"comment_status":"open","ping_status":"closed","sticky":false,"template":"","format":"standard","meta":{"footnotes":""},"categories":[],"tags":[],"class_list":["post-28143","post","type-post","status-publish","format-standard","has-post-thumbnail"],"aioseo_notices":[],"amp_enabled":true,"_links":{"self":[{"href":"https:\/\/dentalpress.com.br\/portal\/wp-json\/wp\/v2\/posts\/28143","targetHints":{"allow":["GET"]}}],"collection":[{"href":"https:\/\/dentalpress.com.br\/portal\/wp-json\/wp\/v2\/posts"}],"about":[{"href":"https:\/\/dentalpress.com.br\/portal\/wp-json\/wp\/v2\/types\/post"}],"author":[{"embeddable":true,"href":"https:\/\/dentalpress.com.br\/portal\/wp-json\/wp\/v2\/users\/26"}],"replies":[{"embeddable":true,"href":"https:\/\/dentalpress.com.br\/portal\/wp-json\/wp\/v2\/comments?post=28143"}],"version-history":[{"count":0,"href":"https:\/\/dentalpress.com.br\/portal\/wp-json\/wp\/v2\/posts\/28143\/revisions"}],"wp:featuredmedia":[{"embeddable":true,"href":"https:\/\/dentalpress.com.br\/portal\/wp-json\/wp\/v2\/media\/14023"}],"wp:attachment":[{"href":"https:\/\/dentalpress.com.br\/portal\/wp-json\/wp\/v2\/media?parent=28143"}],"wp:term":[{"taxonomy":"category","embeddable":true,"href":"https:\/\/dentalpress.com.br\/portal\/wp-json\/wp\/v2\/categories?post=28143"},{"taxonomy":"post_tag","embeddable":true,"href":"https:\/\/dentalpress.com.br\/portal\/wp-json\/wp\/v2\/tags?post=28143"}],"curies":[{"name":"wp","href":"https:\/\/api.w.org\/{rel}","templated":true}]}}