{"id":28133,"date":"2020-05-19T12:15:56","date_gmt":"2020-05-19T15:15:56","guid":{"rendered":"https:\/\/www.dentalpress.com.br\/portal\/?p=28133"},"modified":"2020-06-01T09:42:55","modified_gmt":"2020-06-01T12:42:55","slug":"carlo-marassi-e-alberto-consolaro-palestram-nesta-quarta-feira-20","status":"publish","type":"post","link":"https:\/\/dentalpress.com.br\/portal\/carlo-marassi-e-alberto-consolaro-palestram-nesta-quarta-feira-20\/","title":{"rendered":"Carlo Marassi e Alberto Consolaro palestram nesta quarta-feira (20)"},"content":{"rendered":"<h2 style=\"text-align: center;\"><em><strong>Professores Carlo Marassi e Alberto Consolaro ministram palestras online no terceiro dia do Congresso Dental GO de Ortodontia<\/strong><\/em><\/h2>\n<figure id=\"attachment_28127\" aria-describedby=\"caption-attachment-28127\" style=\"width: 509px\" class=\"wp-caption aligncenter\"><img fetchpriority=\"high\" decoding=\"async\" class=\"wp-image-28127\" src=\"https:\/\/dentalpress.com.br\/portal\/wp-content\/uploads\/2020\/05\/Dental-Press.jpg\" alt=\"Congresso\" width=\"509\" height=\"340\" srcset=\"\/wp-content\/uploads\/2020\/05\/Dental-Press.jpg 800w, \/wp-content\/uploads\/2020\/05\/Dental-Press-300x200.jpg 300w, \/wp-content\/uploads\/2020\/05\/Dental-Press-768x512.jpg 768w, \/wp-content\/uploads\/2020\/05\/Dental-Press-585x390.jpg 585w, \/wp-content\/uploads\/2020\/05\/Dental-Press-263x175.jpg 263w\" sizes=\"(max-width: 509px) 100vw, 509px\" \/><figcaption id=\"caption-attachment-28127\" class=\"wp-caption-text\">Congresso Dental GO de Ortodontia \u00e9 uma realiza\u00e7\u00e3o Dental Press<\/figcaption><\/figure>\n<p>Os professores <a href=\"https:\/\/www.ortodontista.com\/dr-carlo-marassi\/\">Carlo Marassi<\/a> e<a href=\"http:\/\/buscatextual.cnpq.br\/buscatextual\/visualizacv.do?id=K4793958A8&amp;tokenCaptchar=03AGdBq24QDczzdfItYrDULLfGXQqeyzw2nmViOwBEC9D5clHGk8hO0nczSDc3GiCk-LAD0yZhkJJytWsLTN_11t1QK626sxXmzN16ct0rbHKPfEAFG3bKp58ip9OhVVoj48nAW_jr7oLNPAO32BItXsqpInnLSOmjwqt_eiYYF99oIq-C4MQQRgoE0i033oyAofpEuBcpV19xqOaBcd7DzbeF4bajsEACEj8QSo_TsFCJglyoSk0-oFcfc00XCjTt-sE_vBAjFQxzifwMZe4dUw-sJpEodMlrI_jKIjc0iczdxu7PWj80lUiQ_j3BLR06yA7aqrY_Z50-hHkt04zp-odI4UDclE91XEcqnyn47IFgmJwoSjSvnjyHcvKpcuvYoWcPesE8JH3_NE0LjJ1vEX1E-YnTZcXuVaSPAMBflP5Li3AQWOsUjZzIsRm9RgnWDy5rVfR7QBFQVnTbpVdwzE_0_eL0dGa3Qg\"> Alberto Consolaro<\/a> s\u00e3o os dois palestrantes do terceiro dia do Congresso Dental GO de Ortodontia. As aulas ser\u00e3o realizadas online, nesta quarta-feira (20), das 8h30 \u00e0s 11h30 e das 14h30 \u00e0s 17h30, respectivamente. Ambos s\u00e3o refer\u00eancias da Ortodontia nacional e enfatizam o compromisso da Dental Press em promover um evento de Excel\u00eancia, visando a promo\u00e7\u00e3o do que h\u00e1 de mais moderno na especialidade.<\/p>\n<ul>\n<li><a href=\"https:\/\/www.dentalpress.com.br\/portal\/jose-eduardo-prado-e-julio-gurgel-palestram-nesta-terca-feira-19\/\">Jos\u00e9 Eduardo Prado e Julio Gurgel palestram nesta ter\u00e7a-feira (19)<\/a><\/li>\n<\/ul>\n<p>Carlo Marassi ministra a a palestra &#8220;Finaliza\u00e7\u00e3o e Ortodontia Digital&#8221;. As inscri\u00e7\u00f5es para a aula do professor podem ser efetuadas atrav\u00e9s\u00a0<a href=\"https:\/\/us02web.zoom.us\/meeting\/register\/tZAtf-CtrzwrHdcPqCbSdj2XcaJHEOuUufdb\">deste link<\/a>\u00a0e s\u00e3o direcionadas, exclusivamente, para os usu\u00e1rios da plataforma Dental GO.\u00a0 A aula ser\u00e1 ministrada atrav\u00e9s de sala de reuni\u00f5es no Zoom.<\/p>\n<p>J\u00e1 o professor Alberto Consolaro ministra a palestra &#8220;Por que os <a href=\"https:\/\/dentalpress.com.br\/portal\/curso-de-aperfeicoamento-em-cirurgia-de-dentes-retidos\/\">dentes<\/a> sofrem reabsor\u00e7\u00f5es dent\u00e1rias e como podemos evit\u00e1-las na pr\u00e1tica ortod\u00f4ntica?&#8221; Consolaro \u00e9 autor dos livros &#8220;O Ser Professor &#8211; Arte e Ci\u00eancia no Ensinar e Aprender&#8221;, &#8220;Inflama\u00e7\u00e3o e Reparo&#8221;, &#8220;Reabsor\u00e7\u00f5es Dent\u00e1rias nas especialidades cl\u00ednicas&#8221; e &#8220;Biologia e Patologia da Polpa e Peri\u00e1pice&#8221;, todos lan\u00e7ados pela editora Dental Press. Inscri\u00e7\u00f5es para a aula, <a href=\"https:\/\/us02web.zoom.us\/meeting\/register\/tZEldeurrTkqHtBlTk99GkBlTTDZAD3gkGE_\">neste link<\/a>.<\/p>\n<p style=\"text-align: center;\"><em>Conhe\u00e7a um resumo do curr\u00edculo dos professores que ministram aula no terceiro dia de Congresso Dental Press:<\/em><\/p>\n<h2><strong><img decoding=\"async\" class=\"wp-image-22464 alignleft\" src=\"https:\/\/dentalpress.com.br\/portal\/wp-content\/uploads\/2018\/03\/MG_2595-1024x683.jpg\" alt=\"\" width=\"304\" height=\"203\" srcset=\"\/wp-content\/uploads\/2018\/03\/MG_2595-1024x683.jpg 1024w, \/wp-content\/uploads\/2018\/03\/MG_2595-300x200.jpg 300w, \/wp-content\/uploads\/2018\/03\/MG_2595-768x512.jpg 768w, \/wp-content\/uploads\/2018\/03\/MG_2595-1170x780.jpg 1170w, \/wp-content\/uploads\/2018\/03\/MG_2595-585x390.jpg 585w, \/wp-content\/uploads\/2018\/03\/MG_2595-263x175.jpg 263w\" sizes=\"(max-width: 304px) 100vw, 304px\" \/>CARLO MARASSI<\/strong><\/h2>\n<p>Formou-se na Faculdade de Odontologia da Universidade Federal do Rio de Janeiro, onde terminou seu <a href=\"https:\/\/dentalpress.com.br\/portal\/como-inserir-lasers-de-baixa-e-alta-potencia-na-rotina-clinica\/\">curso<\/a> em 1993 aos 21 anos e recebeu a honraria especial \u201ccum laude\u201d pelo seu desempenho diferenciado durante o curso. Pelos seus resultados foi merecedor da medalha \u201cLauro Rosado\u201d pela Associa\u00e7\u00e3o Brasileira de Odontologia. Logo ap\u00f3s se formar, iniciou sua primeira p\u00f3s-gradua\u00e7\u00e3o em ortodontia interceptora na Sede da Sociedade Paulista de Ortodontia e ainda em 1993 se aperfei\u00e7oou em planejamento ortod\u00f4ntico e mec\u00e2nica ortod\u00f4ntica avan\u00e7ada. Escolheu especializar-se na USP Bauru, por ser considerada uma das melhores do Brasil. Em 1995, ele foi aprovado em primeiro lugar, cursou dois anos e se formou como primeiro da turma em 1997. Foi editor-chefe da Revista Cl\u00ednica de Ortodontia Dental Press e fez o mestrado em Ortodontia em Campinas (SLM Centro de pesquisas odontol\u00f3gicas) onde foi convidado a ministrar aulas para turmas de especializa\u00e7\u00e3o e Mestrado em Ortodontia.<\/p>\n<h2><strong><img decoding=\"async\" class=\"wp-image-9589 alignright\" src=\"https:\/\/dentalpress.com.br\/portal\/wp-content\/uploads\/2016\/05\/consolaro.jpg\" alt=\"\" width=\"314\" height=\"209\" \/>ALBERTO CONSOLARO<\/strong><\/h2>\n<p>Alberto Consolaro graduou-se na Unesp FOA (Faculdade de Odontologia de Ara\u00e7atuba) em 1977. Iniciou-se na doc\u00eancia em 1978, na Faculdade de Odontologia de Presidente Prudente. Concluiu o mestrado em Biologia e Patologia na Faculdade de Odontologia de Piracicaba (Unicamp) em 1983. Atuou como professor e patologista na Universidade Federal de Uberl\u00e2ndia e, em 1987, finalizou seu Doutorado em Diagn\u00f3stico Bucal pela FOB (Faculdade de Odontologia de Bauru) da USP, institui\u00e7\u00e3o pela qual foi contratado via concurso p\u00fablico, como professor doutor e patologista. Em 1991, tamb\u00e9m atrav\u00e9s de concurso p\u00fablico, obteve o t\u00edtulo de Livre Docente e assumiu a fun\u00e7\u00e3o de professor associado. Quatro anos mais tarde, como professor, pesquisador e patologista al\u00e7a o grau mais alto da vida acad\u00eamica: o de Professor Titular. \u00c9 colunista de diversos peri\u00f3dicos cient\u00edficos \u2013 inclusive da Dental Press. \u00c9 tamb\u00e9m autor de quase dez livros, de diferentes abordagens com o foco na doc\u00eancia, patologia e odontologia em geral.<\/p>\n","protected":false},"excerpt":{"rendered":"<p>Professores Carlo Marassi e Alberto Consolaro ministram palestras online no terceiro dia do Congresso Dental GO de Ortodontia Os professores Carlo Marassi e Alberto Consolaro s\u00e3o os dois palestrantes do terceiro dia do Congresso Dental GO de Ortodontia. As aulas ser\u00e3o realizadas online, nesta quarta-feira (20), das 8h30 \u00e0s 11h30 e das 14h30 \u00e0s 17h30,<\/p>\n","protected":false},"author":26,"featured_media":22464,"comment_status":"open","ping_status":"closed","sticky":false,"template":"","format":"standard","meta":{"footnotes":""},"categories":[],"tags":[],"class_list":["post-28133","post","type-post","status-publish","format-standard","has-post-thumbnail"],"aioseo_notices":[],"amp_enabled":true,"_links":{"self":[{"href":"https:\/\/dentalpress.com.br\/portal\/wp-json\/wp\/v2\/posts\/28133","targetHints":{"allow":["GET"]}}],"collection":[{"href":"https:\/\/dentalpress.com.br\/portal\/wp-json\/wp\/v2\/posts"}],"about":[{"href":"https:\/\/dentalpress.com.br\/portal\/wp-json\/wp\/v2\/types\/post"}],"author":[{"embeddable":true,"href":"https:\/\/dentalpress.com.br\/portal\/wp-json\/wp\/v2\/users\/26"}],"replies":[{"embeddable":true,"href":"https:\/\/dentalpress.com.br\/portal\/wp-json\/wp\/v2\/comments?post=28133"}],"version-history":[{"count":0,"href":"https:\/\/dentalpress.com.br\/portal\/wp-json\/wp\/v2\/posts\/28133\/revisions"}],"wp:featuredmedia":[{"embeddable":true,"href":"https:\/\/dentalpress.com.br\/portal\/wp-json\/wp\/v2\/media\/22464"}],"wp:attachment":[{"href":"https:\/\/dentalpress.com.br\/portal\/wp-json\/wp\/v2\/media?parent=28133"}],"wp:term":[{"taxonomy":"category","embeddable":true,"href":"https:\/\/dentalpress.com.br\/portal\/wp-json\/wp\/v2\/categories?post=28133"},{"taxonomy":"post_tag","embeddable":true,"href":"https:\/\/dentalpress.com.br\/portal\/wp-json\/wp\/v2\/tags?post=28133"}],"curies":[{"name":"wp","href":"https:\/\/api.w.org\/{rel}","templated":true}]}}