{"id":28124,"date":"2020-05-18T11:20:40","date_gmt":"2020-05-18T14:20:40","guid":{"rendered":"https:\/\/www.dentalpress.com.br\/portal\/?p=28124"},"modified":"2020-06-01T09:43:09","modified_gmt":"2020-06-01T12:43:09","slug":"jose-eduardo-prado-e-julio-gurgel-palestram-nesta-terca-feira-19","status":"publish","type":"post","link":"https:\/\/dentalpress.com.br\/portal\/jose-eduardo-prado-e-julio-gurgel-palestram-nesta-terca-feira-19\/","title":{"rendered":"Jos\u00e9 Eduardo Prado e Julio Gurgel palestram nesta ter\u00e7a-feira (19)"},"content":{"rendered":"<h2 style=\"text-align: center;\"><em>Professores Jos\u00e9 Eduardo Prado e Julio Gurgel s\u00e3o os palestrantes do segundo dia do Congresso Dental GO de Ortodontia\u00a0<\/em><\/h2>\n<p><img fetchpriority=\"high\" decoding=\"async\" class=\"wp-image-28127 aligncenter\" src=\"https:\/\/dentalpress.com.br\/portal\/wp-content\/uploads\/2020\/05\/Dental-Press.jpg\" alt=\"Congresso\" width=\"532\" height=\"355\" srcset=\"\/wp-content\/uploads\/2020\/05\/Dental-Press.jpg 800w, \/wp-content\/uploads\/2020\/05\/Dental-Press-300x200.jpg 300w, \/wp-content\/uploads\/2020\/05\/Dental-Press-768x512.jpg 768w, \/wp-content\/uploads\/2020\/05\/Dental-Press-585x390.jpg 585w, \/wp-content\/uploads\/2020\/05\/Dental-Press-263x175.jpg 263w\" sizes=\"(max-width: 532px) 100vw, 532px\" \/><\/p>\n<p>Os professores <a href=\"http:\/\/buscatextual.cnpq.br\/buscatextual\/visualizacv.do?id=K4707923P9&amp;tokenCaptchar=03AGdBq24Ldh74sJitPDkj79jUb4jnQiBnDzmGNoVryRfblQNOcH3vnCCaQKOvC7-O_tShJFcVhEHsTTO0ZKijpPy5lUCidGHvklxfkd7TYdBftPfQsQM4qc-X3p4hAVEt7VqMmrCfIA9BDv9sDQVQBXf_Ervikk8lgOIrNZbx5qDB6GfS9oUlZS0SbHke0aLmBktIJ3AQU9EuYgvRjPaEJvhvIu2QEyFxzlUOMzEE6T-MgcFQk1XLa5mAV4zWKw-dRKczCsJHZEzhviAHKVgvTT1eeXieGCOhop20w14tS5fiC6zbOTlmvpMOX6JwOEkid6SULspJAaFfa2yqDJ39M2wmLXLoA5qFvbNYzTnrBjbvMHRNgnrncjahjQcnb7m1Pjw_08iDiXPbIEYlAbTrQSO8jTT8rMgx-H7xxqEmH3b5wXMKkgjPgCr1DFtFwuF-xd-JYIws3AgrfLuv1o2hv8l4AI4HWU3fOQ\">Jos\u00e9 Eduardo Prado<\/a> e <a href=\"http:\/\/buscatextual.cnpq.br\/buscatextual\/visualizacv.do?id=K4792025A5&amp;tokenCaptchar=03AGdBq24xOmrOaaJPInLpJSA1UbqZzcAE1Q1MoGJsGqzDcRuQWgCjKXedHV45d9wyK4EJq9QsJWtt4Bzq_hKipz9cJPSf7C6QJ8LfK3CMdfpla0ZrJoUGQ5Q-crs8nOMP9h2iFL0_-p1WRIKBo8Wp9qe188eRV6-FrmH6DsV9ky1SQY8ofrvC-Di063tby6oSkPpJ3q53any_Tvrb80CLEox_w5-d-m_6k7RA64ZgM6gFzdCXHnoMXRmfC8zl4r3l_tue_Ho6Julln4v3q-_pE-ARfVH_h4gcKfGbaNAqrdcviDBE0KYJ7EIzFA1JttggVgzG1kUm9_4FsSbnxKSndQB_RhlbP-PnTwenAvF_bsyF5kXzfFpnVY5NlTl2l1nGeB_hGup3R9Rc35bcQnIydd5Sm7KLIn7ao88-9TuNyZaS72wGQ2kt0jqxUnI-6TOSOsDcCtca9sWmexYvpKM-Cl0xCtyMfWK_R-Q51QseENKViZe1590mJNs\">J\u00falio Gurgel<\/a> s\u00e3o os dois palestrantes do segundo dia do Congresso Dental GO de Ortodontia. As aulas ser\u00e3o realizadas, nesta ter\u00e7a-feira (19), das 8h30 \u00e0s 11h30 e das 14h30 \u00e0s 17h30, respectivamente. Ambos s\u00e3o refer\u00eancias da Ortodontia nacional e enfatizam o compromisso da Dental Press em promover um evento de Excel\u00eancia, visando a promo\u00e7\u00e3o do que h\u00e1 de mais moderno na especialidade.<\/p>\n<ul>\n<li><a href=\"https:\/\/www.dentalpress.com.br\/portal\/marcio-almeida-e-hugo-trevisi-palestram-no-1o-dia-do-congresso-dental-go-de-ortodontia\/\">Marcio Almeida e Hugo Trevisi palestram no 1\u00ba dia do Congresso Dental GO de Ortodontia<\/a><\/li>\n<\/ul>\n<p>Jos\u00e9 Eduardo Prado ministra a palestra &#8220;Tratamento da Classe III em adultos sem <a href=\"https:\/\/dentalpress.com.br\/portal\/curso-de-aperfeicoamento-em-cirurgia-de-dentes-retidos\/\">cirurgia<\/a> ortogn\u00e1tica&#8221;. As inscri\u00e7\u00f5es para a aula do professor podem ser efetuadas atrav\u00e9s <a href=\"https:\/\/us02web.zoom.us\/meeting\/register\/tZ0sceGoqTwpH9SVlNfdVX5sOxRTYLzHQbPS\">deste link<\/a> e s\u00e3o direcionadas, exclusivamente, para os usu\u00e1rios da plataforma Dental GO.\u00a0 A aula ser\u00e1 ministrada atrav\u00e9s de sala de reuni\u00f5es no Zoom.<\/p>\n<p>A segunda palestra do dia fica por conta do Prof. J\u00falio Gurgel, com o tema &#8220;Marpe: expandindo os limites da Ortodontia&#8221;, mesma tem\u00e1tica do livro publicado por ele, atrav\u00e9s da editora Dental Press, no ano passado.\u00a0 Para assistir a aula do Prof. Gurgel, basta ser assinante do Dental GO e se cadastrar na palestra por este <a href=\"https:\/\/us02web.zoom.us\/meeting\/register\/tZwrcuGsrjMqHtRR8en1gg1wsDEJWVRJHbbp\">link<\/a>.<\/p>\n<p style=\"text-align: center;\"><em>Conhe\u00e7a um resumo do curr\u00edculo dos palestrante, desta ter\u00e7a-feira, do Congresso Dental GO de Ortodontia:<\/em><\/p>\n<h2><img decoding=\"async\" class=\"wp-image-28126 alignleft\" src=\"https:\/\/dentalpress.com.br\/portal\/wp-content\/uploads\/2020\/05\/Jos\u00e9-Eduardo-Prado.jpg\" alt=\"Congresso\" width=\"327\" height=\"218\" srcset=\"\/wp-content\/uploads\/2020\/05\/Jos\u00e9-Eduardo-Prado.jpg 700w, \/wp-content\/uploads\/2020\/05\/Jos\u00e9-Eduardo-Prado-300x200.jpg 300w, \/wp-content\/uploads\/2020\/05\/Jos\u00e9-Eduardo-Prado-585x389.jpg 585w, \/wp-content\/uploads\/2020\/05\/Jos\u00e9-Eduardo-Prado-263x175.jpg 263w\" sizes=\"(max-width: 327px) 100vw, 327px\" \/>JOS\u00c9 EDUARDO PRADO<\/h2>\n<p>Possui gradua\u00e7\u00e3o em Odontologia pela Universidade de Mogi das Cruzes (1989), mestrado em Ortodontia e Ortopedia Facial pela FOB da Universidade de S\u00e3o Paulo (2002) e doutorado tamb\u00e9m em Ortodontia e Ortopedia Facial pela FOB da Universidade de S\u00e3o Paulo (2006) . Atualmente \u00e9 professor titular do Centro de Estudos e Atualiza\u00e7\u00e3o em Ortodontia (CEAO), professor titular da Sociedade Brasileira de Corre\u00e7\u00f5es Odonto Maxilares (SOBRACOM), professor titular da Sociedade Brasileira de Especializa\u00e7\u00e3o (SOBRESP), professor convidado do <a href=\"https:\/\/dentalpress.com.br\/portal\/como-inserir-lasers-de-baixa-e-alta-potencia-na-rotina-clinica\/\">curso<\/a> de Ortodontia e Ortopedia Facial da Universidade de Lisboa, professor titular de Consultoria e Assessoria em Ortodontia e professor coordenador do CEAO- RJ. Tem experi\u00eancia na \u00e1rea de Odontologia, com \u00eanfase em Ortodontia e Ortopedia Facial, atuando principalmente nos seguintes temas: T\u00e9cnica Biofuncional, Ortodontia Moderna, Tratamento ortod\u00f4ntico corretivo e preventivo, Tratamento da classe III em pacientes adultos n\u00e3o cir\u00fargicos e Tratamento da Classe II.<\/p>\n<h2><img decoding=\"async\" class=\"wp-image-28125 alignright\" src=\"https:\/\/dentalpress.com.br\/portal\/wp-content\/uploads\/2020\/05\/Julio-Gurgel.jpg\" alt=\"Congresso\" width=\"293\" height=\"316\" srcset=\"\/wp-content\/uploads\/2020\/05\/Julio-Gurgel.jpg 475w, \/wp-content\/uploads\/2020\/05\/Julio-Gurgel-278x300.jpg 278w\" sizes=\"(max-width: 293px) 100vw, 293px\" \/>J\u00daLIO GURGEL<\/h2>\n<p>Possui gradua\u00e7\u00e3o em Odontologia pela Universidade Estadual Paulista J\u00falio de Mesquita Filho (1985), mestrado em Ortodontia e Odontologia em Sa\u00fade Coletiva pela Universidade de S\u00e3o Paulo (1995) e doutorado em Ortodontia e Odontologia em Sa\u00fade Coletiva pela Universidade de S\u00e3o Paulo (1999). P\u00f3s-Doutorado pela Universidade de Texas Health School of Dentristry at Houston (1999 \/ 2001). Professor titular da Universidade UNICEUMA e Professor Assistente Doutor da Universidade Estadual Paulista J\u00falio de Mesquita Filho, Campus de Mar\u00edlia no Departamento de Fonoaudiologia e Coordenador internacional do <a href=\"https:\/\/dentalpress.com.br\/portal\/imersao-em-apm\/\">Curso<\/a> de Especializa\u00e7\u00e3o em Ortodontia da Pontificia Universidad Cat\u00f3lica Madre y Maestra em Santiago de los Caballeros na Republica Dominicana. Membro da Associa\u00e7\u00e3o Americana de Ortodontia, Federa\u00e7\u00e3o Mundial de Ortodontia, Associa\u00e7\u00e3o Brasileira de Ortodontia e da Sociedade Paulista de Ortodontia. Tem experi\u00eancia na \u00e1rea de Odontologia, com \u00eanfase em Ortodontia, atuando principalmente nos seguintes temas: fio ortod\u00f4ntico, mini-implante ortod\u00f4ntico, expans\u00e3o maxilar em adulto e intera\u00e7\u00e3o Ortodontia-Fonoaudiologia (motricidade oral).<\/p>\n","protected":false},"excerpt":{"rendered":"<p>Professores Jos\u00e9 Eduardo Prado e Julio Gurgel s\u00e3o os palestrantes do segundo dia do Congresso Dental GO de Ortodontia\u00a0 Os professores Jos\u00e9 Eduardo Prado e J\u00falio Gurgel s\u00e3o os dois palestrantes do segundo dia do Congresso Dental GO de Ortodontia. As aulas ser\u00e3o realizadas, nesta ter\u00e7a-feira (19), das 8h30 \u00e0s 11h30 e das 14h30 \u00e0s<\/p>\n","protected":false},"author":26,"featured_media":28125,"comment_status":"open","ping_status":"closed","sticky":false,"template":"","format":"standard","meta":{"footnotes":""},"categories":[],"tags":[],"class_list":["post-28124","post","type-post","status-publish","format-standard","has-post-thumbnail"],"aioseo_notices":[],"amp_enabled":true,"_links":{"self":[{"href":"https:\/\/dentalpress.com.br\/portal\/wp-json\/wp\/v2\/posts\/28124","targetHints":{"allow":["GET"]}}],"collection":[{"href":"https:\/\/dentalpress.com.br\/portal\/wp-json\/wp\/v2\/posts"}],"about":[{"href":"https:\/\/dentalpress.com.br\/portal\/wp-json\/wp\/v2\/types\/post"}],"author":[{"embeddable":true,"href":"https:\/\/dentalpress.com.br\/portal\/wp-json\/wp\/v2\/users\/26"}],"replies":[{"embeddable":true,"href":"https:\/\/dentalpress.com.br\/portal\/wp-json\/wp\/v2\/comments?post=28124"}],"version-history":[{"count":0,"href":"https:\/\/dentalpress.com.br\/portal\/wp-json\/wp\/v2\/posts\/28124\/revisions"}],"wp:featuredmedia":[{"embeddable":true,"href":"https:\/\/dentalpress.com.br\/portal\/wp-json\/wp\/v2\/media\/28125"}],"wp:attachment":[{"href":"https:\/\/dentalpress.com.br\/portal\/wp-json\/wp\/v2\/media?parent=28124"}],"wp:term":[{"taxonomy":"category","embeddable":true,"href":"https:\/\/dentalpress.com.br\/portal\/wp-json\/wp\/v2\/categories?post=28124"},{"taxonomy":"post_tag","embeddable":true,"href":"https:\/\/dentalpress.com.br\/portal\/wp-json\/wp\/v2\/tags?post=28124"}],"curies":[{"name":"wp","href":"https:\/\/api.w.org\/{rel}","templated":true}]}}