{"id":28095,"date":"2020-05-15T10:30:14","date_gmt":"2020-05-15T13:30:14","guid":{"rendered":"https:\/\/www.dentalpress.com.br\/portal\/?p=28095"},"modified":"2020-06-01T09:43:26","modified_gmt":"2020-06-01T12:43:26","slug":"marcio-almeida-e-hugo-trevisi-palestram-no-1o-dia-do-congresso-dental-go-de-ortodontia","status":"publish","type":"post","link":"https:\/\/dentalpress.com.br\/portal\/marcio-almeida-e-hugo-trevisi-palestram-no-1o-dia-do-congresso-dental-go-de-ortodontia\/","title":{"rendered":"Marcio Almeida e Hugo Trevisi palestram no 1\u00ba dia do Congresso Dental GO de Ortodontia"},"content":{"rendered":"<h2 style=\"text-align: center;\"><em>Professores Marcio Almeida e Hugo Trevisi s\u00e3o os dois primeiros palestrantes do Congresso Dental GO de Ortodontia que come\u00e7a na segunda-feira (18)<\/em><\/h2>\n<p><img fetchpriority=\"high\" decoding=\"async\" class=\" wp-image-25870\" src=\"https:\/\/dentalpress.com.br\/portal\/wp-content\/uploads\/2019\/06\/Fachada.jpg\" alt=\"Congresso\" width=\"622\" height=\"415\" srcset=\"\/wp-content\/uploads\/2019\/06\/Fachada.jpg 873w, \/wp-content\/uploads\/2019\/06\/Fachada-300x200.jpg 300w, \/wp-content\/uploads\/2019\/06\/Fachada-768x512.jpg 768w, \/wp-content\/uploads\/2019\/06\/Fachada-585x390.jpg 585w, \/wp-content\/uploads\/2019\/06\/Fachada-263x175.jpg 263w\" sizes=\"(max-width: 622px) 100vw, 622px\" \/><\/p>\n<p>Os professores <a href=\"http:\/\/buscatextual.cnpq.br\/buscatextual\/busca.do#\">Marcio Almeida<\/a> e <a href=\"https:\/\/www.trevisi.com.br\/dr-hugo-trevisi\/\">Hugo Trevisi<\/a> s\u00e3o os dois primeiros palestrantes, no Congresso Dental GO de Ortodontia. As aulas ser\u00e3o realizadas, nesta segunda-feira (18), das 8h30 \u00e0s 11h30 e das 14h30 \u00e0s 17h30, respectivamente. Ambos s\u00e3o refer\u00eancias da Ortodontia nacional e enfatizam o compromisso da Dental Press em promover um evento de Excel\u00eancia.<\/p>\n<ul>\n<li><a href=\"https:\/\/www.dentalpress.com.br\/portal\/sobrape-e-dental-press-firmam-parceria-para-revista-de-periodontia\/\">Sobrape e Dental Press firmam parceria para revista de Periodontia<\/a><\/li>\n<\/ul>\n<p>Marcio Almeida ir\u00e1 ministrar a palestra com o tema: biomec\u00e2nica dos mini-implantes extra-alveolares, tem\u00e1tica congruente ao livro publicado por ele atrav\u00e9s da editora Dental Press, em 2018, cujo tema \u00e9 &#8220;<a href=\"https:\/\/loja.dentalpress.com.br\/mini-implantes-extra-alveolares-em-ortodontia.html\">Mini-implantes Extra-alveolares em Ortodontia<\/a>&#8220;.\u00a0 Para se inscrever no <a href=\"https:\/\/dentalpress.com.br\/portal\/como-inserir-lasers-de-baixa-e-alta-potencia-na-rotina-clinica\/\">curso<\/a> de Dr. Marcio Almeida, basta ser assinante Dental GO e se cadastrar <a href=\"https:\/\/us02web.zoom.us\/meeting\/register\/tZwtfuCppzMjEt3q6wwbVAwJZGhgTj9f6dNT\">neste link<\/a>.<\/p>\n<p>J\u00e1 Hugo Trevisi ir\u00e1 ministrar a palestra &#8220;T\u00e9cnica MBT&#8221;.\u00a0 O professor \u00e9 autor do livro &#8220;<a href=\"https:\/\/loja.dentalpress.com.br\/livros\/ortodontia\/trevisi-arco-duplo-mecanica-de-deslizamento-tdwire.html\">Trevisi Arco Duplo: mec\u00e2nica de deslizamento TDWire<\/a>&#8220;, um dos lan\u00e7amentos da Dental Press em 2020.\u00a0 Para se inscrever na palestra do Dr. Hugo Trevisi, basta acessar <a href=\"https:\/\/us02web.zoom.us\/meeting\/register\/tZ0vd-6hqTssGdbuelpC5mJTskbsbPWzbHbD\">este link<\/a> e fazer seu cadastro. Assim como aula de Marcio Almeida, o evento \u00e9 dedicado exclusivamente para assinantes da plataforma Dental GO.<\/p>\n<p style=\"text-align: center;\"><em>Conhe\u00e7a um resumo dos palestrantes do primeiro dia do Congresso Dental GO de Ortodontia:<\/em><\/p>\n<figure id=\"attachment_23205\" aria-describedby=\"caption-attachment-23205\" style=\"width: 355px\" class=\"wp-caption alignleft\"><img decoding=\"async\" class=\" wp-image-23205\" src=\"https:\/\/dentalpress.com.br\/portal\/wp-content\/uploads\/2018\/05\/40998600254_6f039c049b_k-1024x683.jpg\" alt=\"marcio almeida\" width=\"355\" height=\"237\" \/><figcaption id=\"caption-attachment-23205\" class=\"wp-caption-text\">Marcio Almeida autografa exemplar de livro, no 9\u00ba Congresso Dental Press (Foto: Danilo Padovan\/Dental Press)<\/figcaption><\/figure>\n<h2>MARCIO ALMEIDA<\/h2>\n<p>Possui gradua\u00e7\u00e3o em Odontologia pela Faculdade de Odontologia de Lins (1993), Especializa\u00e7\u00e3o em Ortodontia pela FOB-Universidade de S\u00e3o Paulo (1997), Mestrado em Ortodontia pela FOB-Universidade de S\u00e3o Paulo (1997), Doutorado em Ortodontia pela FOB-Universidade de S\u00e3o Paulo (2000), P\u00f3s-Doutorado em Ortodontia pela FOB-Universidade de S\u00e3o Paulo (2003). Mini-Residency em Ortodontia, Universidade de Connecticut, School of Dental Medicine nos anos de 2004, 2006, 2007, 2009, 2010, 2011, 2013, 2014, 2015, 2016 e 2017. Atualmente \u00e9 Professor Titular do <a href=\"https:\/\/dentalpress.com.br\/portal\/imersao-em-apm\/\">Curso<\/a> de Mestrado Acad\u00eamico em Ortodontia e Doutorado em Dent\u00edstica da Universidade Norte do Paran\u00e1 (UNOPAR), Campus de Londrina-PR.\u00a0 Editor-Chefe da Revista Cl\u00ednica De Ortodontia Dental Press (RCODP)<\/p>\n<h2><img decoding=\"async\" class=\"wp-image-9501 alignright\" src=\"https:\/\/dentalpress.com.br\/portal\/wp-content\/uploads\/2016\/05\/hugo-trevisi.jpg\" alt=\"\" width=\"371\" height=\"279\" srcset=\"\/wp-content\/uploads\/2016\/05\/hugo-trevisi.jpg 400w, \/wp-content\/uploads\/2016\/05\/hugo-trevisi-300x225.jpg 300w\" sizes=\"(max-width: 371px) 100vw, 371px\" \/>HUGO TREVISI<\/h2>\n<p>Especialista em Ortodontia pela Faculdade de Odontologia de Lins em 1978, Estado de S\u00e3o Paulo; coordenador do Curso de Especializa\u00e7\u00e3o em Ortodontia da Associa\u00e7\u00e3o Paulista de Odontologia de Presidente Prudente, Estado de S\u00e3o Paulo; diretor do Centro de Especialidades Odontol\u00f3gicas em Presidente Prudente, Estado de S\u00e3o Paulo; idealizador da t\u00e9cnica ortod\u00f4ntica dos aparelhos pr\u00e9-ajustados MBT&#x2122; juntamente com os Drs. Richard MacLaughlin, dos Estados Unidos, e John Bennett, da Inglaterra; coordenador cient\u00edfico na elabora\u00e7\u00e3o do aparelho autoligado SmartClip&#x2122;. Autor do livro &#8220;Trevisi Arco Duplo: mec\u00e2nica de deslizamento TDWire&#8221;.<\/p>\n<p>Mais informa\u00e7\u00f5es como cronograma das aulas, inscri\u00e7\u00f5es e tema de palestras, podem ser consultadas atrav\u00e9s <a href=\"https:\/\/www.dentalpress.com.br\/portal\/congresso-dental-go-de-ortodontia-sera-realizado-entre-18-e-22-de-maio\/\">deste link<\/a>.<\/p>\n","protected":false},"excerpt":{"rendered":"<p>Professores Marcio Almeida e Hugo Trevisi s\u00e3o os dois primeiros palestrantes do Congresso Dental GO de Ortodontia que come\u00e7a na segunda-feira (18) Os professores Marcio Almeida e Hugo Trevisi s\u00e3o os dois primeiros palestrantes, no Congresso Dental GO de Ortodontia. As aulas ser\u00e3o realizadas, nesta segunda-feira (18), das 8h30 \u00e0s 11h30 e das 14h30 \u00e0s<\/p>\n","protected":false},"author":26,"featured_media":23205,"comment_status":"open","ping_status":"closed","sticky":false,"template":"","format":"standard","meta":{"footnotes":""},"categories":[],"tags":[],"class_list":["post-28095","post","type-post","status-publish","format-standard","has-post-thumbnail"],"aioseo_notices":[],"amp_enabled":true,"_links":{"self":[{"href":"https:\/\/dentalpress.com.br\/portal\/wp-json\/wp\/v2\/posts\/28095","targetHints":{"allow":["GET"]}}],"collection":[{"href":"https:\/\/dentalpress.com.br\/portal\/wp-json\/wp\/v2\/posts"}],"about":[{"href":"https:\/\/dentalpress.com.br\/portal\/wp-json\/wp\/v2\/types\/post"}],"author":[{"embeddable":true,"href":"https:\/\/dentalpress.com.br\/portal\/wp-json\/wp\/v2\/users\/26"}],"replies":[{"embeddable":true,"href":"https:\/\/dentalpress.com.br\/portal\/wp-json\/wp\/v2\/comments?post=28095"}],"version-history":[{"count":0,"href":"https:\/\/dentalpress.com.br\/portal\/wp-json\/wp\/v2\/posts\/28095\/revisions"}],"wp:featuredmedia":[{"embeddable":true,"href":"https:\/\/dentalpress.com.br\/portal\/wp-json\/wp\/v2\/media\/23205"}],"wp:attachment":[{"href":"https:\/\/dentalpress.com.br\/portal\/wp-json\/wp\/v2\/media?parent=28095"}],"wp:term":[{"taxonomy":"category","embeddable":true,"href":"https:\/\/dentalpress.com.br\/portal\/wp-json\/wp\/v2\/categories?post=28095"},{"taxonomy":"post_tag","embeddable":true,"href":"https:\/\/dentalpress.com.br\/portal\/wp-json\/wp\/v2\/tags?post=28095"}],"curies":[{"name":"wp","href":"https:\/\/api.w.org\/{rel}","templated":true}]}}