{"id":28084,"date":"2020-05-13T12:55:28","date_gmt":"2020-05-13T15:55:28","guid":{"rendered":"https:\/\/www.dentalpress.com.br\/portal\/?p=28084"},"modified":"2020-06-01T09:43:44","modified_gmt":"2020-06-01T12:43:44","slug":"congresso-dental-go-de-ortodontia-sera-realizado-entre-18-e-22-de-maio","status":"publish","type":"post","link":"https:\/\/dentalpress.com.br\/portal\/congresso-dental-go-de-ortodontia-sera-realizado-entre-18-e-22-de-maio\/","title":{"rendered":"Congresso Dental GO de Ortodontia ser\u00e1 realizado entre 18 e 22 de maio"},"content":{"rendered":"<h2 style=\"text-align: center;\"><em><strong>Dental Press realiza, de 18 a 22 de maio, o primeiro Congresso Dental GO de Ortodontia, que ser\u00e1 100% online e exclusivo para assinantes da plataforma<\/strong><\/em><\/h2>\n<figure id=\"attachment_22344\" aria-describedby=\"caption-attachment-22344\" style=\"width: 646px\" class=\"wp-caption aligncenter\"><img fetchpriority=\"high\" decoding=\"async\" class=\"wp-image-22344 \" src=\"https:\/\/dentalpress.com.br\/portal\/wp-content\/uploads\/2018\/03\/MG_0794-1024x683.jpg\" alt=\"Congresso\" width=\"646\" height=\"431\" srcset=\"\/wp-content\/uploads\/2018\/03\/MG_0794-1024x683.jpg 1024w, \/wp-content\/uploads\/2018\/03\/MG_0794-300x200.jpg 300w, \/wp-content\/uploads\/2018\/03\/MG_0794-768x512.jpg 768w, \/wp-content\/uploads\/2018\/03\/MG_0794-1170x780.jpg 1170w, \/wp-content\/uploads\/2018\/03\/MG_0794-585x390.jpg 585w, \/wp-content\/uploads\/2018\/03\/MG_0794-263x175.jpg 263w\" sizes=\"(max-width: 646px) 100vw, 646px\" \/><figcaption id=\"caption-attachment-22344\" class=\"wp-caption-text\">Marcos Janson e Marcio Almeida ministram aulas no primeiro Congresso Dental GO de <a href=\"https:\/\/dentalpress.com.br\/portal\/excelencia-em-ortodontia-2\/\">Ortodontia<\/a><\/figcaption><\/figure>\n<p>Dental Press, com a miss\u00e3o de promover educa\u00e7\u00e3o e<a href=\"https:\/\/www.scielo.br\/scielo.php?script=sci_serial&amp;pid=2176-9451\"> ci\u00eancia de qualidade<\/a>, realiza do dia 18 a 22 de maio, o primeiro Congresso Dental GO de Ortodontia. S\u00e3o dez dos principais nomes da Odontologia brasileira, promovendo discuss\u00f5es de protocolos e dicas da pr\u00e1tica cl\u00ednica, alicer\u00e7ada nos mais rigorosos padr\u00f5es cient\u00edficos.<\/p>\n<ul>\n<li><a href=\"https:\/\/www.dentalpress.com.br\/portal\/estudantes-tem-50-de-desconto-na-assinatura-do-dental-go\/\">Estudantes t\u00eam 50% de desconto na assinatura do Dental GO<\/a><\/li>\n<\/ul>\n<p>Esse congresso \u00e9 mais um benef\u00edcio para os assinantes da plataforma Dental GO, que poder\u00e3o assistir e interagir com os professores do evento, em um espa\u00e7o exclusivo. As aulas poder\u00e3o ser assistidas pelo p\u00fablico de acordo com sua a pr\u00f3pria demanda, escolhendo os temas que lhe s\u00e3o mais convenientes para fazer a inscri\u00e7\u00e3o.<\/p>\n<p>Completamente digital, palestrantes e alunos poder\u00e3o se reunir para fazer a discuss\u00e3o da Ortodontia em alto n\u00edvel, atrav\u00e9s de uma sala de reuni\u00f5es do Zoom (plataforma escolhida pela Dental Press, pela estabilidade e seguran\u00e7a de transmiss\u00e3o). Ao todo, s\u00e3o dois professores por dia, que ir\u00e3o ministrar aulas de 3 horas em m\u00e9dia, de segunda at\u00e9 sexta-feira.<\/p>\n<p><em>Confira as aulas e professores que participam do evento, entre os dias 18 e 22 de maio:<\/em><\/p>\n<ol>\n<li>Biomec\u00e2nica dos mini-implantes extra alveolares, com Marcio Almeida;<\/li>\n<li>T\u00e9cnica MBT, com Hugo Trevisi;<\/li>\n<li>Tratamento da classe III em adultos sem <a href=\"https:\/\/dentalpress.com.br\/portal\/curso-de-aperfeicoamento-em-cirurgia-de-dentes-retidos\/\">cirurgia<\/a> ortogn\u00e1tica, com Jos\u00e9 Eduardo Prado;<\/li>\n<li>MARPE: expandindo os limites da Ortodontia, com Julio Gurgel;<\/li>\n<li>Finaliza\u00e7\u00e3o e Ortodontia Digital, com Carlo Marassi;<\/li>\n<li>Porque os dentes sofrem reabsor\u00e7\u00f5es dent\u00e1rias e como<br \/>\npodemos evit\u00e1-las na pr\u00e1tica ortod\u00f4ntica, com Alberto Consolaro;<\/li>\n<li>Ortodontia em Adultos, com Marcos Janson;<\/li>\n<li>Tratamento em adultos, com Silvia Reis;<\/li>\n<li>Est\u00e9tica em Ortodontia, com Carlos Alexandre C\u00e2mara;<\/li>\n<li>Ortodontia Reabilitadora: Preparo para reabilita\u00e7\u00e3o oral com miniplacas, com Ertty Silva.<\/li>\n<\/ol>\n<p>Se voc\u00ea ainda n\u00e3o \u00e9 assinante Dental GO, basta acessar <a href=\"http:\/\/dentalpress.com.br\/dentalgo\/\">este link<\/a>, assinar a plataforma e, em seguida escolher as aulas que deseja assistir no evento, inscrever-se e aguardar &#8211; no dia do <a href=\"https:\/\/dentalpress.com.br\/portal\/como-inserir-lasers-de-baixa-e-alta-potencia-na-rotina-clinica\/\">curso<\/a> selecionado -, o in\u00edcio da aula na sala de reuni\u00f5es do Zoom. Mais informa\u00e7\u00f5es podem ser consultadas diretamente com a central de atendimento Dental GO, pelo e-mail dentalgo@dentalpress.com.be ou pelo telefone (44) 3033-9816.<\/p>\n","protected":false},"excerpt":{"rendered":"<p>Dental Press realiza, de 18 a 22 de maio, o primeiro Congresso Dental GO de Ortodontia, que ser\u00e1 100% online e exclusivo para assinantes da plataforma Dental Press, com a miss\u00e3o de promover educa\u00e7\u00e3o e ci\u00eancia de qualidade, realiza do dia 18 a 22 de maio, o primeiro Congresso Dental GO de Ortodontia. S\u00e3o dez<\/p>\n","protected":false},"author":26,"featured_media":22344,"comment_status":"open","ping_status":"closed","sticky":false,"template":"","format":"standard","meta":{"footnotes":""},"categories":[],"tags":[],"class_list":["post-28084","post","type-post","status-publish","format-standard","has-post-thumbnail"],"aioseo_notices":[],"amp_enabled":true,"_links":{"self":[{"href":"https:\/\/dentalpress.com.br\/portal\/wp-json\/wp\/v2\/posts\/28084","targetHints":{"allow":["GET"]}}],"collection":[{"href":"https:\/\/dentalpress.com.br\/portal\/wp-json\/wp\/v2\/posts"}],"about":[{"href":"https:\/\/dentalpress.com.br\/portal\/wp-json\/wp\/v2\/types\/post"}],"author":[{"embeddable":true,"href":"https:\/\/dentalpress.com.br\/portal\/wp-json\/wp\/v2\/users\/26"}],"replies":[{"embeddable":true,"href":"https:\/\/dentalpress.com.br\/portal\/wp-json\/wp\/v2\/comments?post=28084"}],"version-history":[{"count":0,"href":"https:\/\/dentalpress.com.br\/portal\/wp-json\/wp\/v2\/posts\/28084\/revisions"}],"wp:featuredmedia":[{"embeddable":true,"href":"https:\/\/dentalpress.com.br\/portal\/wp-json\/wp\/v2\/media\/22344"}],"wp:attachment":[{"href":"https:\/\/dentalpress.com.br\/portal\/wp-json\/wp\/v2\/media?parent=28084"}],"wp:term":[{"taxonomy":"category","embeddable":true,"href":"https:\/\/dentalpress.com.br\/portal\/wp-json\/wp\/v2\/categories?post=28084"},{"taxonomy":"post_tag","embeddable":true,"href":"https:\/\/dentalpress.com.br\/portal\/wp-json\/wp\/v2\/tags?post=28084"}],"curies":[{"name":"wp","href":"https:\/\/api.w.org\/{rel}","templated":true}]}}