{"id":2750,"date":"2013-11-18T14:37:54","date_gmt":"2013-11-18T17:37:54","guid":{"rendered":"https:\/\/www.dentalpress.com.br\/portal\/?p=2750"},"modified":"2013-11-27T09:48:04","modified_gmt":"2013-11-27T12:48:04","slug":"participante-turma-ministra-aula","status":"publish","type":"post","link":"https:\/\/dentalpress.com.br\/portal\/participante-turma-ministra-aula\/","title":{"rendered":"Participante da primeira turma ministra aula"},"content":{"rendered":"<p>As atividades da 15 Turma do Excel\u00eancia foram encerradas pelo Prof. Marden Bastos, de Minas Gerais, com o tema: Dicas para Otimizar a Mec\u00e2nica Ortod\u00f4ntica.<\/p>\n<p>Dr. Marden, que faz parte do quadro de professores do Excel\u00eancia h\u00e1 alguns anos, e que j\u00e1 foi aluno da primeira turma do <a href=\"https:\/\/dentalpress.com.br\/portal\/como-inserir-lasers-de-baixa-e-alta-potencia-na-rotina-clinica\/\">curso<\/a>, em 1999, revelou que \u00e9 uma satisfa\u00e7\u00e3o poder ministrar aula em um curso t\u00e3o &#8220;importante&#8221; como o Excel\u00eancia.<\/p>\n<p><strong>Veja fotos da aula:<\/strong><\/p>\n<p><strong>\u00a0<object width=\"800\" height=\"533\" classid=\"clsid:d27cdb6e-ae6d-11cf-96b8-444553540000\" codebase=\"http:\/\/download.macromedia.com\/pub\/shockwave\/cabs\/flash\/swflash.cab#version=6,0,40,0\"><param name=\"src\" value=\"https:\/\/static.googleusercontent.com\/external_content\/picasaweb.googleusercontent.com\/slideshow.swf\" \/><param name=\"flashvars\" value=\"host=picasaweb.google.com&amp;hl=pt_BR&amp;feat=flashalbum&amp;RGB=0x000000&amp;feed=https%3A%2F%2Fpicasaweb.google.com%2Fdata%2Ffeed%2Fapi%2Fuser%2F105563955363363904212%2Falbumid%2F5947652441407537073%3Falt%3Drss%26kind%3Dphoto%26hl%3Dpt_BR\" \/><param name=\"pluginspage\" value=\"http:\/\/www.macromedia.com\/go\/getflashplayer\" \/><embed width=\"800\" height=\"533\" type=\"application\/x-shockwave-flash\" src=\"https:\/\/static.googleusercontent.com\/external_content\/picasaweb.googleusercontent.com\/slideshow.swf\" flashvars=\"host=picasaweb.google.com&amp;hl=pt_BR&amp;feat=flashalbum&amp;RGB=0x000000&amp;feed=https%3A%2F%2Fpicasaweb.google.com%2Fdata%2Ffeed%2Fapi%2Fuser%2F105563955363363904212%2Falbumid%2F5947652441407537073%3Falt%3Drss%26kind%3Dphoto%26hl%3Dpt_BR\" pluginspage=\"http:\/\/www.macromedia.com\/go\/getflashplayer\" \/><\/object><\/strong><\/p>\n<p><a href=\"https:\/\/dentalpress.com.br\/portal\/wp-content\/uploads\/2013\/11\/Marden.jpg\"><img decoding=\"async\" class=\"size-full wp-image-2751 alignleft\" alt=\"Marden\" src=\"https:\/\/dentalpress.com.br\/portal\/wp-content\/uploads\/2013\/11\/Marden.jpg\" width=\"200\" height=\"248\" \/><\/a>O professor Marden Oliveira Bastos \u00e9 graduado em odontologia pela EFOA-Alfenas e Especialista em Ortodontia pela EAP-ABO Campo Belo. Formou-se Mestre em Ortodontia pelo Centro de Pesquisas Odontol\u00f3gicas S\u00e3o Leopoldo Mandic, em Campinas. Coordenador dos <a href=\"https:\/\/dentalpress.com.br\/portal\/especializacao-em-implantodontia-transforme-sua-carreira-com-precisao-e-seguranca\/\">cursos<\/a> de Especializa\u00e7\u00e3o em Ortodontia do Instituto Brasileiro de P\u00f3s-gradua\u00e7\u00e3o, em Bras\u00edlia, e da \u201cCorporaci\u00f3n de Ortodoncia y Ortopedia de Chile\u201d, em Santiago. Al\u00e9m disso, \u00e9 Consultor Cient\u00edfico da Revista Mundo Odontol\u00f3gico do M\u00e9xico e da\u00a0<a href=\"http:\/\/compras.dentalpress.com.br\/revistas\/assinaturas\/clinicaassinatura.html\" target=\"_blank\"><strong>Revista Cl\u00ednica de Ortodontia da Dental Press<\/strong><\/a>.\u00a0\u00a0Conferista do IDAP- M\u00e9xico. Precursor da Filosofia SMS (Speed Marden System).<\/p>\n<p>&nbsp;<\/p>\n<p>&nbsp;<\/p>\n<p>&nbsp;<\/p>\n<p>&nbsp;<\/p>\n<p>Autor de livro:<\/p>\n<p><a href=\"https:\/\/dentalpress.com.br\/portal\/wp-content\/uploads\/2013\/11\/dicas-para-otimizar-a-ortodontia-201304191502221-2.png\"><img fetchpriority=\"high\" decoding=\"async\" class=\"alignnone size-medium wp-image-2752\" alt=\"dicas-para-otimizar-a-ortodontia-201304191502221-2\" src=\"https:\/\/dentalpress.com.br\/portal\/wp-content\/uploads\/2013\/11\/dicas-para-otimizar-a-ortodontia-201304191502221-2-232x300.png\" width=\"232\" height=\"300\" srcset=\"\/wp-content\/uploads\/2013\/11\/dicas-para-otimizar-a-ortodontia-201304191502221-2-232x300.png 232w, \/wp-content\/uploads\/2013\/11\/dicas-para-otimizar-a-ortodontia-201304191502221-2-793x1024.png 793w, \/wp-content\/uploads\/2013\/11\/dicas-para-otimizar-a-ortodontia-201304191502221-2.png 800w\" sizes=\"(max-width: 232px) 100vw, 232px\" \/><\/a><\/p>\n<p>Autores:\u00a0Marden Oliveira Bastos<\/p>\n<p>Capa:\u00a0Dura com acabamento premium<\/p>\n<p>N. de p\u00e1ginas:\u00a0252<\/p>\n<p>Dimens\u00e3o:\u00a028x 30cm<\/p>\n<p>Peso:\u00a03.000g<\/p>\n<p>Edi\u00e7\u00e3o:\u00a01\u00aa Edi\u00e7\u00e3o<\/p>\n<p>Publicado em:\u00a02013<\/p>\n<p>ISBN:\u00a0978-85-88020-80-1<\/p>\n<p>&nbsp;<\/p>\n<p>Adquira o seu: <a href=\"http:\/\/www.dentalcompras.com.br\/produto.php?produto=531-dicas-para-otimizar-a-ortodontia\" target=\"_blank\">www.dentalcompras.com.br<\/a><\/p>\n","protected":false},"excerpt":{"rendered":"<p>Dr. Marden Bastos participou do programa de educa\u00e7\u00e3o continuada em 1999, desde l\u00e1 nunca parou, fez mestrado, tornou-se mestre e professor.<\/p>\n","protected":false},"author":20,"featured_media":0,"comment_status":"open","ping_status":"closed","sticky":false,"template":"","format":"standard","meta":{"footnotes":""},"categories":[],"tags":[],"class_list":["post-2750","post","type-post","status-publish","format-standard"],"aioseo_notices":[],"amp_enabled":true,"_links":{"self":[{"href":"https:\/\/dentalpress.com.br\/portal\/wp-json\/wp\/v2\/posts\/2750","targetHints":{"allow":["GET"]}}],"collection":[{"href":"https:\/\/dentalpress.com.br\/portal\/wp-json\/wp\/v2\/posts"}],"about":[{"href":"https:\/\/dentalpress.com.br\/portal\/wp-json\/wp\/v2\/types\/post"}],"author":[{"embeddable":true,"href":"https:\/\/dentalpress.com.br\/portal\/wp-json\/wp\/v2\/users\/20"}],"replies":[{"embeddable":true,"href":"https:\/\/dentalpress.com.br\/portal\/wp-json\/wp\/v2\/comments?post=2750"}],"version-history":[{"count":0,"href":"https:\/\/dentalpress.com.br\/portal\/wp-json\/wp\/v2\/posts\/2750\/revisions"}],"wp:attachment":[{"href":"https:\/\/dentalpress.com.br\/portal\/wp-json\/wp\/v2\/media?parent=2750"}],"wp:term":[{"taxonomy":"category","embeddable":true,"href":"https:\/\/dentalpress.com.br\/portal\/wp-json\/wp\/v2\/categories?post=2750"},{"taxonomy":"post_tag","embeddable":true,"href":"https:\/\/dentalpress.com.br\/portal\/wp-json\/wp\/v2\/tags?post=2750"}],"curies":[{"name":"wp","href":"https:\/\/api.w.org\/{rel}","templated":true}]}}