{"id":2744,"date":"2013-11-15T10:41:09","date_gmt":"2013-11-15T13:41:09","guid":{"rendered":"https:\/\/www.dentalpress.com.br\/portal\/?p=2744"},"modified":"2014-11-24T16:16:09","modified_gmt":"2014-11-24T19:16:09","slug":"dr-julio-gurgel-encerra-ultimo-modulo","status":"publish","type":"post","link":"https:\/\/dentalpress.com.br\/portal\/dr-julio-gurgel-encerra-ultimo-modulo\/","title":{"rendered":"Dr. Julio Gurgel apresenta &#8220;Fios Ortod\u00f4nticos&#8221;"},"content":{"rendered":"<p>Compondo parte das atividades da 15 Turma do <a href=\"https:\/\/dentalpress.com.br\/portal\/excelencia-em-ortodontia-2\/\">Excel\u00eancia<\/a> na <a href=\"https:\/\/dentalpress.com.br\/portal\/excelencia-em-alinhadores-e-ortodontia-digital-2\/\">Ortodontia<\/a>, Dr. Julio Gurgel apresentou o tema &#8220;Fios Ortod\u00f4nticos&#8221;, na tarde deste dia 14 de novembro.<\/p>\n<p>Como sempre, esta turma contou com especialistas de todo o Brasil interessados nos recentes avan\u00e7os cient\u00edficos da especialidade, novas t\u00e9cnicas e produtos dispon\u00edveis. Foram 5 m\u00f3dulos bimestrais, onde a regra era a imers\u00e3o por 5 dias seguidos em contato com os melhores professores do mercado. O Excel\u00eancia j\u00e1 certificou mais de 400 profissionais desde 1999.<\/p>\n<p>&nbsp;<\/p>\n<p><strong><span style=\"color: #800000;\"><a href=\"https:\/\/dentalpress.com.br\/portal\/wp-content\/uploads\/2013\/11\/foto_gurgel.jpg\"><img decoding=\"async\" class=\"size-full wp-image-2745 alignleft\" alt=\"foto_gurgel\" src=\"https:\/\/dentalpress.com.br\/portal\/wp-content\/uploads\/2013\/11\/foto_gurgel.jpg\" width=\"160\" height=\"220\" \/><\/a>Prof. Julio de Araujo Gurgel<\/span><\/strong><\/p>\n<p>Possui gradua\u00e7\u00e3o em Odontologia pela Universidade Estadual Paulista J\u00falio de Mesquita Filho (1985), mestrado em Ortodontia e Odontologia em Sa\u00fade Coletiva pela Universidade de S\u00e3o Paulo (1995) e doutorado em Ortodontia e Odontologia em Sa\u00fade Coletiva pela Universidade de S\u00e3o Paulo (1999). Membro da Associa\u00e7\u00e3o Americana de Ortodontia, Federa\u00e7\u00e3o Mundial de Ortodontia e da Sociedade Paulista de Ortodontia. Professor titular da Universidade UNICEUMA e professor assistente doutor da Universidade Estadual Paulista J\u00falio de Mesquita Filho. Tem experi\u00eancia na \u00e1rea de Odontologia, com \u00eanfase em Ortodontia, atuando principalmente nos seguintes temas: fio ortod\u00f4ntico,aparelho ortod\u00f4ntico est\u00e9tico, mini-implante ortod\u00f4ntico, expans\u00e3o maxilar em adulto e intera\u00e7\u00e3o Ortodontia-Fonoaudiologia (motricidade oral).<\/p>\n<p>&nbsp;<\/p>\n<p>&nbsp;<\/p>\n<p>&nbsp;<\/p>\n<p>&nbsp;<\/p>\n<p><strong><span style=\"color: #800000;\">Imagens da aula:<\/span><\/strong><\/p>\n<p><object width=\"800\" height=\"533\" classid=\"clsid:d27cdb6e-ae6d-11cf-96b8-444553540000\" codebase=\"http:\/\/download.macromedia.com\/pub\/shockwave\/cabs\/flash\/swflash.cab#version=6,0,40,0\"><param name=\"src\" value=\"https:\/\/static.googleusercontent.com\/external_content\/picasaweb.googleusercontent.com\/slideshow.swf\" \/><param name=\"flashvars\" value=\"host=picasaweb.google.com&amp;hl=pt_BR&amp;feat=flashalbum&amp;RGB=0x000000&amp;feed=https%3A%2F%2Fpicasaweb.google.com%2Fdata%2Ffeed%2Fapi%2Fuser%2F105563955363363904212%2Falbumid%2F5946165931398334545%3Falt%3Drss%26kind%3Dphoto%26hl%3Dpt_BR\" \/><param name=\"pluginspage\" value=\"http:\/\/www.macromedia.com\/go\/getflashplayer\" \/><embed width=\"800\" height=\"533\" type=\"application\/x-shockwave-flash\" src=\"https:\/\/static.googleusercontent.com\/external_content\/picasaweb.googleusercontent.com\/slideshow.swf\" flashvars=\"host=picasaweb.google.com&amp;hl=pt_BR&amp;feat=flashalbum&amp;RGB=0x000000&amp;feed=https%3A%2F%2Fpicasaweb.google.com%2Fdata%2Ffeed%2Fapi%2Fuser%2F105563955363363904212%2Falbumid%2F5946165931398334545%3Falt%3Drss%26kind%3Dphoto%26hl%3Dpt_BR\" pluginspage=\"http:\/\/www.macromedia.com\/go\/getflashplayer\" \/><\/object><\/p>\n","protected":false},"excerpt":{"rendered":"<p>Compondo parte das atividades da 15 Turma do Excel\u00eancia na Ortodontia, Dr. Julio Gurgel apresentou o tema &#8220;Fios Ortod\u00f4nticos&#8221;, na tarde deste dia 14 de novembro. Como sempre, esta turma contou com especialistas de todo o Brasil interessados nos recentes avan\u00e7os cient\u00edficos da especialidade, novas t\u00e9cnicas e produtos dispon\u00edveis. Foram 5 m\u00f3dulos bimestrais, onde a<\/p>\n","protected":false},"author":20,"featured_media":0,"comment_status":"open","ping_status":"closed","sticky":false,"template":"","format":"standard","meta":{"footnotes":""},"categories":[],"tags":[],"class_list":["post-2744","post","type-post","status-publish","format-standard"],"aioseo_notices":[],"amp_enabled":true,"_links":{"self":[{"href":"https:\/\/dentalpress.com.br\/portal\/wp-json\/wp\/v2\/posts\/2744","targetHints":{"allow":["GET"]}}],"collection":[{"href":"https:\/\/dentalpress.com.br\/portal\/wp-json\/wp\/v2\/posts"}],"about":[{"href":"https:\/\/dentalpress.com.br\/portal\/wp-json\/wp\/v2\/types\/post"}],"author":[{"embeddable":true,"href":"https:\/\/dentalpress.com.br\/portal\/wp-json\/wp\/v2\/users\/20"}],"replies":[{"embeddable":true,"href":"https:\/\/dentalpress.com.br\/portal\/wp-json\/wp\/v2\/comments?post=2744"}],"version-history":[{"count":0,"href":"https:\/\/dentalpress.com.br\/portal\/wp-json\/wp\/v2\/posts\/2744\/revisions"}],"wp:attachment":[{"href":"https:\/\/dentalpress.com.br\/portal\/wp-json\/wp\/v2\/media?parent=2744"}],"wp:term":[{"taxonomy":"category","embeddable":true,"href":"https:\/\/dentalpress.com.br\/portal\/wp-json\/wp\/v2\/categories?post=2744"},{"taxonomy":"post_tag","embeddable":true,"href":"https:\/\/dentalpress.com.br\/portal\/wp-json\/wp\/v2\/tags?post=2744"}],"curies":[{"name":"wp","href":"https:\/\/api.w.org\/{rel}","templated":true}]}}