{"id":2674,"date":"2013-11-13T14:18:41","date_gmt":"2013-11-13T17:18:41","guid":{"rendered":"https:\/\/www.dentalpress.com.br\/portal\/?p=2674"},"modified":"2013-11-21T11:46:02","modified_gmt":"2013-11-21T14:46:02","slug":"dra-flavia-artese-apresenta-aula","status":"publish","type":"post","link":"https:\/\/dentalpress.com.br\/portal\/dra-flavia-artese-apresenta-aula\/","title":{"rendered":"Dra. Fl\u00e1via Artese apresenta sua aula"},"content":{"rendered":"<p>Nesta quarta-feira, dia 13 de novembro, o Programa <a href=\"https:\/\/dentalpress.com.br\/portal\/excelencia-em-ortodontia-2\/\">Excel\u00eancia<\/a> na <a href=\"https:\/\/dentalpress.com.br\/portal\/excelencia-em-alinhadores-e-ortodontia-digital-2\/\">Ortodontia<\/a> contou com a honrosa presen\u00e7a da professora Dra. Fl\u00e1via Artese. O tema escolhido foi &#8220;Crit\u00e9rios para o Diagn\u00f3stico e tratamento est\u00e1vel na mordida aberta anterior&#8221;.<\/p>\n<p>Ela \u00e9\u00a0Mestre e Doutora em Ortodontia pela UFRJ. Professora Adjunta de Ortodontia da UERJ. Diplomada pelo Board\u00a0Brasileiro de Ortodontia e Ortopedia Facial.<\/p>\n<p>Participantes:<\/p>\n<div>ADRIANA HELENA DA SILVA DEMARTINI PENNA &#8211; Cuiab\u00e1-MT<\/div>\n<div>ALCINEY DE ALMEIDA LUIZ &#8211; Marechal Candido Rondon \u2013 PR<\/div>\n<div>ANDREA MARIA ACERBI CARAM FERNANDES &#8211; S\u00e3o Jos\u00e9 do Rio Pardo\u2013 SP<\/div>\n<div>CAROLINA ESTER KRAMMES &#8211; Novo Hamburo \u2013 RS<\/div>\n<div>CASSIO TAVARES PONTES &#8211; Patos de Minas \u2013 MG<\/div>\n<div>DANIELA COELHO RANGEL IMOTO TAKESHITA &#8211; Guaratinguet\u00e1 &#8211; SP<\/div>\n<div>\u00c9LTON LOPES GODOI &#8211; Palmas &#8211; PR<\/div>\n<div>FABIANE YASSUMITSU &#8211; Formosa \u2013 GO<\/div>\n<div>FERNANDO ANDRE BARTH &#8211; Porto Alegre \u2013 RS<\/div>\n<div>FRANCINE TODESCATTLOCATELLI \u00a0&#8211; Conc\u00f3rdia\u2013 \u00a0SC<\/div>\n<div>HALESSANDRA \u00a0JUNQUEIRA COBRA FRAN\u00c7A &#8211; Aquidauana \u2013 MS<\/div>\n<div>JULIANA MARIA LOPES BLOS &#8211; Campo Bom \u2013 RS<\/div>\n<div>KATIA REGINA GAZETTA DAL BIANCO &#8211; \u00a0Pimenta Bueno \u2013 RO<\/div>\n<div>LET\u00cdCIA POZZI BEILKE &#8211; Novo Hamburgo \u2013 RS<\/div>\n<div>LUCIANA FERREIRA DE TOLEDO MAIZATO &#8211; S\u00e3o Paulo \u2013 SP<\/div>\n<div>LUCIANE CASTAMAN COSTA &#8211; Vilhena \u2013 RO<\/div>\n<div>LU\u00cdS HENRIQUE RODRIGUES LAGES &#8211; Ipatinga \u2013 MG<\/div>\n<div>MARCOS EDUARDO MAZALOTTI ULIAN &#8211; Imba\u00fa\u2013 PR<\/div>\n<div>MICHEL BENEDITTO &#8211; Lucas do Rio Verde \u2013 MT<\/div>\n<div>N\u00cdCOLAS FRANKE &#8211; Santa Rosa \u2013 RS<\/div>\n<div>NILMA HENZE PIMENTEL &#8211; Tijuca \u2013RJ<\/div>\n<div>PATRICIA GIACOMELLI &#8211; Caxias do Sul \u2013 RS<\/div>\n<div>PAULA PETERINI BOEIRA &#8211; Itaqui \u2013 RS<\/div>\n<div>PRISCILA DE OLIVEIRA VARGAS &#8211; Joinville\u2013 \u00a0SC<\/div>\n<div>RICARDO FERNANDO MARKUS &#8211; Chopinzinho \u00a0\u2013PR<\/div>\n<div>ROBERTA MACHADO PIMENTEL REBELLO DE MATTOS &#8211; Aracaju \u2013 SE<\/div>\n<div>ROSA MARIA DA SILVA FREIRE &#8211; \u00a0Cuiab\u00e1-MT<\/div>\n<div>TATIANA MENEZES DA SILVA &#8211; Porto Alegre \u2013 RS<\/div>\n<div>VALDEMIR MACHADO PEREIRA &#8211; Campo Limpo Paulista \u2013 SP<\/div>\n<p>&nbsp;<\/p>\n<p>Veja as fotos:<\/p>\n<p>&nbsp;<\/p>\n<p><object width=\"800\" height=\"533\" classid=\"clsid:d27cdb6e-ae6d-11cf-96b8-444553540000\" codebase=\"http:\/\/download.macromedia.com\/pub\/shockwave\/cabs\/flash\/swflash.cab#version=6,0,40,0\"><param name=\"src\" value=\"https:\/\/static.googleusercontent.com\/external_content\/picasaweb.googleusercontent.com\/slideshow.swf\" \/><param name=\"flashvars\" value=\"host=picasaweb.google.com&amp;hl=pt_BR&amp;feat=flashalbum&amp;RGB=0x000000&amp;feed=https%3A%2F%2Fpicasaweb.google.com%2Fdata%2Ffeed%2Fapi%2Fuser%2F105563955363363904212%2Falbumid%2F5945714941003592049%3Falt%3Drss%26kind%3Dphoto%26hl%3Dpt_BR\" \/><param name=\"pluginspage\" value=\"http:\/\/www.macromedia.com\/go\/getflashplayer\" \/><embed width=\"800\" height=\"533\" type=\"application\/x-shockwave-flash\" src=\"https:\/\/static.googleusercontent.com\/external_content\/picasaweb.googleusercontent.com\/slideshow.swf\" flashvars=\"host=picasaweb.google.com&amp;hl=pt_BR&amp;feat=flashalbum&amp;RGB=0x000000&amp;feed=https%3A%2F%2Fpicasaweb.google.com%2Fdata%2Ffeed%2Fapi%2Fuser%2F105563955363363904212%2Falbumid%2F5945714941003592049%3Falt%3Drss%26kind%3Dphoto%26hl%3Dpt_BR\" pluginspage=\"http:\/\/www.macromedia.com\/go\/getflashplayer\" \/><\/object><\/p>\n","protected":false},"excerpt":{"rendered":"<p>Crit\u00e9rios para o Diagn\u00f3stico e tratamento est\u00e1vel na mordida aberta anterior foi o tema apresentado.<\/p>\n","protected":false},"author":20,"featured_media":2675,"comment_status":"open","ping_status":"closed","sticky":false,"template":"","format":"standard","meta":{"footnotes":""},"categories":[],"tags":[],"class_list":["post-2674","post","type-post","status-publish","format-standard","has-post-thumbnail"],"aioseo_notices":[],"amp_enabled":true,"_links":{"self":[{"href":"https:\/\/dentalpress.com.br\/portal\/wp-json\/wp\/v2\/posts\/2674","targetHints":{"allow":["GET"]}}],"collection":[{"href":"https:\/\/dentalpress.com.br\/portal\/wp-json\/wp\/v2\/posts"}],"about":[{"href":"https:\/\/dentalpress.com.br\/portal\/wp-json\/wp\/v2\/types\/post"}],"author":[{"embeddable":true,"href":"https:\/\/dentalpress.com.br\/portal\/wp-json\/wp\/v2\/users\/20"}],"replies":[{"embeddable":true,"href":"https:\/\/dentalpress.com.br\/portal\/wp-json\/wp\/v2\/comments?post=2674"}],"version-history":[{"count":0,"href":"https:\/\/dentalpress.com.br\/portal\/wp-json\/wp\/v2\/posts\/2674\/revisions"}],"wp:featuredmedia":[{"embeddable":true,"href":"https:\/\/dentalpress.com.br\/portal\/wp-json\/wp\/v2\/media\/2675"}],"wp:attachment":[{"href":"https:\/\/dentalpress.com.br\/portal\/wp-json\/wp\/v2\/media?parent=2674"}],"wp:term":[{"taxonomy":"category","embeddable":true,"href":"https:\/\/dentalpress.com.br\/portal\/wp-json\/wp\/v2\/categories?post=2674"},{"taxonomy":"post_tag","embeddable":true,"href":"https:\/\/dentalpress.com.br\/portal\/wp-json\/wp\/v2\/tags?post=2674"}],"curies":[{"name":"wp","href":"https:\/\/api.w.org\/{rel}","templated":true}]}}