{"id":2668,"date":"2013-11-13T14:02:32","date_gmt":"2013-11-13T17:02:32","guid":{"rendered":"https:\/\/www.dentalpress.com.br\/portal\/?p=2668"},"modified":"2014-11-24T16:15:52","modified_gmt":"2014-11-24T19:15:52","slug":"braquetes-autoligados-tema-excelencia-ortodontia","status":"publish","type":"post","link":"https:\/\/dentalpress.com.br\/portal\/braquetes-autoligados-tema-excelencia-ortodontia\/","title":{"rendered":"Braquetes autoligados \u00e9 tema no Excel\u00eancia na Ortodontia"},"content":{"rendered":"<p>Nesta ter\u00e7a-feira, dia 12 de novembro, o Excel\u00eancia na Ortodontia recebeu a professora Liliana Maltagliati, que j\u00e1 ministra aula no Programa de Educa\u00e7\u00e3o Continuada para Especialistas em Ortodontia h\u00e1 v\u00e1rias edi\u00e7\u00f5es e abordou, desta vez, o tema Braquetes Autoligados.<\/p>\n<p>Ela tamb\u00e9m \u00e9 autora do livro &#8220;Sistema Autoligado &#8211; Teoria e pr\u00e1tica&#8221;, editado pela Editora Profile.<\/p>\n<p>&nbsp;<\/p>\n<p><strong>Veja fotos da aula:<\/strong><\/p>\n<p>&nbsp;<\/p>\n<p><object width=\"800\" height=\"533\" classid=\"clsid:d27cdb6e-ae6d-11cf-96b8-444553540000\" codebase=\"http:\/\/download.macromedia.com\/pub\/shockwave\/cabs\/flash\/swflash.cab#version=6,0,40,0\"><param name=\"src\" value=\"https:\/\/static.googleusercontent.com\/external_content\/picasaweb.googleusercontent.com\/slideshow.swf\" \/><param name=\"flashvars\" value=\"host=picasaweb.google.com&amp;hl=pt_BR&amp;feat=flashalbum&amp;RGB=0x000000&amp;feed=https%3A%2F%2Fpicasaweb.google.com%2Fdata%2Ffeed%2Fapi%2Fuser%2F105563955363363904212%2Falbumid%2F5945464176833912929%3Falt%3Drss%26kind%3Dphoto%26hl%3Dpt_BR\" \/><param name=\"pluginspage\" value=\"http:\/\/www.macromedia.com\/go\/getflashplayer\" \/><embed width=\"800\" height=\"533\" type=\"application\/x-shockwave-flash\" src=\"https:\/\/static.googleusercontent.com\/external_content\/picasaweb.googleusercontent.com\/slideshow.swf\" flashvars=\"host=picasaweb.google.com&amp;hl=pt_BR&amp;feat=flashalbum&amp;RGB=0x000000&amp;feed=https%3A%2F%2Fpicasaweb.google.com%2Fdata%2Ffeed%2Fapi%2Fuser%2F105563955363363904212%2Falbumid%2F5945464176833912929%3Falt%3Drss%26kind%3Dphoto%26hl%3Dpt_BR\" pluginspage=\"http:\/\/www.macromedia.com\/go\/getflashplayer\" \/><\/object><\/p>\n<p><span style=\"color: #800000;\"><strong>A professora:<\/strong><\/span><\/p>\n<h2><span style=\"color: #800000;\"><strong>Liliana Maltagliati<\/strong><\/span><\/h2>\n<p>&nbsp;<\/p>\n<p><a href=\"https:\/\/dentalpress.com.br\/portal\/wp-content\/uploads\/2013\/11\/LILIANA.jpg\"><img fetchpriority=\"high\" decoding=\"async\" class=\"size-medium wp-image-2669 alignright\" alt=\"LILIANA\" src=\"https:\/\/dentalpress.com.br\/portal\/wp-content\/uploads\/2013\/11\/LILIANA-226x300.jpg\" width=\"226\" height=\"300\" srcset=\"\/wp-content\/uploads\/2013\/11\/LILIANA-226x300.jpg 226w, \/wp-content\/uploads\/2013\/11\/LILIANA-771x1024.jpg 771w, \/wp-content\/uploads\/2013\/11\/LILIANA.jpg 805w\" sizes=\"(max-width: 226px) 100vw, 226px\" \/><\/a><\/p>\n<p>&#8211; Formada em Odontologia pela Faculdade de Odontologia de Bauru, da Universidade de S\u00e3o Paulo, em 1991.<\/p>\n<p>&#8211; Cursou <a href=\"https:\/\/dentalpress.com.br\/portal\/curso-de-aperfeicoamento-em-dtm-dor-orofacial-e-apneia-do-sono\/\">aperfei\u00e7oamento<\/a> em Ortodontia, no Sindicato dos Odontologistas do Estado de S\u00e3o Paulo de 1992 a 1994.<\/p>\n<p>&#8211; Cursou Mestrado em Odontologia, \u00e1rea de concentra\u00e7\u00e3o Ortodontia, na Faculdade de Odontologia de Bauru da Universidade de S\u00e3o Paulo, de 1995 a 1997.<\/p>\n<p>&#8211; Cursou Doutorado em Odontologia, \u00e1rea de concentra\u00e7\u00e3o Ortodontia, na Faculdade de Odontologia de Bauru da Universidade de S\u00e3o Paulo, 1998 a 2000.<\/p>\n<p>&#8211; Contratada pela Faculdade de Odontologia da Universidade Metodista de S\u00e3o Paulo, em Janeiro de 2001, como professora assistente, passando para titular em 2003 e assim permanecendo at\u00e9 2008.<\/p>\n<p>&#8211; Em 2002 passou a Coordenadora do <a href=\"https:\/\/dentalpress.com.br\/portal\/como-inserir-lasers-de-baixa-e-alta-potencia-na-rotina-clinica\/\">Curso<\/a> de Especializa\u00e7\u00e3o em Ortodontia da Universidade Metodista de S\u00e3o Paulo, formando duas turmas de especialistas.<\/p>\n<p>&#8211; Em 2005 passou a Coordenadora do Curso de Especializa\u00e7\u00e3o em Ortodontia da Associa\u00e7\u00e3o Brasileira dos Cirurgi\u00f5es <a href=\"https:\/\/dentalpress.com.br\/portal\/reforma-tributaria-impacta-dentistas-e-pacientes-com-custos\/\">Dentistas<\/a> de S\u00e3o Paulo,\u00a0formando at\u00e9 a presente data, duas turmas de\u00a0especialistas.<\/p>\n<p>&#8211; Mini-resid\u00eancia em Dor Orofacial na Universidade de Minnesota, Minneapolis &#8211; EUA.<\/p>\n<p>&#8211; Desde Janeiro de 2002, participa como professora do curso de aperfei\u00e7oamento em Ortodontia do Sindicato dos Odontologistas do Estado do Maranh\u00e3o, tornando &#8211; se curso de Especializa\u00e7\u00e3o em 2007.<\/p>\n<p>&#8211; Passou a Coordenar o curso de Especializa\u00e7\u00e3o em Ortodontia do Grupo Straightwire do Rio de Janeiro, desde Outubro de 2007, tendo formado uma turma.<\/p>\n<p>&#8211; Desde 2003, coordena um curso de Atualiza\u00e7\u00e3o em Tratamento Ortodontico de pacientes adultos, no CETAO-SP, tendo formado 7 turmas at\u00e9 o presente.<\/p>\n<p>&#8211; Atua como professora convidada em v\u00e1rios <a href=\"https:\/\/dentalpress.com.br\/portal\/especializacao-em-implantodontia-transforme-sua-carreira-com-precisao-e-seguranca\/\">cursos<\/a> de Especializa\u00e7\u00e3o e Aperfei\u00e7oamento em todo o Brasil, entre eles o Curso de Excel\u00eancia em Ortodontia da Dental Press &#8211; Maring\u00e1.<\/p>\n<p>&#8211; Ministra Cursos de Treinamento com Braquetes Autoligados em todo o Brasil, tenho institu\u00eddo o primeiro curso de imers\u00e3o em Autoligados do pa\u00eds e ministrado palestras\u00a0para empresas que fabricam esses braquetes, como Ormco e G&amp;M, representante da Forestadent no Brasil.<\/p>\n<p>&#8211; 3 Cap\u00edtulos de livro e mais de 50 artigos publicados no Brasil e exterior.<\/p>\n<p>&#8211; Desde 2010 faz parte do programa de Mestrado em Biologia Oral da Universidade do Sagrado Cora\u00e7\u00e3o, Bauru, como Professora convidada, respons\u00e1vel pela disciplina, &#8221; Novos procedimentos em Ortodontia &#8220;.<\/p>\n","protected":false},"excerpt":{"rendered":"<p>Nesta ter\u00e7a-feira, dia 12 de novembro, o Excel\u00eancia na Ortodontia recebeu a professora Liliana Maltagliati, que j\u00e1 ministra aula no Programa de Educa\u00e7\u00e3o Continuada para Especialistas em Ortodontia h\u00e1 v\u00e1rias edi\u00e7\u00f5es e abordou, desta vez, o tema Braquetes Autoligados. Ela tamb\u00e9m \u00e9 autora do livro &#8220;Sistema Autoligado &#8211; Teoria e pr\u00e1tica&#8221;, editado pela Editora Profile.<\/p>\n","protected":false},"author":20,"featured_media":2673,"comment_status":"open","ping_status":"closed","sticky":false,"template":"","format":"standard","meta":{"footnotes":""},"categories":[],"tags":[],"class_list":["post-2668","post","type-post","status-publish","format-standard","has-post-thumbnail"],"aioseo_notices":[],"amp_enabled":true,"_links":{"self":[{"href":"https:\/\/dentalpress.com.br\/portal\/wp-json\/wp\/v2\/posts\/2668","targetHints":{"allow":["GET"]}}],"collection":[{"href":"https:\/\/dentalpress.com.br\/portal\/wp-json\/wp\/v2\/posts"}],"about":[{"href":"https:\/\/dentalpress.com.br\/portal\/wp-json\/wp\/v2\/types\/post"}],"author":[{"embeddable":true,"href":"https:\/\/dentalpress.com.br\/portal\/wp-json\/wp\/v2\/users\/20"}],"replies":[{"embeddable":true,"href":"https:\/\/dentalpress.com.br\/portal\/wp-json\/wp\/v2\/comments?post=2668"}],"version-history":[{"count":0,"href":"https:\/\/dentalpress.com.br\/portal\/wp-json\/wp\/v2\/posts\/2668\/revisions"}],"wp:featuredmedia":[{"embeddable":true,"href":"https:\/\/dentalpress.com.br\/portal\/wp-json\/wp\/v2\/media\/2673"}],"wp:attachment":[{"href":"https:\/\/dentalpress.com.br\/portal\/wp-json\/wp\/v2\/media?parent=2668"}],"wp:term":[{"taxonomy":"category","embeddable":true,"href":"https:\/\/dentalpress.com.br\/portal\/wp-json\/wp\/v2\/categories?post=2668"},{"taxonomy":"post_tag","embeddable":true,"href":"https:\/\/dentalpress.com.br\/portal\/wp-json\/wp\/v2\/tags?post=2668"}],"curies":[{"name":"wp","href":"https:\/\/api.w.org\/{rel}","templated":true}]}}