{"id":2661,"date":"2013-11-13T13:07:50","date_gmt":"2013-11-13T16:07:50","guid":{"rendered":"https:\/\/www.dentalpress.com.br\/portal\/?p=2661"},"modified":"2013-11-14T14:44:09","modified_gmt":"2013-11-14T17:44:09","slug":"dr-jose-eduardo-prado","status":"publish","type":"post","link":"https:\/\/dentalpress.com.br\/portal\/dr-jose-eduardo-prado\/","title":{"rendered":"Dr. Jos\u00e9 Eduardo Prado"},"content":{"rendered":"<p>A Ortodontia e a Ortopedia Facial s\u00e3o ci\u00eancias em constantes mudan\u00e7as. A cada dia, novos estudos s\u00e3o realizados a fim de aperfei\u00e7oar a qualidade e a dura\u00e7\u00e3o do tempo de tratamento, visando o melhor para os pacientes. Assim, novas t\u00e9cnicas s\u00e3o desenvolvidas, e cabe aos ortodontistas estarem atualizados para atender \u00e0 demanda dos pacientes, que est\u00e3o cada vez mais bem informados e exigentes.\u00a0Pensando nisso, a Editora Dental Press International criou, em 1999, O Excel\u00eancia na Ortodontia. Foi o primeiro programa de educa\u00e7\u00e3o continuada desenvolvido exclusivamente a especialistas j\u00e1 formados. Trata-se do \u00fanico <a href=\"https:\/\/dentalpress.com.br\/portal\/como-inserir-lasers-de-baixa-e-alta-potencia-na-rotina-clinica\/\">curso<\/a> em toda a Am\u00e9rica Latina a reunir um corpo docente t\u00e3o extenso e qualificado, formado por autoridades reconhecidas tanto pela pr\u00e1tica cl\u00ednica quanto pela contribui\u00e7\u00e3o cient\u00edfica \u00e0 Ortodontia.<\/p>\n<p>Neste quinto m\u00f3dulo, no dia 11 de novembro, da 15 Turma, o\u00a0Dr. Jos\u00e9 Eduardo Prado, ministrou o tema:\u00a0<span style=\"color: #800000;\"><strong>Tema: Tratamento da classe III em adultos sem cirurgia ortogn\u00e1tica<\/strong><\/span><\/p>\n<p>Veja fotos da aula:<\/p>\n<p>&nbsp;<\/p>\n<p><object width=\"800\" height=\"533\" classid=\"clsid:d27cdb6e-ae6d-11cf-96b8-444553540000\" codebase=\"http:\/\/download.macromedia.com\/pub\/shockwave\/cabs\/flash\/swflash.cab#version=6,0,40,0\"><param name=\"src\" value=\"https:\/\/static.googleusercontent.com\/external_content\/picasaweb.googleusercontent.com\/slideshow.swf\" \/><param name=\"flashvars\" value=\"host=picasaweb.google.com&amp;hl=pt_BR&amp;feat=flashalbum&amp;RGB=0x000000&amp;feed=https%3A%2F%2Fpicasaweb.google.com%2Fdata%2Ffeed%2Fapi%2Fuser%2F105563955363363904212%2Falbumid%2F5945462087350432849%3Falt%3Drss%26kind%3Dphoto%26hl%3Dpt_BR\" \/><param name=\"pluginspage\" value=\"http:\/\/www.macromedia.com\/go\/getflashplayer\" \/><embed width=\"800\" height=\"533\" type=\"application\/x-shockwave-flash\" src=\"https:\/\/static.googleusercontent.com\/external_content\/picasaweb.googleusercontent.com\/slideshow.swf\" flashvars=\"host=picasaweb.google.com&amp;hl=pt_BR&amp;feat=flashalbum&amp;RGB=0x000000&amp;feed=https%3A%2F%2Fpicasaweb.google.com%2Fdata%2Ffeed%2Fapi%2Fuser%2F105563955363363904212%2Falbumid%2F5945462087350432849%3Falt%3Drss%26kind%3Dphoto%26hl%3Dpt_BR\" pluginspage=\"http:\/\/www.macromedia.com\/go\/getflashplayer\" \/><\/object><\/p>\n<p>&nbsp;<\/p>\n<p><span style=\"color: #800000;\"><strong>Participantes:<\/strong><\/span><\/p>\n<div>ADRIANA HELENA DA SILVA DEMARTINI PENNA &#8211; Cuiab\u00e1-MT<\/div>\n<div>ALCINEY DE ALMEIDA LUIZ &#8211; Marechal Candido Rondon \u2013 PR<\/div>\n<div>ANDREA MARIA ACERBI CARAM FERNANDES &#8211; S\u00e3o Jos\u00e9 do Rio Pardo\u2013 SP<\/div>\n<div>CAROLINA ESTER KRAMMES &#8211; Novo Hamburo \u2013 RS<\/div>\n<div>CASSIO TAVARES PONTES &#8211; Patos de Minas \u2013 MG<\/div>\n<div>DANIELA COELHO RANGEL IMOTO TAKESHITA &#8211; Guaratinguet\u00e1 &#8211; SP<\/div>\n<div>\u00c9LTON LOPES GODOI &#8211; Palmas &#8211; PR<\/div>\n<div>FABIANE YASSUMITSU &#8211; Formosa \u2013 GO<\/div>\n<div>FERNANDO ANDRE BARTH &#8211; Porto Alegre \u2013 RS<\/div>\n<div>FRANCINE TODESCATTLOCATELLI \u00a0&#8211; Conc\u00f3rdia\u2013 \u00a0SC<\/div>\n<div>HALESSANDRA \u00a0JUNQUEIRA COBRA FRAN\u00c7A &#8211; Aquidauana \u2013 MS<\/div>\n<div>JULIANA MARIA LOPES BLOS &#8211; Campo Bom \u2013 RS<\/div>\n<div>KATIA REGINA GAZETTA DAL BIANCO &#8211; \u00a0Pimenta Bueno \u2013 RO<\/div>\n<div>LET\u00cdCIA POZZI BEILKE &#8211; Novo Hamburgo \u2013 RS<\/div>\n<div>LUCIANA FERREIRA DE TOLEDO MAIZATO &#8211; S\u00e3o Paulo \u2013 SP<\/div>\n<div>LUCIANE CASTAMAN COSTA &#8211; Vilhena \u2013 RO<\/div>\n<div>LU\u00cdS HENRIQUE RODRIGUES LAGES &#8211; Ipatinga \u2013 MG<\/div>\n<div>MARCOS EDUARDO MAZALOTTI ULIAN &#8211; Imba\u00fa\u2013 PR<\/div>\n<div>MICHEL BENEDITTO &#8211; Lucas do Rio Verde \u2013 MT<\/div>\n<div>N\u00cdCOLAS FRANKE &#8211; Santa Rosa \u2013 RS<\/div>\n<div>NILMA HENZE PIMENTEL &#8211; Tijuca \u2013RJ<\/div>\n<div>PATRICIA GIACOMELLI &#8211; Caxias do Sul \u2013 RS<\/div>\n<div>PAULA PETERINI BOEIRA &#8211; Itaqui \u2013 RS<\/div>\n<div>PRISCILA DE OLIVEIRA VARGAS &#8211; Joinville\u2013 \u00a0SC<\/div>\n<div>RICARDO FERNANDO MARKUS &#8211; Chopinzinho \u00a0\u2013PR<\/div>\n<div>ROBERTA MACHADO PIMENTEL REBELLO DE MATTOS &#8211; Aracaju \u2013 SE<\/div>\n<div>ROSA MARIA DA SILVA FREIRE &#8211; \u00a0Cuiab\u00e1-MT<\/div>\n<div>TATIANA MENEZES DA SILVA &#8211; Porto Alegre \u2013 RS<\/div>\n<div>VALDEMIR MACHADO PEREIRA &#8211; Campo Limpo Paulista \u2013 SP<\/div>\n<div><\/div>\n<p>&nbsp;<\/p>\n<h2><span style=\"color: #800000;\"><strong><a href=\"https:\/\/dentalpress.com.br\/portal\/wp-content\/uploads\/2013\/11\/17.jpg\"><img fetchpriority=\"high\" decoding=\"async\" class=\"size-medium wp-image-2663 alignleft\" alt=\"17\" src=\"https:\/\/dentalpress.com.br\/portal\/wp-content\/uploads\/2013\/11\/17-300x199.jpg\" width=\"300\" height=\"199\" srcset=\"\/wp-content\/uploads\/2013\/11\/17-300x199.jpg 300w, \/wp-content\/uploads\/2013\/11\/17.jpg 700w\" sizes=\"(max-width: 300px) 100vw, 300px\" \/><\/a>Dr. Jos\u00e9 Eduardo Prado\u00a0<\/strong><\/span><\/h2>\n<p>\u2022 P\u00f3s-gradua\u00e7\u00e3o\u00a0\u201clato Sensu\u201d em Ortodontia e Ortopedia Facial &#8211; UCCB<br \/>\n\u2022 Mestre em Ortodontia e Ortopedia Facial Fob ( USP-Bauru)<br \/>\n\u2022 Doutor Pela USP- Bauru<\/p>\n","protected":false},"excerpt":{"rendered":"<p>Neste quinto m\u00f3dulo, no dia 11 de novembro, o Dr. Jos\u00e9 Eduardo Prado, ministrou o tema: Tema: Tratamento da classe III em adultos sem cirurgia ortogn\u00e1tica<\/p>\n","protected":false},"author":20,"featured_media":2665,"comment_status":"open","ping_status":"closed","sticky":false,"template":"","format":"standard","meta":{"footnotes":""},"categories":[],"tags":[],"class_list":["post-2661","post","type-post","status-publish","format-standard","has-post-thumbnail"],"aioseo_notices":[],"amp_enabled":true,"_links":{"self":[{"href":"https:\/\/dentalpress.com.br\/portal\/wp-json\/wp\/v2\/posts\/2661","targetHints":{"allow":["GET"]}}],"collection":[{"href":"https:\/\/dentalpress.com.br\/portal\/wp-json\/wp\/v2\/posts"}],"about":[{"href":"https:\/\/dentalpress.com.br\/portal\/wp-json\/wp\/v2\/types\/post"}],"author":[{"embeddable":true,"href":"https:\/\/dentalpress.com.br\/portal\/wp-json\/wp\/v2\/users\/20"}],"replies":[{"embeddable":true,"href":"https:\/\/dentalpress.com.br\/portal\/wp-json\/wp\/v2\/comments?post=2661"}],"version-history":[{"count":0,"href":"https:\/\/dentalpress.com.br\/portal\/wp-json\/wp\/v2\/posts\/2661\/revisions"}],"wp:featuredmedia":[{"embeddable":true,"href":"https:\/\/dentalpress.com.br\/portal\/wp-json\/wp\/v2\/media\/2665"}],"wp:attachment":[{"href":"https:\/\/dentalpress.com.br\/portal\/wp-json\/wp\/v2\/media?parent=2661"}],"wp:term":[{"taxonomy":"category","embeddable":true,"href":"https:\/\/dentalpress.com.br\/portal\/wp-json\/wp\/v2\/categories?post=2661"},{"taxonomy":"post_tag","embeddable":true,"href":"https:\/\/dentalpress.com.br\/portal\/wp-json\/wp\/v2\/tags?post=2661"}],"curies":[{"name":"wp","href":"https:\/\/api.w.org\/{rel}","templated":true}]}}