{"id":2655,"date":"2013-11-13T12:57:32","date_gmt":"2013-11-13T15:57:32","guid":{"rendered":"https:\/\/www.dentalpress.com.br\/portal\/?p=2655"},"modified":"2014-11-24T16:15:45","modified_gmt":"2014-11-24T19:15:45","slug":"dr-cleverson-oliveira-silva","status":"publish","type":"post","link":"https:\/\/dentalpress.com.br\/portal\/dr-cleverson-oliveira-silva\/","title":{"rendered":"Dr.\u00a0Cleverson Silva ensina na Dental Press"},"content":{"rendered":"<p><a href=\"https:\/\/dentalpress.com.br\/portal\/wp-content\/uploads\/2013\/11\/1379646_507721289323026_1171079172_n.jpg\"><img fetchpriority=\"high\" decoding=\"async\" class=\"alignnone size-full wp-image-2656 aligncenter\" alt=\"1379646_507721289323026_1171079172_n\" src=\"https:\/\/dentalpress.com.br\/portal\/wp-content\/uploads\/2013\/11\/1379646_507721289323026_1171079172_n.jpg\" width=\"960\" height=\"640\" srcset=\"\/wp-content\/uploads\/2013\/11\/1379646_507721289323026_1171079172_n.jpg 960w, \/wp-content\/uploads\/2013\/11\/1379646_507721289323026_1171079172_n-300x200.jpg 300w\" sizes=\"(max-width: 960px) 100vw, 960px\" \/><\/a><\/p>\n<p><strong style=\"color: #800000;\">Dr. Cleverson de Oliveira e Silva<\/strong><\/p>\n<p>Obteve gradua\u00e7\u00e3o em Odontologia pela Universidade Federal de Alfenas (2001), onde atuou como Professor Substituto de Semiologia (02\/2002 02\/2003). Possui <a href=\"https:\/\/dentalpress.com.br\/portal\/curso-de-aperfeicoamento-em-cirurgia-de-dentes-retidos\/\">Aperfei\u00e7oamento<\/a> em <a href=\"https:\/\/dentalpress.com.br\/portal\/excelencia-em-implantodontia-2\/\">Implantodontia<\/a>, Periodontia e Cirurgia Buco-Maxilo-Facial e <a href=\"https:\/\/dentalpress.com.br\/portal\/especializacao-em-harmonizacao-orofacial\/\">Especializa\u00e7\u00e3o<\/a> em Periodontia. Obteve o t\u00edtulo de Mestre em Cl\u00ednica Odontol\u00f3gica, \u00c1rea de Periodontia, pela Universidade Estadual de Campinas (2005), e de Doutor tamb\u00e9m em Cl\u00ednica Odontol\u00f3gica, \u00c1rea de Periodontia, pela Universidade Estadual de Campinas com per\u00edodo sandu\u00edche na The Ohio State University (2007). Atualmente \u00e9 professor adjunto de Periodontia da Universidade Estadual de Maring\u00e1 (UEM) e da Uning\u00e1 e pesquisador visitante do departamento de Periodontia na The Ohio State University (EUA). \u00c9 Chefe Adjunto do Departamento de Odontologia da UEM e Coordenador Geral da Cl\u00ednica Odontol\u00f3gica da UEM. \u00c9 professor permanente do Mestrado em Odontologia da Uning\u00e1 da Especializa\u00e7\u00e3o em Periodontia da UEM e Especializa\u00e7\u00f5es em Pr\u00f3tese e Implante da Uning\u00e1. Membro do International Team of Implantology (ITI) e ITI Speaker. Bolsista Produtividade da Funda\u00e7\u00e3o Arauc\u00e1ria. Tem experi\u00eancia na \u00e1rea de Odontologia, com \u00eanfase em Cl\u00ednica Odontol\u00f3gica, Periodontia, Implantes, Semiologia e Diagn\u00f3stico.<\/p>\n<p>&nbsp;<\/p>\n<p style=\"text-align: center;\"><strong><span style=\"color: #800000;\">Galeria de fotos da aula:<\/span><\/strong><\/p>\n<p><object width=\"800\" height=\"533\" classid=\"clsid:d27cdb6e-ae6d-11cf-96b8-444553540000\" codebase=\"http:\/\/download.macromedia.com\/pub\/shockwave\/cabs\/flash\/swflash.cab#version=6,0,40,0\"><param name=\"src\" value=\"https:\/\/static.googleusercontent.com\/external_content\/picasaweb.googleusercontent.com\/slideshow.swf\" \/><param name=\"flashvars\" value=\"host=picasaweb.google.com&amp;hl=pt_BR&amp;feat=flashalbum&amp;RGB=0x000000&amp;feed=https%3A%2F%2Fpicasaweb.google.com%2Fdata%2Ffeed%2Fapi%2Fuser%2F105563955363363904212%2Falbumid%2F5945716419917235777%3Falt%3Drss%26kind%3Dphoto%26hl%3Dpt_BR\" \/><param name=\"pluginspage\" value=\"http:\/\/www.macromedia.com\/go\/getflashplayer\" \/><embed width=\"800\" height=\"533\" type=\"application\/x-shockwave-flash\" src=\"https:\/\/static.googleusercontent.com\/external_content\/picasaweb.googleusercontent.com\/slideshow.swf\" flashvars=\"host=picasaweb.google.com&amp;hl=pt_BR&amp;feat=flashalbum&amp;RGB=0x000000&amp;feed=https%3A%2F%2Fpicasaweb.google.com%2Fdata%2Ffeed%2Fapi%2Fuser%2F105563955363363904212%2Falbumid%2F5945716419917235777%3Falt%3Drss%26kind%3Dphoto%26hl%3Dpt_BR\" pluginspage=\"http:\/\/www.macromedia.com\/go\/getflashplayer\" \/><\/object><\/p>\n","protected":false},"excerpt":{"rendered":"<p>Professor do curso de Especializa\u00e7\u00e3o em Implantologia promovido pela UniCesumar e Dental Press ministra aula sobre Periodontia.<\/p>\n","protected":false},"author":20,"featured_media":2656,"comment_status":"open","ping_status":"closed","sticky":false,"template":"","format":"standard","meta":{"footnotes":""},"categories":[],"tags":[],"class_list":["post-2655","post","type-post","status-publish","format-standard","has-post-thumbnail"],"aioseo_notices":[],"amp_enabled":true,"_links":{"self":[{"href":"https:\/\/dentalpress.com.br\/portal\/wp-json\/wp\/v2\/posts\/2655","targetHints":{"allow":["GET"]}}],"collection":[{"href":"https:\/\/dentalpress.com.br\/portal\/wp-json\/wp\/v2\/posts"}],"about":[{"href":"https:\/\/dentalpress.com.br\/portal\/wp-json\/wp\/v2\/types\/post"}],"author":[{"embeddable":true,"href":"https:\/\/dentalpress.com.br\/portal\/wp-json\/wp\/v2\/users\/20"}],"replies":[{"embeddable":true,"href":"https:\/\/dentalpress.com.br\/portal\/wp-json\/wp\/v2\/comments?post=2655"}],"version-history":[{"count":0,"href":"https:\/\/dentalpress.com.br\/portal\/wp-json\/wp\/v2\/posts\/2655\/revisions"}],"wp:featuredmedia":[{"embeddable":true,"href":"https:\/\/dentalpress.com.br\/portal\/wp-json\/wp\/v2\/media\/2656"}],"wp:attachment":[{"href":"https:\/\/dentalpress.com.br\/portal\/wp-json\/wp\/v2\/media?parent=2655"}],"wp:term":[{"taxonomy":"category","embeddable":true,"href":"https:\/\/dentalpress.com.br\/portal\/wp-json\/wp\/v2\/categories?post=2655"},{"taxonomy":"post_tag","embeddable":true,"href":"https:\/\/dentalpress.com.br\/portal\/wp-json\/wp\/v2\/tags?post=2655"}],"curies":[{"name":"wp","href":"https:\/\/api.w.org\/{rel}","templated":true}]}}