{"id":25530,"date":"2019-04-02T15:30:25","date_gmt":"2019-04-02T18:30:25","guid":{"rendered":"https:\/\/www.dentalpress.com.br\/portal\/?p=25530"},"modified":"2019-04-02T09:58:13","modified_gmt":"2019-04-02T12:58:13","slug":"semana-de-cursos-tem-encontro-de-20-anos-do-excelencia-e-credenciamento-invisalign","status":"publish","type":"post","link":"https:\/\/dentalpress.com.br\/portal\/semana-de-cursos-tem-encontro-de-20-anos-do-excelencia-e-credenciamento-invisalign\/","title":{"rendered":"Semana de cursos tem Encontro de 20 anos do Excel\u00eancia e credenciamento Invisalign"},"content":{"rendered":"<figure id=\"attachment_14023\" aria-describedby=\"caption-attachment-14023\" style=\"width: 300px\" class=\"wp-caption alignleft\"><a href=\"https:\/\/dentalpress.com.br\/portal\/wp-content\/uploads\/2016\/11\/26640224354_ee5fb99951_k.jpg\"><img fetchpriority=\"high\" decoding=\"async\" class=\"size-medium wp-image-14023\" src=\"https:\/\/dentalpress.com.br\/portal\/wp-content\/uploads\/2016\/11\/26640224354_ee5fb99951_k-300x200.jpg\" alt=\"\" width=\"300\" height=\"200\" srcset=\"\/wp-content\/uploads\/2016\/11\/26640224354_ee5fb99951_k-300x200.jpg 300w, \/wp-content\/uploads\/2016\/11\/26640224354_ee5fb99951_k-768x512.jpg 768w, \/wp-content\/uploads\/2016\/11\/26640224354_ee5fb99951_k-1024x683.jpg 1024w, \/wp-content\/uploads\/2016\/11\/26640224354_ee5fb99951_k-1170x780.jpg 1170w, \/wp-content\/uploads\/2016\/11\/26640224354_ee5fb99951_k-585x390.jpg 585w, \/wp-content\/uploads\/2016\/11\/26640224354_ee5fb99951_k.jpg 2048w\" sizes=\"(max-width: 300px) 100vw, 300px\" \/><\/a><figcaption id=\"caption-attachment-14023\" class=\"wp-caption-text\">Marcos Janson, durante aula no audit\u00f3rio Dental Press. Ele ministra <a href=\"https:\/\/dentalpress.com.br\/portal\/como-inserir-lasers-de-baixa-e-alta-potencia-na-rotina-clinica\/\">curso<\/a> no pr\u00e9-evento do Encontro de 20 anos (Foto: Dental Press)<\/figcaption><\/figure>\n<p>A semana de <a href=\"https:\/\/dentalpress.com.br\/portal\/especializacao-em-implantodontia-transforme-sua-carreira-com-precisao-e-seguranca\/\">cursos<\/a> na Dental Press est\u00e1 agitada. Na segunda-feira (1), o Prof. Laurindo Furquim deu in\u00edcio ao primeiro m\u00f3dulo do Excel\u00eancia na Ortodontia deste ano. Hoje, o programa apresenta a aula do professor Hugo Trevisi, cujo tema\u00a0 \u00e9 &#8220;T\u00e9cnica MBT&#8221;. Em paralelo, Dr. Raul Pistorello ministra o 1\u00ba credenciamento da Invisalign na Dental Press. As aulas desse credenciamento acontecem entre hoje e amanh\u00e3.<\/p>\n<p>&#8220;Ortodontia nas dentaduras mista e dec\u00eddua \u2013 o que fazer, como, quando e por qu\u00ea?&#8221; \u00e9 o tema da aula do Pr\u00e9-Encontro do Excel\u00eancia Dental Press, ministrada pelo professor Marcos Janson, nesta quarta-feira. O curso acontece no Metr\u00f3pole Hotel (av. XV de Novembro, 470 \u2013 Zona 1 \u2013 Maring\u00e1 PR). Tamb\u00e9m na quarta, durante o Excel\u00eancia na Ortodontia, Roberto Brand\u00e3o e Jos\u00e9 Rino Neto fazem as \u00faltimas no audit\u00f3rio Dental Press, antes do evento de celebra\u00e7\u00e3o no Clube H\u00edpico.<\/p>\n<p>A partir desta quinta-feira come\u00e7a o Encontro de 20 anos do Excel\u00eancia Dental Press. A grade completa do evento \u2013 que acontece no Clube H\u00edpico de Maring\u00e1 \u2013 pode ser consultada <a href=\"https:\/\/dentalpress.com.br\/20-anos-excelencia\/index.html\">aqui<\/a>. O p\u00f3s-evento fica por conta do editor-chefe da Revista Cl\u00ednica de Ortodontia, Prof. Marcio Almeida. Inscri\u00e7\u00f5es podem ser feitas neste <a href=\"https:\/\/loja.dentalpress.com.br\/congresso\/encontro-dos-20-anos-do-excelencia-na-ortodontia.html\">link<\/a>.<\/p>\n<h4 class=\"card-title mbr-fonts-style mbr-bold display-5\"><\/h4>\n","protected":false},"excerpt":{"rendered":"<p>A semana de cursos na Dental Press est\u00e1 agitada. Na segunda-feira (1), o Prof. Laurindo Furquim deu in\u00edcio ao primeiro m\u00f3dulo do Excel\u00eancia na Ortodontia deste ano. Hoje, o programa apresenta a aula do professor Hugo Trevisi, cujo tema\u00a0 \u00e9 &#8220;T\u00e9cnica MBT&#8221;. Em paralelo, Dr. Raul Pistorello ministra o 1\u00ba credenciamento da Invisalign na Dental<\/p>\n","protected":false},"author":26,"featured_media":14023,"comment_status":"open","ping_status":"closed","sticky":false,"template":"","format":"standard","meta":{"footnotes":""},"categories":[],"tags":[],"class_list":["post-25530","post","type-post","status-publish","format-standard","has-post-thumbnail"],"aioseo_notices":[],"amp_enabled":true,"_links":{"self":[{"href":"https:\/\/dentalpress.com.br\/portal\/wp-json\/wp\/v2\/posts\/25530","targetHints":{"allow":["GET"]}}],"collection":[{"href":"https:\/\/dentalpress.com.br\/portal\/wp-json\/wp\/v2\/posts"}],"about":[{"href":"https:\/\/dentalpress.com.br\/portal\/wp-json\/wp\/v2\/types\/post"}],"author":[{"embeddable":true,"href":"https:\/\/dentalpress.com.br\/portal\/wp-json\/wp\/v2\/users\/26"}],"replies":[{"embeddable":true,"href":"https:\/\/dentalpress.com.br\/portal\/wp-json\/wp\/v2\/comments?post=25530"}],"version-history":[{"count":0,"href":"https:\/\/dentalpress.com.br\/portal\/wp-json\/wp\/v2\/posts\/25530\/revisions"}],"wp:featuredmedia":[{"embeddable":true,"href":"https:\/\/dentalpress.com.br\/portal\/wp-json\/wp\/v2\/media\/14023"}],"wp:attachment":[{"href":"https:\/\/dentalpress.com.br\/portal\/wp-json\/wp\/v2\/media?parent=25530"}],"wp:term":[{"taxonomy":"category","embeddable":true,"href":"https:\/\/dentalpress.com.br\/portal\/wp-json\/wp\/v2\/categories?post=25530"},{"taxonomy":"post_tag","embeddable":true,"href":"https:\/\/dentalpress.com.br\/portal\/wp-json\/wp\/v2\/tags?post=25530"}],"curies":[{"name":"wp","href":"https:\/\/api.w.org\/{rel}","templated":true}]}}