{"id":25516,"date":"2019-04-01T10:00:47","date_gmt":"2019-04-01T13:00:47","guid":{"rendered":"https:\/\/www.dentalpress.com.br\/portal\/?p=25516"},"modified":"2019-04-01T10:30:56","modified_gmt":"2019-04-01T13:30:56","slug":"conheca-as-principais-doencas-ocupacionais-dos-dentistas-do-brasil","status":"publish","type":"post","link":"https:\/\/dentalpress.com.br\/portal\/conheca-as-principais-doencas-ocupacionais-dos-dentistas-do-brasil\/","title":{"rendered":"Conhe\u00e7a as principais doen\u00e7as ocupacionais dos dentistas do Brasil"},"content":{"rendered":"<figure id=\"attachment_1905\" aria-describedby=\"caption-attachment-1905\" style=\"width: 266px\" class=\"wp-caption alignleft\"><a href=\"\/\/www.dentalpress.com.br\/portal\/wp-content\/uploads\/2013\/09\/1351160689.03Dentistas1.jpg\"><img fetchpriority=\"high\" decoding=\"async\" class=\"wp-image-1905 size-full\" src=\"https:\/\/dentalpress.com.br\/portal\/wp-content\/uploads\/2013\/09\/1351160689.03Dentistas1.jpg\" alt=\"\" width=\"266\" height=\"200\" \/><\/a><figcaption id=\"caption-attachment-1905\" class=\"wp-caption-text\">O <a href=\"https:\/\/dentalpress.com.br\/portal\/reforma-tributaria-impacta-dentistas-e-pacientes-com-custos\/\">dentista<\/a> pode sofrer com doen\u00e7as propiciadas pelo seu ambiente de trabalho<\/figcaption><\/figure>\n<p>&#8220;Doen\u00e7a ocupacional&#8221; \u00e9 definida por in\u00fameras enfermidades que causam altera\u00e7\u00f5es na sa\u00fade de um trabalhador e que s\u00e3o provocadas por fatores relacionados ao ambiente de trabalho e ocupa\u00e7\u00e3o do colaborador. A odontologia n\u00e3o \u00e9 uma exce\u00e7\u00e3o quando o assunto \u00e9 esse tipo de disfun\u00e7\u00e3o.<\/p>\n<p>O estudo &#8220;O Cirurgi\u00e3o Dentista e as Doen\u00e7as Ocupacionais&#8221;\u00a0 defendido por Patr\u00edcia Cristina Dias, como Trabalho de Conclus\u00e3o do <a href=\"https:\/\/dentalpress.com.br\/portal\/como-inserir-lasers-de-baixa-e-alta-potencia-na-rotina-clinica\/\">Curso<\/a> de Especializa\u00e7\u00e3o em Aten\u00e7\u00e3o B\u00e1sica em Sa\u00fade da Fam\u00edlia, na UFMG (Universidade Federal de Minas Gerais), em 2012, j\u00e1 elencava as principais enfermidades que acometem os dentistas no ambiente de trabalho.<\/p>\n<p>Desordens musculoesquel\u00e9ticas, estresse, Pair (Perda Auditiva Induzida pelo Ru\u00eddo), Hepatite e Dermatoses, foram as principais doen\u00e7as elencadas pela pesquisa \u2013 que baseou-se em estat\u00edsticas de Centrais de Sa\u00fade de todo o Brasil e revis\u00f5es bibliogr\u00e1ficas.<\/p>\n<p>Esses tipos de dist\u00farbios podem gerar incapacidade geral ou tempor\u00e1ria do exerc\u00edcio da fun\u00e7\u00e3o. A melhor forma de preven\u00e7\u00e3o para tais doen\u00e7as \u00e9 o investimento em preven\u00e7\u00e3o no ambiente de trabalho, desde as cadeira \u2013 que devem ser ergon\u00f4micas\u00a0 \u2013 at\u00e9 a aquisi\u00e7\u00e3o de instrumentos que n\u00e3o gerem ru\u00eddos \u2013 ou na compra de materiais que abafem o barulho.<\/p>\n<p>Caso o profissional j\u00e1 tenha sido prejudicado de alguma forma, a recomenda\u00e7\u00e3o \u00e9 que o dentista procure um advogado e entre em contato com a previd\u00eancia social para requerir o benef\u00edcio de incapacidade adequado \u00e0s contus\u00f5es que o acometeram.<\/p>\n<p>&nbsp;<\/p>\n<p>&nbsp;<\/p>\n","protected":false},"excerpt":{"rendered":"<p>&#8220;Doen\u00e7a ocupacional&#8221; \u00e9 definida por in\u00fameras enfermidades que causam altera\u00e7\u00f5es na sa\u00fade de um trabalhador e que s\u00e3o provocadas por fatores relacionados ao ambiente de trabalho e ocupa\u00e7\u00e3o do colaborador. A odontologia n\u00e3o \u00e9 uma exce\u00e7\u00e3o quando o assunto \u00e9 esse tipo de disfun\u00e7\u00e3o. O estudo &#8220;O Cirurgi\u00e3o Dentista e as Doen\u00e7as Ocupacionais&#8221;\u00a0 defendido por<\/p>\n","protected":false},"author":26,"featured_media":1905,"comment_status":"open","ping_status":"closed","sticky":false,"template":"","format":"standard","meta":{"footnotes":""},"categories":[],"tags":[],"class_list":["post-25516","post","type-post","status-publish","format-standard","has-post-thumbnail"],"aioseo_notices":[],"amp_enabled":true,"_links":{"self":[{"href":"https:\/\/dentalpress.com.br\/portal\/wp-json\/wp\/v2\/posts\/25516","targetHints":{"allow":["GET"]}}],"collection":[{"href":"https:\/\/dentalpress.com.br\/portal\/wp-json\/wp\/v2\/posts"}],"about":[{"href":"https:\/\/dentalpress.com.br\/portal\/wp-json\/wp\/v2\/types\/post"}],"author":[{"embeddable":true,"href":"https:\/\/dentalpress.com.br\/portal\/wp-json\/wp\/v2\/users\/26"}],"replies":[{"embeddable":true,"href":"https:\/\/dentalpress.com.br\/portal\/wp-json\/wp\/v2\/comments?post=25516"}],"version-history":[{"count":0,"href":"https:\/\/dentalpress.com.br\/portal\/wp-json\/wp\/v2\/posts\/25516\/revisions"}],"wp:featuredmedia":[{"embeddable":true,"href":"https:\/\/dentalpress.com.br\/portal\/wp-json\/wp\/v2\/media\/1905"}],"wp:attachment":[{"href":"https:\/\/dentalpress.com.br\/portal\/wp-json\/wp\/v2\/media?parent=25516"}],"wp:term":[{"taxonomy":"category","embeddable":true,"href":"https:\/\/dentalpress.com.br\/portal\/wp-json\/wp\/v2\/categories?post=25516"},{"taxonomy":"post_tag","embeddable":true,"href":"https:\/\/dentalpress.com.br\/portal\/wp-json\/wp\/v2\/tags?post=25516"}],"curies":[{"name":"wp","href":"https:\/\/api.w.org\/{rel}","templated":true}]}}