{"id":25450,"date":"2019-03-26T09:32:54","date_gmt":"2019-03-26T12:32:54","guid":{"rendered":"https:\/\/www.dentalpress.com.br\/portal\/?p=25450"},"modified":"2019-03-26T09:32:54","modified_gmt":"2019-03-26T12:32:54","slug":"confira-o-sumario-da-revista-clinica-de-ortodontia-dental-press-v18n1","status":"publish","type":"post","link":"https:\/\/dentalpress.com.br\/portal\/confira-o-sumario-da-revista-clinica-de-ortodontia-dental-press-v18n1\/","title":{"rendered":"Confira o sum\u00e1rio da Revista Cl\u00ednica de Ortodontia Dental Press, v18n1"},"content":{"rendered":"<figure id=\"attachment_25508\" aria-describedby=\"caption-attachment-25508\" style=\"width: 233px\" class=\"wp-caption alignleft\"><a href=\"\/\/www.dentalpress.com.br\/portal\/wp-content\/uploads\/2019\/03\/RevistaClinicaDeOrtodontia.jpg\"><img fetchpriority=\"high\" decoding=\"async\" class=\"size-medium wp-image-25508\" src=\"https:\/\/dentalpress.com.br\/portal\/wp-content\/uploads\/2019\/03\/RevistaClinicaDeOrtodontia-233x300.jpg\" alt=\"\" width=\"233\" height=\"300\" srcset=\"\/wp-content\/uploads\/2019\/03\/RevistaClinicaDeOrtodontia-233x300.jpg 233w, \/wp-content\/uploads\/2019\/03\/RevistaClinicaDeOrtodontia.jpg 400w\" sizes=\"(max-width: 233px) 100vw, 233px\" \/><\/a><figcaption id=\"caption-attachment-25508\" class=\"wp-caption-text\">Revista Cl\u00ednica de <a href=\"https:\/\/dentalpress.com.br\/portal\/excelencia-em-ortodontia-2\/\">Ortodontia<\/a> v18n1<\/figcaption><\/figure>\n<p>Recentemente a Revista Cl\u00ednica de Ortodontia Dental Press foi indexada na base de dados Scopus e alcan\u00e7ou o patamar de Qualis B3. Com 168 p\u00e1ginas de conte\u00fado, o peri\u00f3dico chega a sua edi\u00e7\u00e3o v18n1. Confira os artigos e casos cl\u00ednicos desta edi\u00e7\u00e3o da revista Cl\u00ednica de Ortodontia:<\/p>\n<ol>\n<li>&#8220;Alinhadores transparentes e Ortodontia&#8221; | <strong>Marcio Almeida<br \/>\n<\/strong><\/li>\n<li>&#8220;Fechar espa\u00e7os sem perder o controle do per\u00edmetro da arcada dent\u00e1ria&#8221; | <strong>Laurindo Zanco Furquim\n<p><\/strong><\/li>\n<li>&#8220;Precisamos de &#8216;stops&#8217; durante o alinhamento?&#8221; | <strong>Renato Parsekian Martins\n<p><\/strong><\/li>\n<li>&#8220;Toque individual&#8221; | <strong>Marden Bastos\n<p><\/strong><\/li>\n<li>&#8220;Dispositivos de distaliza\u00e7\u00e3o com ancoragem esquel\u00e9tica&#8221; | <strong>Cristiane B. Andr\u00e9\n<p><\/strong><\/li>\n<li>&#8220;O &#8216;Z&#8217; do perfil facial&#8221; | <strong>Carlos Alexandre C\u00e2mara\n<p><\/strong><\/li>\n<li>&#8220;Como voc\u00ea utiliza os m\u00e9todos de liga\u00e7\u00e3o de molas e\/ou el\u00e1sticos na mec\u00e2nica de <a href=\"https:\/\/dentalpress.com.br\/portal\/imersao-em-mini-implantes-extra-alveolares-biomecanica-sequencia-de-arcos-e-finalizacao\/\">mini-implantes extra-alveolares<\/a> | <strong>Marcio Almeida\n<p><\/strong><\/li>\n<li>&#8220;Avalia\u00e7\u00e3o da resist\u00eancia \u00e0 for\u00e7a de cisalhamento da colagem indireta de acess\u00f3rios ortod\u00f4nticos em quatro diferentes m\u00e9todos&#8221; | <strong>Camila Amador Bellettini, Alessandro Bellato, Guilherme Pessoa Cerveira, Henrique Humberto Dias Bacci\n<p><\/strong><\/li>\n<li>&#8220;Expans\u00e3o r\u00e1pida da maxila assistida por mini-implante (MARPE) em paciente no final do crescimento&#8221; | <strong>Marcus Vin\u00edcius Neiva Nunes do Rego, Hugo Leonardo Mendes Barros, Walter Iared, Ant\u00f4nio Carlos Oliveira Ruellas\n<p><\/strong><\/li>\n<li>&#8220;A presen\u00e7a de aparelhos ortod\u00f4nticos fixos altera a microbiota <a href=\"https:\/\/dentalpress.com.br\/portal\/imersao-em-correcao-de-sorriso-gengival\/\">gengival<\/a> em nossos pacientes?&#8221; | <strong>Randerson Menezes Cardoso, Monique Plauto S\u00e1 e Denevides, Bruna de Carvalho Farias Vajgel, Camila Angra Souza, Paulo Roberto Eleut\u00e9rio de Souza, Renata Cim\u00f5es\n<p><\/strong><\/li>\n<li>&#8220;Efic\u00e1cia de conte\u00e7\u00f5es fixas e remov\u00edveis na preven\u00e7\u00e3o da recidiva do apinhamento anteroinferior&#8221; | <strong>Viviane Alves Pereira Dias, Esdras de Campos Fran\u00e7a, Leniana Santos Neves, Marcelo de Ara\u00fajo Lombardi, Cibele Comini C\u00e9sar, Alexandre Fortes Drummond\n<p><\/strong><\/li>\n<li>&#8220;Aspectos cl\u00ednicos e etiol\u00f3gicos no tracionamento de incisivos superiores impactados&#8221; | <strong>Jos\u00e9 Augusto Mendes Miguel, Tatiana Ettore do Valle de Souza Freitas, Diego S. Santos\n<p><\/strong><\/li>\n<li>&#8220;Caninos n\u00e3o irrompidos por causa de odontomas podem ser preservados&#8221; | <strong>Alberto Consolaro, Omar Hadaya, Kaisemann Costa, Ingrid Ara\u00fajo Oliveira, Mauricio de Almeida Cardoso, Lia Prado de Ara\u00fajo Padovan<\/strong><\/li>\n<\/ol>\n<p>Mais informa\u00e7\u00f5es sobre a revista podem ser consultadas <a href=\"https:\/\/www.dentalpresspub.com\/?locale=br\">aqui<\/a>.<\/p>\n","protected":false},"excerpt":{"rendered":"<p>Recentemente a Revista Cl\u00ednica de Ortodontia Dental Press foi indexada na base de dados Scopus e alcan\u00e7ou o patamar de Qualis B3. Com 168 p\u00e1ginas de conte\u00fado, o peri\u00f3dico chega a sua edi\u00e7\u00e3o v18n1. Confira os artigos e casos cl\u00ednicos desta edi\u00e7\u00e3o da revista Cl\u00ednica de Ortodontia: &#8220;Alinhadores transparentes e Ortodontia&#8221; | Marcio Almeida &#8220;Fechar<\/p>\n","protected":false},"author":26,"featured_media":25508,"comment_status":"open","ping_status":"closed","sticky":false,"template":"","format":"standard","meta":{"footnotes":""},"categories":[],"tags":[],"class_list":["post-25450","post","type-post","status-publish","format-standard","has-post-thumbnail"],"aioseo_notices":[],"amp_enabled":true,"_links":{"self":[{"href":"https:\/\/dentalpress.com.br\/portal\/wp-json\/wp\/v2\/posts\/25450","targetHints":{"allow":["GET"]}}],"collection":[{"href":"https:\/\/dentalpress.com.br\/portal\/wp-json\/wp\/v2\/posts"}],"about":[{"href":"https:\/\/dentalpress.com.br\/portal\/wp-json\/wp\/v2\/types\/post"}],"author":[{"embeddable":true,"href":"https:\/\/dentalpress.com.br\/portal\/wp-json\/wp\/v2\/users\/26"}],"replies":[{"embeddable":true,"href":"https:\/\/dentalpress.com.br\/portal\/wp-json\/wp\/v2\/comments?post=25450"}],"version-history":[{"count":0,"href":"https:\/\/dentalpress.com.br\/portal\/wp-json\/wp\/v2\/posts\/25450\/revisions"}],"wp:featuredmedia":[{"embeddable":true,"href":"https:\/\/dentalpress.com.br\/portal\/wp-json\/wp\/v2\/media\/25508"}],"wp:attachment":[{"href":"https:\/\/dentalpress.com.br\/portal\/wp-json\/wp\/v2\/media?parent=25450"}],"wp:term":[{"taxonomy":"category","embeddable":true,"href":"https:\/\/dentalpress.com.br\/portal\/wp-json\/wp\/v2\/categories?post=25450"},{"taxonomy":"post_tag","embeddable":true,"href":"https:\/\/dentalpress.com.br\/portal\/wp-json\/wp\/v2\/tags?post=25450"}],"curies":[{"name":"wp","href":"https:\/\/api.w.org\/{rel}","templated":true}]}}