{"id":25435,"date":"2019-03-20T09:34:52","date_gmt":"2019-03-20T12:34:52","guid":{"rendered":"https:\/\/www.dentalpress.com.br\/portal\/?p=25435"},"modified":"2019-03-20T09:34:52","modified_gmt":"2019-03-20T12:34:52","slug":"alinhadores-transparentes-e-ortodontia-por-marcio-almeida","status":"publish","type":"post","link":"https:\/\/dentalpress.com.br\/portal\/alinhadores-transparentes-e-ortodontia-por-marcio-almeida\/","title":{"rendered":"&#8220;Alinhadores transparentes e Ortodontia&#8221;, por Marcio Almeida"},"content":{"rendered":"<p><a href=\"https:\/\/dentalpress.com.br\/portal\/wp-content\/uploads\/2018\/07\/marcio-almeida1.jpg\"><img fetchpriority=\"high\" decoding=\"async\" class=\"size-full wp-image-23620 aligncenter\" src=\"https:\/\/dentalpress.com.br\/portal\/wp-content\/uploads\/2018\/07\/marcio-almeida1.jpg\" alt=\"\" width=\"300\" height=\"300\" srcset=\"\/wp-content\/uploads\/2018\/07\/marcio-almeida1.jpg 300w, \/wp-content\/uploads\/2018\/07\/marcio-almeida1-150x150.jpg 150w\" sizes=\"(max-width: 300px) 100vw, 300px\" \/><\/a><\/p>\n<p style=\"text-align: center;\"><em>Editorial, assinado por Marcio Almeida, publicado originalmente na Revista Cl\u00ednica de <a href=\"https:\/\/dentalpress.com.br\/portal\/excelencia-em-ortodontia-2\/\">Ortodontia<\/a> Dental Press, v18n1<\/em><\/p>\n<p>Em um artigo publicado em janeiro de 2019, o reconhecido The New York Times (No More Brace Face? Teens Increasingly Use Clear Aligners) trouxe \u00e0 tona uma importante reflex\u00e3o a respeito de um dos assuntos mais hodiernos e comentados da nossa querida especialidade Ortodontia \u2014 que um dia j\u00e1 foi considerada, pela impactante revista Time, uma das especialidades que iriam desaparecer com a entrada do novo mil\u00eanio, em meados dos anos 2000. Isso mesmo, estamos falando dos <a href=\"https:\/\/dentalpress.com.br\/portal\/excelencia-em-alinhadores-e-ortodontia-digital-2\/\">alinhadores<\/a> transparentes (invis\u00edveis), que v\u00eam ganhando, velozmente, adeptos ao redor do mundo todo, em fun\u00e7\u00e3o do aumento de sua popularidade entre os ortodontistas e entre os pacientes, principalmente os adultos, que vislumbram um tratamento que n\u00e3o depende do uso dos convencionais braquetes e arcos ortod\u00f4nticos.<\/p>\n<p>Outrossim, o fato \u00e9 que o n\u00famero de crian\u00e7as e adolescentes que t\u00eam buscado o tratamento ortod\u00f4ntico aumentou drasticamente nos \u00faltimos anos. A American Association of Orthodontists estima que quase 5 milh\u00f5es de pacientes com menos de 17 anos de idade foram tratados na Am\u00e9rica do Norte em 2016, o que significa um aumento de 66% desde o ano de 1989. Aqui no Brasil n\u00e3o \u00e9 diferente: cada vez mais, observamos crian\u00e7as que adentram em nosso consult\u00f3rio para o tratamento interceptativo de potenciais m\u00e1s oclus\u00f5es na denti\u00e7\u00e3o mista. Curiosamente, com esse aumento crescente de crian\u00e7as nos consult\u00f3rios, j\u00e1 se pode observar alinhadores sendo utilizados numa fase precoce de desenvolvimento da oclus\u00e3o, os chamados alinhadores Teen ou First (Align).<\/p>\n<p>O The New York Times afirma ainda que a Align Technology, que det\u00e9m o produto da marca comercial Invisalign, relatou um aumento no uso dos seus produtos em pacientes adolescentes (Invisalign Teen) de 100.000 para mais de 235.000 entre os anos de 2013 e 2017. Indubitavelmente, existe uma forte influ\u00eancia das m\u00eddias sociais na forma\u00e7\u00e3o de opini\u00e3o e consumo dos jovens pacientes. Antes, era comum para um paciente ortod\u00f4ntico jovem usar aparelhos extra-bucais, bandas e outros aparelhos. Hoje, muitos adolescentes v\u00eam sendo influenciados pela m\u00eddia digital, por meio dos chamados digital influencers, no af\u00e3 de usar os alinhadores transparentes, motivados para construir seus belos sorrisos confortavelmente e com maior qualidade de vida.<\/p>\n<p>Recentemente, um estudo conduzido pelos amigos Flores-Mir e Pacheco-Pereira comparou a qualidade de vida e a satisfa\u00e7\u00e3o dos pacientes com o tratamento ortod\u00f4ntico quando do uso de duas modalidades: aparelho convencional fixo e Invisalign. Verificou-se que ambos os tratamentos propiciaram aos pacientes qualidade de vida e satisfa\u00e7\u00e3o similar. Entretanto, o grupo de pacientes que usou Invisalign reportou maior satisfa\u00e7\u00e3o ao se alimentar, comparado ao grupo que usou braquetes convencionais. De fato, os alinhadores transparentes est\u00e3o em crescente ascens\u00e3o, pois o sistema tridimensional de digitaliza\u00e7\u00e3o dos processos \u00e9 um dos grandes diferenciais nesse contexto atual. Os primeiros alinhadores que chegaram \u00e0s m\u00e3os dos ne\u00f3fitos ortodontistas n\u00e3o tinham a mesma facilidade de aquisi\u00e7\u00e3o e manipula\u00e7\u00e3o cl\u00ednica, haja vista que havia necessidade de moldar o paciente com materiais espec\u00edficos e o planejamento virtual n\u00e3o dispunha das ferramentas que hoje temos ao nosso alcance.<\/p>\n<p>A previs\u00e3o antecipada dos movimentos dent\u00e1rios em 3D, quer seja com braquetes ou alinhadores, bem como a simula\u00e7\u00e3o das diversas formas e possibilidades de tratamento s\u00e3o alguns dos diferenciais de se tornar digital no consult\u00f3rio. Portanto, a revolu\u00e7\u00e3o digital e tecnol\u00f3gica parece ser irrevers\u00edvel, e est\u00e1 cada vez mais embrenhada nas nossas vidas, quer seja profissional ou n\u00e3o. O futuro da Ortodontia digital \u00e9 agora! Essa Ortodontia j\u00e1 \u00e9 realidade para os que usufruem de um scanner intrabucal em suas pr\u00f3prias cl\u00ednicas, para obten\u00e7\u00e3o de modelos digitais (em arquivo STL) e para a confec\u00e7\u00e3o de aparelhos prototipados em laborat\u00f3rios preparados para a aquisi\u00e7\u00e3o virtual dos arquivos digitais adquiridos. Al\u00e9m disso, a comunica\u00e7\u00e3o com o cliente mudou drasticamente, pois o planejamento em 3D auxilia a visualiza\u00e7\u00e3o dos prov\u00e1veis resultados do tratamento e serve como uma valiosa ferramenta de venda para o ortodontista, que pode mostrar instantaneamente os prov\u00e1veis resultados que ser\u00e3o alcan\u00e7ados com os alinhadores.<\/p>\n<p>Caminhamos para uma Ortodontia que, ao meu ver, poder\u00e1 ser fragmentada com o uso combinado de aparelhos fixos e de alinhadores remov\u00edveis. \u00c9 uma Ortodontia que, acredite ou n\u00e3o, n\u00e3o tem mais volta. Provavelmente, casos mais complexos ser\u00e3o tratados com Ortodontia <a href=\"https:\/\/dentalpress.com.br\/portal\/curso-de-aperfeicoamento-em-protese-sobre-implante-mais-protese-fixa\/\">fixa<\/a> numa primeira etapa e ser\u00e3o finalizados com alinhadores ap\u00f3s as corre\u00e7\u00f5es dentoalveolares mais dif\u00edceis de serem alcan\u00e7adas. Obviamente, devemos lembrar que os alinhadores s\u00e3o aparelhos remov\u00edveis e, assim, dependem da colabora\u00e7\u00e3o do paciente para serem eficazes. A maioria dos alinhadores requer mais de 20 horas de uso di\u00e1rio para funcionar adequadamente. Vale mencionar ainda que, em alguns pa\u00edses, <a href=\"https:\/\/dentalpress.com.br\/portal\/reforma-tributaria-impacta-dentistas-e-pacientes-com-custos\/\">dentistas<\/a> cl\u00ednicos que n\u00e3o s\u00e3o especialistas em Ortodontia j\u00e1 executam o tratamento com alinhadores.<\/p>\n<p>Indo um pouco al\u00e9m, e isto sim \u00e9 um pouco assustador, j\u00e1 existem companhias que, infelizmente, permitem que o pr\u00f3prio paciente fa\u00e7a a prescri\u00e7\u00e3o e impress\u00e3o do seu \u201ckit\u201d de alinhadores, os chamados \u201cdo it by yourself\u201d, e execute o tratamento. O que eu acho disso? Um absurdo! Penso que o tratamento com qualquer tipo de alinhador deve ser executado exclusivamente por ortodontistas com conhecimento de biomec\u00e2nica. \u00c9 fato que resultados malsucedidos ocorrem tanto com alinhadores quanto com aparelhos fixos. No entanto, o profissional capacitado \u00e9 o \u00fanico que ter\u00e1 condi\u00e7\u00e3o de tratar de forma adequada e transparente, j\u00e1 que n\u00e3o existe uma solu\u00e7\u00e3o ou f\u00f3rmula m\u00e1gica para tratar todos os problemas tanto com aparelhagem fixa quanto com alinhadores. E voc\u00ea, o que pensa sobre o assunto? Fa\u00e7amos todos uma reflex\u00e3o sobre os novos rumos de nossa querida Ortodontia.<\/p>\n<p>Um abra\u00e7o do Marcio e fiquem com Deus!<\/p>\n","protected":false},"excerpt":{"rendered":"<p>Editorial, assinado por Marcio Almeida, publicado originalmente na Revista Cl\u00ednica de Ortodontia Dental Press, v18n1 Em um artigo publicado em janeiro de 2019, o reconhecido The New York Times (No More Brace Face? Teens Increasingly Use Clear Aligners) trouxe \u00e0 tona uma importante reflex\u00e3o a respeito de um dos assuntos mais hodiernos e comentados da<\/p>\n","protected":false},"author":26,"featured_media":11687,"comment_status":"open","ping_status":"closed","sticky":false,"template":"","format":"standard","meta":{"footnotes":""},"categories":[],"tags":[],"class_list":["post-25435","post","type-post","status-publish","format-standard","has-post-thumbnail"],"aioseo_notices":[],"amp_enabled":true,"_links":{"self":[{"href":"https:\/\/dentalpress.com.br\/portal\/wp-json\/wp\/v2\/posts\/25435","targetHints":{"allow":["GET"]}}],"collection":[{"href":"https:\/\/dentalpress.com.br\/portal\/wp-json\/wp\/v2\/posts"}],"about":[{"href":"https:\/\/dentalpress.com.br\/portal\/wp-json\/wp\/v2\/types\/post"}],"author":[{"embeddable":true,"href":"https:\/\/dentalpress.com.br\/portal\/wp-json\/wp\/v2\/users\/26"}],"replies":[{"embeddable":true,"href":"https:\/\/dentalpress.com.br\/portal\/wp-json\/wp\/v2\/comments?post=25435"}],"version-history":[{"count":0,"href":"https:\/\/dentalpress.com.br\/portal\/wp-json\/wp\/v2\/posts\/25435\/revisions"}],"wp:featuredmedia":[{"embeddable":true,"href":"https:\/\/dentalpress.com.br\/portal\/wp-json\/wp\/v2\/media\/11687"}],"wp:attachment":[{"href":"https:\/\/dentalpress.com.br\/portal\/wp-json\/wp\/v2\/media?parent=25435"}],"wp:term":[{"taxonomy":"category","embeddable":true,"href":"https:\/\/dentalpress.com.br\/portal\/wp-json\/wp\/v2\/categories?post=25435"},{"taxonomy":"post_tag","embeddable":true,"href":"https:\/\/dentalpress.com.br\/portal\/wp-json\/wp\/v2\/tags?post=25435"}],"curies":[{"name":"wp","href":"https:\/\/api.w.org\/{rel}","templated":true}]}}