{"id":25411,"date":"2019-03-25T09:13:39","date_gmt":"2019-03-25T12:13:39","guid":{"rendered":"https:\/\/www.dentalpress.com.br\/portal\/?p=25411"},"modified":"2019-03-25T09:45:42","modified_gmt":"2019-03-25T12:45:42","slug":"dentistas-tem-direito-a-aposentadoria-especial-com-25-anos-de-contribuicao","status":"publish","type":"post","link":"https:\/\/dentalpress.com.br\/portal\/dentistas-tem-direito-a-aposentadoria-especial-com-25-anos-de-contribuicao\/","title":{"rendered":"Dentistas t\u00eam direito \u00e0 aposentadoria especial com 25 anos de contribui\u00e7\u00e3o"},"content":{"rendered":"<figure id=\"attachment_22036\" aria-describedby=\"caption-attachment-22036\" style=\"width: 300px\" class=\"wp-caption alignleft\"><a href=\"\/\/www.dentalpress.com.br\/portal\/wp-content\/uploads\/2018\/02\/dentist-2264144_1920.jpg\"><img fetchpriority=\"high\" decoding=\"async\" class=\"wp-image-22036 size-medium\" src=\"\/\/www.dentalpress.com.br\/portal\/wp-content\/uploads\/2018\/02\/dentist-2264144_1920-300x169.jpg\" alt=\"\" width=\"300\" height=\"169\" srcset=\"\/wp-content\/uploads\/2018\/02\/dentist-2264144_1920-300x169.jpg 300w, \/wp-content\/uploads\/2018\/02\/dentist-2264144_1920-768x432.jpg 768w, \/wp-content\/uploads\/2018\/02\/dentist-2264144_1920-1024x576.jpg 1024w, \/wp-content\/uploads\/2018\/02\/dentist-2264144_1920-1170x663.jpg 1170w, \/wp-content\/uploads\/2018\/02\/dentist-2264144_1920-585x329.jpg 585w, \/wp-content\/uploads\/2018\/02\/dentist-2264144_1920.jpg 1920w\" sizes=\"(max-width: 300px) 100vw, 300px\" \/><\/a><figcaption id=\"caption-attachment-22036\" class=\"wp-caption-text\">Dentistas podem se aposentar sem idade m\u00ednima<\/figcaption><\/figure>\n<p>Falar de Reforma da Previd\u00eancia, atualmente, \u00e9 algo controverso. Alguns s\u00e3o favor\u00e1veis \u00e0 medida \u2013 devido \u00e0 invers\u00e3o da pir\u00e2mide et\u00e1ria e ao seu d\u00e9ficit que aumentou nos \u00faltimos anos \u2013, e outros s\u00e3o contra \u2013 j\u00e1 que h\u00e1 uma s\u00e9rie de incongru\u00eancias nos dados que foram apresentados pelo governo, desde a \u00e9poca do ex-presidente Michel Temer. O impasse se d\u00e1 em v\u00e1rias linhas: sistema de aposentadoria de militares na reserva; professores; funcion\u00e1rios p\u00fablicos; e mesmo do cidad\u00e3o que faz a contribui\u00e7\u00e3o comum atrav\u00e9s do INSS.<\/p>\n<p>Os dentistas, entretanto, se enquadram na metodologia de aposentadoria especial. Diferentemente de outras classes, hoje, o profissional pode se aposentar com 25 anos de contribui\u00e7\u00e3o, sem idade m\u00ednima, e sem a incid\u00eancia do fator previdenci\u00e1rio. Isso significa que, caso o <a href=\"https:\/\/dentalpress.com.br\/portal\/reforma-tributaria-impacta-dentistas-e-pacientes-com-custos\/\">dentista<\/a> comece a contribuir com a previd\u00eancia, logo depois de formado \u2013 aos 22 anos \u2013, aos 47 ele j\u00e1 pode requerir a aposentadoria.<\/p>\n<p>A modalidade de &#8220;aposentadoria especial&#8221; \u00e9 concedida a profissionais que exercem atividades laborais consideradas de risco, como o contato com agentes nocivos durante longo per\u00edodo de tempo \u2013 o que pode ocasionar sequelas com o passar do tempo. Justamente por isso, as requisi\u00e7\u00f5es de aposentadoria especial n\u00e3o sofre com a incid\u00eancia do fator previdenci\u00e1rio.\u00a0 S\u00e3o considerados agentes nocivos: materiais qu\u00edmicos, biol\u00f3gicos e f\u00edsicos.<\/p>\n<p>Ou seja, a aposentadoria especial propicia uma redu\u00e7\u00e3o de ao menos 5 anos para mulheres e de 10 anos para homem e desconsidera o fator previdenci\u00e1rio. Como n\u00e3o h\u00e1, tamb\u00e9m, idade m\u00ednima para a aposentadoria especial, \u00e9 poss\u00edvel que um dentista possa se aposentar com menos de 50 anos de idade.<\/p>\n<p>Caso aprovada, a Reforma da Previd\u00eancia prev\u00ea novos fatores para requisi\u00e7\u00e3o das aposentadorias especiais, com um tempo de transi\u00e7\u00e3o de 5 anos, depois de assinada. Mais informa\u00e7\u00f5es podem ser consultadas com assessorias legais e advogados da \u00e1rea previdenci\u00e1ria.<\/p>\n","protected":false},"excerpt":{"rendered":"<p>Falar de Reforma da Previd\u00eancia, atualmente, \u00e9 algo controverso. Alguns s\u00e3o favor\u00e1veis \u00e0 medida \u2013 devido \u00e0 invers\u00e3o da pir\u00e2mide et\u00e1ria e ao seu d\u00e9ficit que aumentou nos \u00faltimos anos \u2013, e outros s\u00e3o contra \u2013 j\u00e1 que h\u00e1 uma s\u00e9rie de incongru\u00eancias nos dados que foram apresentados pelo governo, desde a \u00e9poca do ex-presidente<\/p>\n","protected":false},"author":26,"featured_media":22036,"comment_status":"open","ping_status":"closed","sticky":false,"template":"","format":"standard","meta":{"footnotes":""},"categories":[],"tags":[],"class_list":["post-25411","post","type-post","status-publish","format-standard","has-post-thumbnail"],"aioseo_notices":[],"amp_enabled":true,"_links":{"self":[{"href":"https:\/\/dentalpress.com.br\/portal\/wp-json\/wp\/v2\/posts\/25411","targetHints":{"allow":["GET"]}}],"collection":[{"href":"https:\/\/dentalpress.com.br\/portal\/wp-json\/wp\/v2\/posts"}],"about":[{"href":"https:\/\/dentalpress.com.br\/portal\/wp-json\/wp\/v2\/types\/post"}],"author":[{"embeddable":true,"href":"https:\/\/dentalpress.com.br\/portal\/wp-json\/wp\/v2\/users\/26"}],"replies":[{"embeddable":true,"href":"https:\/\/dentalpress.com.br\/portal\/wp-json\/wp\/v2\/comments?post=25411"}],"version-history":[{"count":0,"href":"https:\/\/dentalpress.com.br\/portal\/wp-json\/wp\/v2\/posts\/25411\/revisions"}],"wp:featuredmedia":[{"embeddable":true,"href":"https:\/\/dentalpress.com.br\/portal\/wp-json\/wp\/v2\/media\/22036"}],"wp:attachment":[{"href":"https:\/\/dentalpress.com.br\/portal\/wp-json\/wp\/v2\/media?parent=25411"}],"wp:term":[{"taxonomy":"category","embeddable":true,"href":"https:\/\/dentalpress.com.br\/portal\/wp-json\/wp\/v2\/categories?post=25411"},{"taxonomy":"post_tag","embeddable":true,"href":"https:\/\/dentalpress.com.br\/portal\/wp-json\/wp\/v2\/tags?post=25411"}],"curies":[{"name":"wp","href":"https:\/\/api.w.org\/{rel}","templated":true}]}}