{"id":25340,"date":"2019-03-12T11:31:40","date_gmt":"2019-03-12T14:31:40","guid":{"rendered":"https:\/\/www.dentalpress.com.br\/portal\/?p=25340"},"modified":"2019-03-12T11:31:40","modified_gmt":"2019-03-12T14:31:40","slug":"cigarros-eletronicos-causam-mudancas-moleculares-relacionadas-ao-cancer-diz-estudo","status":"publish","type":"post","link":"https:\/\/dentalpress.com.br\/portal\/cigarros-eletronicos-causam-mudancas-moleculares-relacionadas-ao-cancer-diz-estudo\/","title":{"rendered":"Cigarros eletr\u00f4nicos causam mudan\u00e7as moleculares relacionadas ao c\u00e2ncer, diz estudo"},"content":{"rendered":"<figure id=\"attachment_2473\" aria-describedby=\"caption-attachment-2473\" style=\"width: 300px\" class=\"wp-caption alignleft\"><a href=\"https:\/\/dentalpress.com.br\/portal\/wp-content\/uploads\/2013\/11\/cancer.jpg\"><img fetchpriority=\"high\" decoding=\"async\" class=\"wp-image-2473 size-medium\" src=\"https:\/\/dentalpress.com.br\/portal\/wp-content\/uploads\/2013\/11\/cancer-300x236.jpg\" alt=\"\" width=\"300\" height=\"236\" srcset=\"\/wp-content\/uploads\/2013\/11\/cancer-300x236.jpg 300w, \/wp-content\/uploads\/2013\/11\/cancer.jpg 587w\" sizes=\"(max-width: 300px) 100vw, 300px\" \/><\/a><figcaption id=\"caption-attachment-2473\" class=\"wp-caption-text\">Cigarro eletr\u00f4nico causa mudan\u00e7as moleculares relacionadas ao c\u00e2ncer bucal<\/figcaption><\/figure>\n<p>Uma pesquisa publicada pelo International Journal of Molecular Sciences, aponta que o cigarro eletr\u00f4nico provoca mudan\u00e7as moleculares, relacionadas ao c\u00e2ncer de boca. O estudo ocorre, justamente, quando o mercado de &#8220;e-cig&#8221; aumenta, assim como a crescente preocupa\u00e7\u00e3o com a sa\u00fade p\u00fablica.<\/p>\n<p>O vaping \u2013 como \u00e9 chamado o cigarro eletr\u00f4nico \u2013, segundo alguns estudos da mesma entidade, \u00e9 quase duas vezes mais eficaz do que que outras terapias de reposi\u00e7\u00e3o de nicotina, ajudando fumantes a pararem. A populariza\u00e7\u00e3o do dispositivo entre adolescentes, todavia, leva ao v\u00edcio em nicotina e propens\u00e3o ao h\u00e1bito do tabagismo.<\/p>\n<p>&#8220;Os dados existentes mostram que o vapor do e-cig n\u00e3o \u00e9 apenas &#8216;vapor de \u00e1gua&#8217;, como acreditam algumas pessoas. Embora a concentra\u00e7\u00e3o da maioria dos compostos carcinogenicos, em produtos de e-cig, sejam muito menores do que as do fumo de cigarro, n\u00e3o h\u00e1 n\u00edvel seguro de exposi\u00e7\u00e3o a carcin\u00f3genos&#8221;, comentou Ahmad Besaratinia, professor associado da Keck School of Medicine da USC (Universidade do Sul da California) e principal autor do estudo.<\/p>\n<p>Besaratinia enfatizou que as mudan\u00e7as moleculares observadas no estudo n\u00e3o s\u00e3o reflexos de c\u00e2ncer, ou mesmo pr\u00e9-c\u00e2ncer, mas, sim, um alerta precoce de um processo que poder\u00e1 potencialmente levar \u00e0 doen\u00e7a, caso n\u00e3o seja controlado. Os pesquisadores analisaram a express\u00e3o de c\u00e9lulas orais coletadas de 42 usu\u00e1rios de e-cig, 24 fumantes e de 27 pessoas que n\u00e3o fumavam nem usavam o e-cig.<\/p>\n<p>Os investigadores concentraram-se nas c\u00e9lulas epiteliais orais, que revestem a boca, porque mais de 90% dos casos da doen\u00e7a relacionados ao fumo, originam-se no tecido epitelial, e o c\u00e2ncer oral est\u00e1 associado ao uso do tabaco.<\/p>\n<p>Ambos, fumantes e &#8220;vapers&#8221;, mostraram express\u00e3o gen\u00e9tica anormal, ou desregula\u00e7\u00e3o, em um grande n\u00famero de genes ligados ao desenvolvimento do c\u00e2ncer. Cerca de 26% dos genes desregulados em usu\u00e1rios de e-cig eram id\u00eanticos aos encontrados nos fumantes. Alguns genes desregulados encontrados em usu\u00e1rios de e-cig, mas n\u00e3o em fumantes, est\u00e3o, no entanto, implicados em c\u00e2ncer de pulm\u00e3o, es\u00f3fago, bexiga, ov\u00e1rio e leucemia.<\/p>\n<p>Al\u00e9m de Besaratinia, os outros autores do estudo s\u00e3o: Stella Tommasi, Andrew Caliri, Amanda C\u00e1ceres, Debra Moreno, Meng Li, Yibu Chen e Kimberly Siegmund, todas da USC. A pesquisa foi apoiada por doa\u00e7\u00f5es do Instituto Nacional de Pesquisa Dental e Craniofacial dos Institutos Nacionais de Sa\u00fade\u00a0 e do Programa de Pesquisa de Doen\u00e7as Relacionadas ao Tabagismo da Universidade da Calif\u00f3rnia.<\/p>\n<p><strong>Fontes:<\/strong><em>\u00a0EurekAlert! e Journal of Dentistry<\/em><\/p>\n","protected":false},"excerpt":{"rendered":"<p>Uma pesquisa publicada pelo International Journal of Molecular Sciences, aponta que o cigarro eletr\u00f4nico provoca mudan\u00e7as moleculares, relacionadas ao c\u00e2ncer de boca. O estudo ocorre, justamente, quando o mercado de &#8220;e-cig&#8221; aumenta, assim como a crescente preocupa\u00e7\u00e3o com a sa\u00fade p\u00fablica. O vaping \u2013 como \u00e9 chamado o cigarro eletr\u00f4nico \u2013, segundo alguns estudos da<\/p>\n","protected":false},"author":26,"featured_media":2473,"comment_status":"open","ping_status":"closed","sticky":false,"template":"","format":"standard","meta":{"footnotes":""},"categories":[],"tags":[],"class_list":["post-25340","post","type-post","status-publish","format-standard","has-post-thumbnail"],"aioseo_notices":[],"amp_enabled":true,"_links":{"self":[{"href":"https:\/\/dentalpress.com.br\/portal\/wp-json\/wp\/v2\/posts\/25340","targetHints":{"allow":["GET"]}}],"collection":[{"href":"https:\/\/dentalpress.com.br\/portal\/wp-json\/wp\/v2\/posts"}],"about":[{"href":"https:\/\/dentalpress.com.br\/portal\/wp-json\/wp\/v2\/types\/post"}],"author":[{"embeddable":true,"href":"https:\/\/dentalpress.com.br\/portal\/wp-json\/wp\/v2\/users\/26"}],"replies":[{"embeddable":true,"href":"https:\/\/dentalpress.com.br\/portal\/wp-json\/wp\/v2\/comments?post=25340"}],"version-history":[{"count":0,"href":"https:\/\/dentalpress.com.br\/portal\/wp-json\/wp\/v2\/posts\/25340\/revisions"}],"wp:featuredmedia":[{"embeddable":true,"href":"https:\/\/dentalpress.com.br\/portal\/wp-json\/wp\/v2\/media\/2473"}],"wp:attachment":[{"href":"https:\/\/dentalpress.com.br\/portal\/wp-json\/wp\/v2\/media?parent=25340"}],"wp:term":[{"taxonomy":"category","embeddable":true,"href":"https:\/\/dentalpress.com.br\/portal\/wp-json\/wp\/v2\/categories?post=25340"},{"taxonomy":"post_tag","embeddable":true,"href":"https:\/\/dentalpress.com.br\/portal\/wp-json\/wp\/v2\/tags?post=25340"}],"curies":[{"name":"wp","href":"https:\/\/api.w.org\/{rel}","templated":true}]}}