{"id":25248,"date":"2019-02-20T10:03:16","date_gmt":"2019-02-20T13:03:16","guid":{"rendered":"https:\/\/www.dentalpress.com.br\/portal\/?p=25248"},"modified":"2019-02-20T11:02:39","modified_gmt":"2019-02-20T14:02:39","slug":"cros-do-para-e-alagoas-acompanham-resolucao-federal-do-antes-e-depois","status":"publish","type":"post","link":"https:\/\/dentalpress.com.br\/portal\/cros-do-para-e-alagoas-acompanham-resolucao-federal-do-antes-e-depois\/","title":{"rendered":"CROs do Par\u00e1 e Alagoas acompanham resolu\u00e7\u00e3o federal do &#8220;Antes e Depois&#8221;"},"content":{"rendered":"<figure id=\"attachment_23519\" aria-describedby=\"caption-attachment-23519\" style=\"width: 286px\" class=\"wp-caption alignleft\"><a href=\"https:\/\/dentalpress.com.br\/portal\/wp-content\/uploads\/2018\/06\/20180626161018.png\"><img fetchpriority=\"high\" decoding=\"async\" class=\"size-medium wp-image-23519\" src=\"https:\/\/dentalpress.com.br\/portal\/wp-content\/uploads\/2018\/06\/20180626161018-286x300.png\" alt=\"william kabbach\" width=\"286\" height=\"300\" srcset=\"\/wp-content\/uploads\/2018\/06\/20180626161018-286x300.png 286w, \/wp-content\/uploads\/2018\/06\/20180626161018.png 455w\" sizes=\"(max-width: 286px) 100vw, 286px\" \/><\/a><figcaption id=\"caption-attachment-23519\" class=\"wp-caption-text\">Imagens de antes e depois s\u00e3o reconhecidas pelos conselhos regionais do Alagoas e Par\u00e1.<\/figcaption><\/figure>\n<p>Os CROs (Conselhos Regionais de Odontologia) do Alagoas e do Par\u00e1 sinalizaram positivamente em rela\u00e7\u00e3o \u00e0 <a href=\"https:\/\/www.dentalpress.com.br\/portal\/cfo-autoriza-publicacao-de-imagens-com-antes-e-depois-do-tratamento\/\">resolu\u00e7\u00e3o n\u00ba196\/2019 do CFO<\/a> (Conselho Federal de Odontologia), que avaliza a publica\u00e7\u00e3o de imagens de diagn\u00f3stico e tratamento, bem como selfies com pacientes.<\/p>\n<p>Em nota, ambos os conselhos regionais afirmaram que v\u00e3o suspender todos os processos \u00e9ticos envolvendo cirurgi\u00f5es-dentistas que na jurisprud\u00eancia, cujo o objeto de abarque seja a resolu\u00e7\u00e3o do CFO. Com isso, mesmo que retroativamente nos processos que est\u00e3o em tr\u00e2nsito, ser\u00e3o imediatamente arquivados sem o julgamento de m\u00e9rito.<\/p>\n<p>A nota das duas entidades que acataram o que foi proposto pelo CFO foram assinadas pelos respectivos conselheiros presidentes e respons\u00e1veis pela comiss\u00e3o de \u00e9tica.<\/p>\n<p>&#8220;Em reuni\u00e3o no \u00faltimo dia 11 de fevereiro, decidiu [sobre a resolu\u00e7\u00e3o 196], por vota\u00e7\u00e3o un\u00e2nime, aplicar, por analogia o princ\u00edpio do<em> Novatio Legis in Mellius<\/em> em favor de todos os profissionais e estabelecimentos que respondem processos \u00e9ticos nessa jurisdi\u00e7\u00e3o&#8221;, diz a nota do Par\u00e1.<\/p>\n<p><strong>Legalidade fora da odontologia<\/strong><br \/>\nO advogado, mestre em Direito da Imagem, e doutorando no tema, Milton Ravagnani, destacou ao <strong>Portal Dental Press<\/strong>, que esse tipo de publica\u00e7\u00e3o \u00e9 legal, desde que, de fato, haja autoriza\u00e7\u00e3o pr\u00e9via do paciente, conforme indica a lei m\u00e1xima do pa\u00eds, a <a href=\"http:\/\/www.planalto.gov.br\/ccivil_03\/Constituicao\/Constituicao.htm\">Constitui\u00e7\u00e3o Federal.<\/a><\/p>\n<p>&#8220;A quest\u00e3o \u00e9 sempre a autoriza\u00e7\u00e3o do paciente. Na pr\u00e1tica, nem precisava o Conselho falar isso, porque a imagem \u00e9 um direito personal\u00edssimo e j\u00e1 est\u00e1 protegido pela Constitui\u00e7\u00e3o. Mas, serve como uma boa orienta\u00e7\u00e3o para a categoria. O uso da imagem de outra pessoa s\u00f3 \u00e9 leg\u00edtimo com a autoriza\u00e7\u00e3o dela. Sem autoriza\u00e7\u00e3o, \u00e9 uso indevido que importa em indeniza\u00e7\u00e3o pelo dano&#8221;, explicou.<\/p>\n<p>Vale ressaltar que, entre as proposi\u00e7\u00f5es do CFO, a resolu\u00e7\u00e3o indica que as imagens s\u00f3 podem ser publicadas com autoriza\u00e7\u00e3o escrita do paciente, que \u00e9 necess\u00e1rio indicar o profissional que realizou o tratamento, bem como sua inscri\u00e7\u00e3o no respectivo conselho regional e continua proibida a demonstra\u00e7\u00e3o metodol\u00f3gica dos processos de tratamento.<\/p>\n<p><strong>SBOE<\/strong><br \/>\nA <a href=\"http:\/\/www.sboe.com.br\/\">SBOE (Sociedade Brasileira de Odontologia Est\u00e9tica)<\/a> encaminhou uma carta parabenizando o CFO pelo &#8220;trabalho realizado em defesa da Odontologia brasileira nos \u00faltimos anos&#8221;.<\/p>\n<p>A carta se direciona, em espec\u00edfico, \u00e0 resolu\u00e7\u00e3o 196. No ano passado, em documento assinado pelo presidente da entidade Dickson Fonseca, a SBOE solicitava justamente a flexibiliza\u00e7\u00e3o do C\u00f3digo de \u00c9tica da Odontologia \u2013 a denominada<a href=\"https:\/\/www.dentalpress.com.br\/portal\/divulgacao-de-antes-e-depois-em-midias-sociais-esta-no-topo-da-discussao-etica-odontologica\/\"> &#8220;Carta de Natal&#8221;<\/a> \u2013 e logo recebeu uma s\u00e9rie de apoiadores.<\/p>\n<p>Apesar de a &#8220;Carta de Natal&#8221; ter sido acatada pelo CFO, entidades como a Abol e mesmo <a href=\"https:\/\/www.dentalpress.com.br\/portal\/associacoes-rechacam-cfo-por-resolucoes\/\">diversos CROs, posicionaram-se contra<\/a> a publica\u00e7\u00e3o de imagens que instituam o antes e depois, recomendando, inclusive, que os cirurgi\u00f5es-dentistas sigam as tratativas dos respectivos conselhos regionais. A recomenda\u00e7\u00e3o foi para que os profissionais tenham &#8220;retaguarda jur\u00eddica&#8221;.<\/p>\n","protected":false},"excerpt":{"rendered":"<p>Os CROs (Conselhos Regionais de Odontologia) do Alagoas e do Par\u00e1 sinalizaram positivamente em rela\u00e7\u00e3o \u00e0 resolu\u00e7\u00e3o n\u00ba196\/2019 do CFO (Conselho Federal de Odontologia), que avaliza a publica\u00e7\u00e3o de imagens de diagn\u00f3stico e tratamento, bem como selfies com pacientes. Em nota, ambos os conselhos regionais afirmaram que v\u00e3o suspender todos os processos \u00e9ticos envolvendo cirurgi\u00f5es-dentistas<\/p>\n","protected":false},"author":26,"featured_media":23519,"comment_status":"open","ping_status":"closed","sticky":false,"template":"","format":"standard","meta":{"footnotes":""},"categories":[],"tags":[],"class_list":["post-25248","post","type-post","status-publish","format-standard","has-post-thumbnail"],"aioseo_notices":[],"amp_enabled":true,"_links":{"self":[{"href":"https:\/\/dentalpress.com.br\/portal\/wp-json\/wp\/v2\/posts\/25248","targetHints":{"allow":["GET"]}}],"collection":[{"href":"https:\/\/dentalpress.com.br\/portal\/wp-json\/wp\/v2\/posts"}],"about":[{"href":"https:\/\/dentalpress.com.br\/portal\/wp-json\/wp\/v2\/types\/post"}],"author":[{"embeddable":true,"href":"https:\/\/dentalpress.com.br\/portal\/wp-json\/wp\/v2\/users\/26"}],"replies":[{"embeddable":true,"href":"https:\/\/dentalpress.com.br\/portal\/wp-json\/wp\/v2\/comments?post=25248"}],"version-history":[{"count":0,"href":"https:\/\/dentalpress.com.br\/portal\/wp-json\/wp\/v2\/posts\/25248\/revisions"}],"wp:featuredmedia":[{"embeddable":true,"href":"https:\/\/dentalpress.com.br\/portal\/wp-json\/wp\/v2\/media\/23519"}],"wp:attachment":[{"href":"https:\/\/dentalpress.com.br\/portal\/wp-json\/wp\/v2\/media?parent=25248"}],"wp:term":[{"taxonomy":"category","embeddable":true,"href":"https:\/\/dentalpress.com.br\/portal\/wp-json\/wp\/v2\/categories?post=25248"},{"taxonomy":"post_tag","embeddable":true,"href":"https:\/\/dentalpress.com.br\/portal\/wp-json\/wp\/v2\/tags?post=25248"}],"curies":[{"name":"wp","href":"https:\/\/api.w.org\/{rel}","templated":true}]}}