{"id":25238,"date":"2019-02-18T10:22:22","date_gmt":"2019-02-18T13:22:22","guid":{"rendered":"https:\/\/www.dentalpress.com.br\/portal\/?p=25238"},"modified":"2019-02-18T10:22:22","modified_gmt":"2019-02-18T13:22:22","slug":"abor-goias-realiza-10o-congresso-internacional-de-ortodontia","status":"publish","type":"post","link":"https:\/\/dentalpress.com.br\/portal\/abor-goias-realiza-10o-congresso-internacional-de-ortodontia\/","title":{"rendered":"ABOR Goi\u00e1s realiza 10\u00ba Congresso Internacional de Ortodontia"},"content":{"rendered":"<figure id=\"attachment_25239\" aria-describedby=\"caption-attachment-25239\" style=\"width: 242px\" class=\"wp-caption alignleft\"><a href=\"https:\/\/dentalpress.com.br\/portal\/wp-content\/uploads\/2019\/02\/Hugo-De-Clerk.jpg\"><img fetchpriority=\"high\" decoding=\"async\" class=\"size-medium wp-image-25239\" src=\"https:\/\/dentalpress.com.br\/portal\/wp-content\/uploads\/2019\/02\/Hugo-De-Clerk-242x300.jpg\" alt=\"\" width=\"242\" height=\"300\" srcset=\"\/wp-content\/uploads\/2019\/02\/Hugo-De-Clerk-242x300.jpg 242w, \/wp-content\/uploads\/2019\/02\/Hugo-De-Clerk.jpg 382w\" sizes=\"(max-width: 242px) 100vw, 242px\" \/><\/a><figcaption id=\"caption-attachment-25239\" class=\"wp-caption-text\">Hugo De Clerk \u00e9 uma das atra\u00e7\u00f5es principais do congresso<\/figcaption><\/figure>\n<p style=\"font-weight: 400;\">Considerado um dos grandes nomes da odontologia mundial, o belga Hugo De Clerck ser\u00e1 uma das atra\u00e7\u00f5es do <a href=\"https:\/\/aborgoias.com.br\/\">10\u00ba Congresso Internacional de Ortodontia<\/a>, de 21 a 23 de mar\u00e7o, em Goi\u00e2nia. O evento ser\u00e1 realizado pela Associa\u00e7\u00e3o Brasileira de <a href=\"https:\/\/dentalpress.com.br\/portal\/excelencia-em-ortodontia-2\/\">Ortodontia<\/a> e Ortopedia Facial (ABOR Goi\u00e1s). Al\u00e9m de De Clerck, grandes expoentes da \u00e1rea no Brasil e no mundo estar\u00e3o na capital.<\/p>\n<p style=\"font-weight: 400;\">O tema do Congresso \u201cOrtodontia: Evid\u00eancia e Arte\u201d discutir\u00e1 o contexto cient\u00edfico de pr\u00e1ticas consagradas, perpassando pelas inova\u00e7\u00f5es na especialidade ortodontia, de maneira din\u00e2mica e pr\u00e1tica. A grade cient\u00edfica contemplou assuntos distintos, de interesse cl\u00ednico, abordados por um rico elenco de professores. Tamb\u00e9m haver\u00e1 uma feira com produtos e servi\u00e7os diferenciados. A estimativa \u00e9 que aproximadamente 500 profissionais participem do evento, entre especialistas em ortodontia e estudantes de p\u00f3s-gradua\u00e7\u00e3o, assim como profissionais e t\u00e9cnicos que atuam em cl\u00ednicas de ortodontia.<\/p>\n<p style=\"font-weight: 400;\">O professor Hugo De Clerck vai ministrar a palestra \u201cAncoragem esquel\u00e9tica com mini placas: uma atualiza\u00e7\u00e3o\u201d. O especialista explica que, nas \u00faltimas duas d\u00e9cadas, a ancoragem esquel\u00e9tica ampliou o escopo da movimenta\u00e7\u00e3o dent\u00e1ria. \u201cPor causa das cirurgias limitadas, os mini-parafusos\u00a0 tornaram-se muito populares. Entretanto, inseridos no lado vestibular, limitam o movimento dos dentes adjacentes e, no palato, s\u00e3o comumente usados como ancoragem indireta. Mais recentemente, eles tamb\u00e9m s\u00e3o usados para expans\u00e3o r\u00e1pida da maxila \u00f3sseo suportada\u201d, informa.<\/p>\n<p style=\"font-weight: 400;\">De Clerck lembra que as mini-placas resistem a for\u00e7as mais pesadas e s\u00e3o inseridas por vestibular, a dist\u00e2ncia dos dentes. Isso, segundo ele, as torna mais adequadas para o tratamento ortod\u00f4ntico da Classe II, ortopedia da Classe III e ortodontia para casos complicados, em combina\u00e7\u00e3o com <a href=\"https:\/\/dentalpress.com.br\/portal\/curso-de-aperfeicoamento-em-cirurgia-de-dentes-retidos\/\">cirurgia<\/a> ortogn\u00e1tica. \u201cA ortopedia de Classe III \u00e9 comumente focada na protra\u00e7\u00e3o da face m\u00e9dia. H\u00e1 muitas evid\u00eancias dispon\u00edveis de experimentos com animais e estudos cl\u00ednicos de que o crescimento da sutura pode ser estimulado pela aplica\u00e7\u00e3o de for\u00e7as externas. Especialmente quando essas for\u00e7as s\u00e3o aplicadas \u00e0 maxila pela ancoragem esquel\u00e9tica da mini-placa, as suturas podem ser expandidas e a face m\u00e9dia protru\u00edda.\u201d<\/p>\n<p style=\"font-weight: 400;\">\n<p style=\"font-weight: 400;\"><strong>Curr\u00edculo<br \/>\n<\/strong>Hugo De Clerck \u00e9 graduado do programa ortod\u00f4ntico do Rijksuniversiteit Gent, recebendo seu doutorado em 1986. Atualmente, mant\u00e9m um consult\u00f3rio particular em Bruxelas e tamb\u00e9m \u00e9 professor adjunto da Universidade da Carolina do Norte em Chapel Hill. Foi professor e presidente do Departamento de Ortodontia da Universidade Cat\u00f3lica de Louvain de 1989 a 2006. \u00c9 ex-presidente da Sociedade Belga de Ortodontia e membro da Faculdade Real dos Cirurgi\u00f5es da Inglaterra. Suas \u00e1reas de pesquisa s\u00e3o em ancoragem esquel\u00e9tica, biomec\u00e2nica e ortopedia.<\/p>\n","protected":false},"excerpt":{"rendered":"<p>Considerado um dos grandes nomes da odontologia mundial, o belga Hugo De Clerck ser\u00e1 uma das atra\u00e7\u00f5es do 10\u00ba Congresso Internacional de Ortodontia, de 21 a 23 de mar\u00e7o, em Goi\u00e2nia. O evento ser\u00e1 realizado pela Associa\u00e7\u00e3o Brasileira de Ortodontia e Ortopedia Facial (ABOR Goi\u00e1s). Al\u00e9m de De Clerck, grandes expoentes da \u00e1rea no Brasil<\/p>\n","protected":false},"author":26,"featured_media":25239,"comment_status":"open","ping_status":"closed","sticky":false,"template":"","format":"standard","meta":{"footnotes":""},"categories":[],"tags":[],"class_list":["post-25238","post","type-post","status-publish","format-standard","has-post-thumbnail"],"aioseo_notices":[],"amp_enabled":true,"_links":{"self":[{"href":"https:\/\/dentalpress.com.br\/portal\/wp-json\/wp\/v2\/posts\/25238","targetHints":{"allow":["GET"]}}],"collection":[{"href":"https:\/\/dentalpress.com.br\/portal\/wp-json\/wp\/v2\/posts"}],"about":[{"href":"https:\/\/dentalpress.com.br\/portal\/wp-json\/wp\/v2\/types\/post"}],"author":[{"embeddable":true,"href":"https:\/\/dentalpress.com.br\/portal\/wp-json\/wp\/v2\/users\/26"}],"replies":[{"embeddable":true,"href":"https:\/\/dentalpress.com.br\/portal\/wp-json\/wp\/v2\/comments?post=25238"}],"version-history":[{"count":0,"href":"https:\/\/dentalpress.com.br\/portal\/wp-json\/wp\/v2\/posts\/25238\/revisions"}],"wp:featuredmedia":[{"embeddable":true,"href":"https:\/\/dentalpress.com.br\/portal\/wp-json\/wp\/v2\/media\/25239"}],"wp:attachment":[{"href":"https:\/\/dentalpress.com.br\/portal\/wp-json\/wp\/v2\/media?parent=25238"}],"wp:term":[{"taxonomy":"category","embeddable":true,"href":"https:\/\/dentalpress.com.br\/portal\/wp-json\/wp\/v2\/categories?post=25238"},{"taxonomy":"post_tag","embeddable":true,"href":"https:\/\/dentalpress.com.br\/portal\/wp-json\/wp\/v2\/tags?post=25238"}],"curies":[{"name":"wp","href":"https:\/\/api.w.org\/{rel}","templated":true}]}}