{"id":25214,"date":"2019-02-08T10:54:40","date_gmt":"2019-02-08T12:54:40","guid":{"rendered":"https:\/\/www.dentalpress.com.br\/portal\/?p=25214"},"modified":"2019-02-08T10:55:48","modified_gmt":"2019-02-08T12:55:48","slug":"unesp-araraquara-abre-inscricao-para-pos-doutorado-em-odontologia","status":"publish","type":"post","link":"https:\/\/dentalpress.com.br\/portal\/unesp-araraquara-abre-inscricao-para-pos-doutorado-em-odontologia\/","title":{"rendered":"Unesp Araraquara abre inscri\u00e7\u00e3o para P\u00f3s-Doutorado em Odontologia"},"content":{"rendered":"<figure id=\"attachment_25215\" aria-describedby=\"caption-attachment-25215\" style=\"width: 300px\" class=\"wp-caption alignleft\"><a href=\"https:\/\/dentalpress.com.br\/portal\/wp-content\/uploads\/2019\/02\/UnespOdontologia.jpg\"><img fetchpriority=\"high\" decoding=\"async\" class=\"size-medium wp-image-25215\" src=\"https:\/\/dentalpress.com.br\/portal\/wp-content\/uploads\/2019\/02\/UnespOdontologia-300x199.jpg\" alt=\"\" width=\"300\" height=\"199\" srcset=\"\/wp-content\/uploads\/2019\/02\/UnespOdontologia-300x199.jpg 300w, \/wp-content\/uploads\/2019\/02\/UnespOdontologia-768x511.jpg 768w, \/wp-content\/uploads\/2019\/02\/UnespOdontologia-1024x681.jpg 1024w, \/wp-content\/uploads\/2019\/02\/UnespOdontologia-1170x778.jpg 1170w, \/wp-content\/uploads\/2019\/02\/UnespOdontologia-780x516.jpg 780w, \/wp-content\/uploads\/2019\/02\/UnespOdontologia-1920x1277.jpg 1920w, \/wp-content\/uploads\/2019\/02\/UnespOdontologia-585x389.jpg 585w, \/wp-content\/uploads\/2019\/02\/UnespOdontologia-263x175.jpg 263w\" sizes=\"(max-width: 300px) 100vw, 300px\" \/><\/a><figcaption id=\"caption-attachment-25215\" class=\"wp-caption-text\">Faculdade de Odontologia Araraquara \u2013 Unesp<\/figcaption><\/figure>\n<p>O Programa de P\u00f3s-Gradua\u00e7\u00e3o em Reabilita\u00e7\u00e3o Oral da Unesp de Araraquara est\u00e1 com inscri\u00e7\u00f5es abertas para uma vaga de p\u00f3s-doutorado. O processo visa \u00e0 sele\u00e7\u00e3o de pesquisadores para o desenvolvimento de projetos de pesquisa em \u00e2mbito laboratorial ou cl\u00ednico. As inscri\u00e7\u00f5es est\u00e3o abertas at\u00e9 o dia 5 de mar\u00e7o.<\/p>\n<p>O edital selecionar\u00e1 um bolsista como parte do Programa Nacional de P\u00f3s-Doutorado da Capes. \u00c9 necess\u00e1rio que o candidato selecionado tenha disponibilidade para desempenhar atividades em regime de dedica\u00e7\u00e3o exclusiva e em tempo integral, sem a possibilidade de desenvolver atividades profissionais concomitantes \u00e0 bolsa, cujo valor \u00e9 de R$ 4.100 por m\u00eas.<\/p>\n<p>Os crit\u00e9rios de avalia\u00e7\u00e3o envolvem avalia\u00e7\u00e3o e m\u00e9rito, relev\u00e2ncia e inova\u00e7\u00e3o do projeto de pesquisa que ser\u00e1 apresentado na inscri\u00e7\u00e3o, bem como o avan\u00e7o no conhecimento, tornando a \u00e1rea competitiva. A pertin\u00eancia \u00e0s linhas de pesquisa do Programa tamb\u00e9m ser\u00e1 considerada.<\/p>\n<p>O crit\u00e9rio tamb\u00e9m inclui an\u00e1lise da s\u00famula curricular do candidato, com \u00eanfase na produtividade e regularidade de produ\u00e7\u00e3o em pesquisa na \u00e1rea.<\/p>\n<p>Informa\u00e7\u00f5es sobre documentos necess\u00e1rios para inscri\u00e7\u00e3o, calend\u00e1rio da sele\u00e7\u00e3o e mais detalhes do edital podem ser obtidos no link:\u00a0<a href=\"http:\/\/www.foar.unesp.br\/index.php#!\/pos-graduacao\/lato-sensu\/programas-de-pos-graduacao\/odontologia\/bolsas-capes-pnpd\/edital1298\/\">http:\/\/www.foar.unesp.br\/index.php#!\/pos-graduacao\/lato-sensu\/programas-de-pos-graduacao\/odontologia\/bolsas-capes-pnpd\/edital1298\/<\/a><\/p>\n<p><em>Via: Not\u00edcias Unesp \u2013 ACI Unesp<\/em><\/p>\n","protected":false},"excerpt":{"rendered":"<p>O Programa de P\u00f3s-Gradua\u00e7\u00e3o em Reabilita\u00e7\u00e3o Oral da Unesp de Araraquara est\u00e1 com inscri\u00e7\u00f5es abertas para uma vaga de p\u00f3s-doutorado. O processo visa \u00e0 sele\u00e7\u00e3o de pesquisadores para o desenvolvimento de projetos de pesquisa em \u00e2mbito laboratorial ou cl\u00ednico. As inscri\u00e7\u00f5es est\u00e3o abertas at\u00e9 o dia 5 de mar\u00e7o. O edital selecionar\u00e1 um bolsista como<\/p>\n","protected":false},"author":26,"featured_media":25215,"comment_status":"open","ping_status":"closed","sticky":false,"template":"","format":"standard","meta":{"footnotes":""},"categories":[],"tags":[],"class_list":["post-25214","post","type-post","status-publish","format-standard","has-post-thumbnail"],"aioseo_notices":[],"amp_enabled":true,"_links":{"self":[{"href":"https:\/\/dentalpress.com.br\/portal\/wp-json\/wp\/v2\/posts\/25214","targetHints":{"allow":["GET"]}}],"collection":[{"href":"https:\/\/dentalpress.com.br\/portal\/wp-json\/wp\/v2\/posts"}],"about":[{"href":"https:\/\/dentalpress.com.br\/portal\/wp-json\/wp\/v2\/types\/post"}],"author":[{"embeddable":true,"href":"https:\/\/dentalpress.com.br\/portal\/wp-json\/wp\/v2\/users\/26"}],"replies":[{"embeddable":true,"href":"https:\/\/dentalpress.com.br\/portal\/wp-json\/wp\/v2\/comments?post=25214"}],"version-history":[{"count":0,"href":"https:\/\/dentalpress.com.br\/portal\/wp-json\/wp\/v2\/posts\/25214\/revisions"}],"wp:featuredmedia":[{"embeddable":true,"href":"https:\/\/dentalpress.com.br\/portal\/wp-json\/wp\/v2\/media\/25215"}],"wp:attachment":[{"href":"https:\/\/dentalpress.com.br\/portal\/wp-json\/wp\/v2\/media?parent=25214"}],"wp:term":[{"taxonomy":"category","embeddable":true,"href":"https:\/\/dentalpress.com.br\/portal\/wp-json\/wp\/v2\/categories?post=25214"},{"taxonomy":"post_tag","embeddable":true,"href":"https:\/\/dentalpress.com.br\/portal\/wp-json\/wp\/v2\/tags?post=25214"}],"curies":[{"name":"wp","href":"https:\/\/api.w.org\/{rel}","templated":true}]}}