{"id":25212,"date":"2019-02-07T09:37:55","date_gmt":"2019-02-07T11:37:55","guid":{"rendered":"https:\/\/www.dentalpress.com.br\/portal\/?p=25212"},"modified":"2019-02-07T09:37:55","modified_gmt":"2019-02-07T11:37:55","slug":"bacteria-na-gengiva-e-privacao-de-sono-podem-causar-alzheimer","status":"publish","type":"post","link":"https:\/\/dentalpress.com.br\/portal\/bacteria-na-gengiva-e-privacao-de-sono-podem-causar-alzheimer\/","title":{"rendered":"Bact\u00e9ria na gengiva e priva\u00e7\u00e3o de sono podem causar Alzheimer"},"content":{"rendered":"<figure id=\"attachment_23613\" aria-describedby=\"caption-attachment-23613\" style=\"width: 300px\" class=\"wp-caption alignleft\"><a href=\"https:\/\/dentalpress.com.br\/portal\/wp-content\/uploads\/2018\/07\/20180716143236.png\"><img fetchpriority=\"high\" decoding=\"async\" class=\"size-medium wp-image-23613\" src=\"https:\/\/dentalpress.com.br\/portal\/wp-content\/uploads\/2018\/07\/20180716143236-300x207.png\" alt=\"recess\u00e3o gengival\" width=\"300\" height=\"207\" srcset=\"\/wp-content\/uploads\/2018\/07\/20180716143236-300x207.png 300w, \/wp-content\/uploads\/2018\/07\/20180716143236.png 518w\" sizes=\"(max-width: 300px) 100vw, 300px\" \/><\/a><figcaption id=\"caption-attachment-23613\" class=\"wp-caption-text\">Bact\u00e9ria na Gengiva pode causar Alzheimer<\/figcaption><\/figure>\n<p>A <a href=\"https:\/\/www.folha.uol.com.br\/\">Folha de S. Paulo<\/a> trouxe no final do \u00faltimo m\u00eas uma reportagem que relaciona a priva\u00e7\u00e3o de <a href=\"https:\/\/dentalpress.com.br\/portal\/curso-de-aperfeicoamento-em-dtm-dor-orofacial-e-apneia-do-sono\/\">sono<\/a> e uma bact\u00e9ria na gengiva ao surgimento do Alzheimer. As an\u00e1lises foram desenvolvidas por universidades americanas e coordenadas pelo pesquisador David Holtzman, da<a href=\"https:\/\/www.washington.edu\/\"> Universidade de Washington<\/a>.\u00a0 Os estudos foram foram publicados na revista Science.<\/p>\n<p>A pesquisa tra\u00e7a os elos entre a doen\u00e7a e a bact\u00e9ria <em>Porphyromonas Gingivalis<\/em>. Uma patente de medicamento que bloqueia a a\u00e7\u00e3o desse micr\u00f3bio j\u00e1 foi reivindicada por um outro grupo de pesquisadores americanos, liderada por Stephen Dominy, na empresa de biotecnologia <a href=\"https:\/\/www.cortexyme.com\/\">Cortexyme<\/a>, em San Francisco.<\/p>\n<p>Segundo a reportagem, apesar de as origens do Alzheimer terem sido amplamente estudadas nas \u00faltimas d\u00e9cadas, n\u00e3o havia ainda uma compreens\u00e3o geral da doen\u00e7a. Ainda n\u00e3o havia pistas detalhadas sobre a rela\u00e7\u00e3o de causa e efeito entre a bact\u00e9ria e a doen\u00e7a: seria compreens\u00edvel que pessoas em est\u00e1gio inicial da doen\u00e7a degenerativa simplesmente esquecessem da sa\u00fade bucal e tornassem-se mais propensas a serem infectadas com a bact\u00e9ria.<\/p>\n<p>Novos dados levantados pela equipe de Dominy, entretanto, tra\u00e7aram uma rela\u00e7\u00e3o causal entre os dois fatores. Camundongos infectados com o micr\u00f3bio por via oral, tiveram o c\u00e9rebro invadido pela bact\u00e9ria , com efeitos moleculares que lembram os do Alzheimer. Outro ponto promissor na pesquisa \u00e9 a identifica\u00e7\u00e3o de prote\u00ednas e DNA do micr\u00f3bio em praticamente todos o c\u00e9rebros infectados com a doen\u00e7a.<\/p>\n<p>Caso haja a confirma\u00e7\u00e3o de mais pesquisas sobre esses dados, ser\u00e1 poss\u00edvel combater a bact\u00e9ria e, consequentemente, o mal de Alzheimer. <a href=\"https:\/\/www1.folha.uol.com.br\/ciencia\/2019\/01\/privacao-de-sono-e-bacteria-da-gengiva-tem-relacao-com-surgimento-de-alzheimer.shtml\">Confira a reportagem da Folha de S. Paulo na \u00edntegra.<\/a><\/p>\n","protected":false},"excerpt":{"rendered":"<p>A Folha de S. Paulo trouxe no final do \u00faltimo m\u00eas uma reportagem que relaciona a priva\u00e7\u00e3o de sono e uma bact\u00e9ria na gengiva ao surgimento do Alzheimer. As an\u00e1lises foram desenvolvidas por universidades americanas e coordenadas pelo pesquisador David Holtzman, da Universidade de Washington.\u00a0 Os estudos foram foram publicados na revista Science. A pesquisa<\/p>\n","protected":false},"author":26,"featured_media":908,"comment_status":"open","ping_status":"closed","sticky":false,"template":"","format":"standard","meta":{"footnotes":""},"categories":[],"tags":[],"class_list":["post-25212","post","type-post","status-publish","format-standard","has-post-thumbnail"],"aioseo_notices":[],"amp_enabled":true,"_links":{"self":[{"href":"https:\/\/dentalpress.com.br\/portal\/wp-json\/wp\/v2\/posts\/25212","targetHints":{"allow":["GET"]}}],"collection":[{"href":"https:\/\/dentalpress.com.br\/portal\/wp-json\/wp\/v2\/posts"}],"about":[{"href":"https:\/\/dentalpress.com.br\/portal\/wp-json\/wp\/v2\/types\/post"}],"author":[{"embeddable":true,"href":"https:\/\/dentalpress.com.br\/portal\/wp-json\/wp\/v2\/users\/26"}],"replies":[{"embeddable":true,"href":"https:\/\/dentalpress.com.br\/portal\/wp-json\/wp\/v2\/comments?post=25212"}],"version-history":[{"count":0,"href":"https:\/\/dentalpress.com.br\/portal\/wp-json\/wp\/v2\/posts\/25212\/revisions"}],"wp:featuredmedia":[{"embeddable":true,"href":"https:\/\/dentalpress.com.br\/portal\/wp-json\/wp\/v2\/media\/908"}],"wp:attachment":[{"href":"https:\/\/dentalpress.com.br\/portal\/wp-json\/wp\/v2\/media?parent=25212"}],"wp:term":[{"taxonomy":"category","embeddable":true,"href":"https:\/\/dentalpress.com.br\/portal\/wp-json\/wp\/v2\/categories?post=25212"},{"taxonomy":"post_tag","embeddable":true,"href":"https:\/\/dentalpress.com.br\/portal\/wp-json\/wp\/v2\/tags?post=25212"}],"curies":[{"name":"wp","href":"https:\/\/api.w.org\/{rel}","templated":true}]}}