{"id":20817,"date":"2017-11-03T17:00:07","date_gmt":"2017-11-03T19:00:07","guid":{"rendered":"https:\/\/www.dentalpress.com.br\/portal\/?p=20817"},"modified":"2017-11-09T13:10:06","modified_gmt":"2017-11-09T15:10:06","slug":"molares-inferiores","status":"publish","type":"post","link":"https:\/\/dentalpress.com.br\/portal\/molares-inferiores\/","title":{"rendered":"Estudo da morfologia de primeiros molares inferiores por meio de quatro m\u00e9todos"},"content":{"rendered":"<p>Entre os dias 2 e 4, \u00e9 realizado pela Sociedade Brasileira de <a href=\"https:\/\/dentalpress.com.br\/portal\/curso-intensivo-de-endodontia-para-molares\/\">Endodontia<\/a> (SBENDO) o 9\u00ba Congresso Internacional da institui\u00e7\u00e3o. O evento \u00e9 considerado o maior da \u00e1rea na Am\u00e9rica Latina.<\/p>\n<p>Por isso, a Dental Press disponibiliza para baixar gratuitamente o artigo &#8220;Estudo da morfologia de primeiros molares inferiores por meio de quatro m\u00e9todos\u201d, publicado na revista Ortodontics.<\/p>\n<figure id=\"attachment_20820\" aria-describedby=\"caption-attachment-20820\" style=\"width: 627px\" class=\"wp-caption aligncenter\"><a href=\"https:\/\/dentalpress.com.br\/portal\/wp-content\/uploads\/2017\/11\/Captura-de-Tela-2017-11-03-a\u0300s-16.32.09.png\"><img fetchpriority=\"high\" decoding=\"async\" class=\" wp-image-20820\" src=\"https:\/\/dentalpress.com.br\/portal\/wp-content\/uploads\/2017\/11\/Captura-de-Tela-2017-11-03-a\u0300s-16.32.09-300x224.png\" alt=\"\" width=\"627\" height=\"468\" \/><\/a><figcaption id=\"caption-attachment-20820\" class=\"wp-caption-text\">Demonstra\u00e7\u00e3o de canais achatados no sentido mesiodistal, e alongados no sentido vestibulolingual, presentes na maioria dos esp\u00e9-cimes estudados (Foto: Reprodu\u00e7\u00e3o)<\/figcaption><\/figure>\n<p><strong>Resumo:<\/strong> Introdu\u00e7\u00e3o: o conhecimento da morfologia interna da c\u00e2mara pulpar e dos canais radiculares, bem como de sua diversidade, \u00e9 de suma import\u00e2ncia para o sucesso do tratamento endod\u00f4ntico. Os molares inferiores s\u00e3o um grupo de <a href=\"https:\/\/dentalpress.com.br\/portal\/curso-de-aperfeicoamento-em-cirurgia-de-dentes-retidos\/\">dentes<\/a> que possuem uma anatomia interna complexa, sendo fundamental seu conhecimento. Objetivo: o objetivo do presente estudo foi avaliar, por meio de quatro m\u00e9todos (radiogr\u00e1fico, macrosc\u00f3pico, microsc\u00f3pico e anat\u00f4mico) a quantidade e configura\u00e7\u00e3o dos canais presentes nos primeiros molares inferiores. M\u00e9todos: foi feito um estudo transversal ex vivo, observacional e descritivo, no qual foram selecionados 50 primeiros molares inferiores permanentes. Foram crit\u00e9rios de exclus\u00e3o da amostra: dentes com a coroa totalmente destru\u00edda, rizog\u00eanese incompleta, reabsor\u00e7\u00f5es e\/ou perfura\u00e7\u00f5es, incluindo dentes com coroa h\u00edgida e semi-h\u00edgida. Resultados: os resultados mostraram que 24% dos primeiros molares inferiores possu\u00edam tr\u00eas canais radiculares, sendo a sec\u00e7\u00e3o transversal achatada no sentido mesiodistal e alongada no sentido vestibulolingual, em toda a extens\u00e3o dos canais mesiais (48,6%) e canais distais (52,2%), a mais prevalente. Por\u00e9m, outras possibilidades de configura\u00e7\u00f5es, como a circular, tanto em canais mesiais (46,6%) quanto em distais (38,1%), e dentes com cinco canais radiculares (16%) puderam ser visualizados. Conclus\u00e3o: por meio dos m\u00e9todos empregados, foi poss\u00edvel verificar que, nos primeiros molares inferiores, houve preval\u00eancia de canais radiculares com a configura\u00e7\u00e3o &#8220;achatada&#8221; no sentido mesiolingual, e &#8220;alongada&#8221; no vestibulolingual, em toda sua extens\u00e3o; em termos de quantidade, a que prevaleceu foi a com tr\u00eas canais radiculares; contudo, varia\u00e7\u00f5es podem ocorrer na anatomia interna.<\/p>\n<p><strong>Autores:\u00a0<\/strong>Humberto Ramah Menezes de Matos; Aldo Angelim Dias; Luanni Belmino Matroianni; Luciana Castiglioni; Rodrigo Ferreira Lopes Arrais Nunes<\/p>\n<h2><a href=\"http:\/\/grupo.dentalpress.com.br\/morfologia-de-primeiros-molares-inferiores\">Quero baixar o artigo na \u00edntegra!<\/a><\/h2>\n","protected":false},"excerpt":{"rendered":"<p>Entre os dias 2 e 4, \u00e9 realizado pela Sociedade Brasileira de Endodontia (SBENDO) o 9\u00ba Congresso Internacional da institui\u00e7\u00e3o. O evento \u00e9 considerado o maior da \u00e1rea na Am\u00e9rica Latina. Por isso, a Dental Press disponibiliza para baixar gratuitamente o artigo &#8220;Estudo da morfologia de primeiros molares inferiores por meio de quatro m\u00e9todos\u201d, publicado<\/p>\n","protected":false},"author":20,"featured_media":20823,"comment_status":"open","ping_status":"closed","sticky":false,"template":"","format":"standard","meta":{"footnotes":""},"categories":[],"tags":[],"class_list":["post-20817","post","type-post","status-publish","format-standard","has-post-thumbnail"],"aioseo_notices":[],"amp_enabled":true,"_links":{"self":[{"href":"https:\/\/dentalpress.com.br\/portal\/wp-json\/wp\/v2\/posts\/20817","targetHints":{"allow":["GET"]}}],"collection":[{"href":"https:\/\/dentalpress.com.br\/portal\/wp-json\/wp\/v2\/posts"}],"about":[{"href":"https:\/\/dentalpress.com.br\/portal\/wp-json\/wp\/v2\/types\/post"}],"author":[{"embeddable":true,"href":"https:\/\/dentalpress.com.br\/portal\/wp-json\/wp\/v2\/users\/20"}],"replies":[{"embeddable":true,"href":"https:\/\/dentalpress.com.br\/portal\/wp-json\/wp\/v2\/comments?post=20817"}],"version-history":[{"count":0,"href":"https:\/\/dentalpress.com.br\/portal\/wp-json\/wp\/v2\/posts\/20817\/revisions"}],"wp:featuredmedia":[{"embeddable":true,"href":"https:\/\/dentalpress.com.br\/portal\/wp-json\/wp\/v2\/media\/20823"}],"wp:attachment":[{"href":"https:\/\/dentalpress.com.br\/portal\/wp-json\/wp\/v2\/media?parent=20817"}],"wp:term":[{"taxonomy":"category","embeddable":true,"href":"https:\/\/dentalpress.com.br\/portal\/wp-json\/wp\/v2\/categories?post=20817"},{"taxonomy":"post_tag","embeddable":true,"href":"https:\/\/dentalpress.com.br\/portal\/wp-json\/wp\/v2\/tags?post=20817"}],"curies":[{"name":"wp","href":"https:\/\/api.w.org\/{rel}","templated":true}]}}