{"id":20794,"date":"2017-11-03T14:44:39","date_gmt":"2017-11-03T16:44:39","guid":{"rendered":"https:\/\/www.dentalpress.com.br\/portal\/?p=20794"},"modified":"2017-11-03T16:15:11","modified_gmt":"2017-11-03T18:15:11","slug":"sbendo","status":"publish","type":"post","link":"https:\/\/dentalpress.com.br\/portal\/sbendo\/","title":{"rendered":"Dental Press marca presen\u00e7a no 9\u00ba Congresso Internacional SBENDO"},"content":{"rendered":"<p>Entre os dias 2 e 4, \u00e9 realizado pela Sociedade Brasileira de <a href=\"https:\/\/dentalpress.com.br\/portal\/curso-intensivo-de-endodontia-para-molares\/\">Endodontia<\/a> (SBENDO) o 9\u00ba Congresso Internacional da institui\u00e7\u00e3o, na Fecom\u00e9rcio de S\u00e3o Paulo.<\/p>\n<p>Na mesmo ocasi\u00e3o \u00e9 realizado o 6\u00ba Encontro da Sociedade de Endodontia Latino Americano (SELA)\u00a0e a 4\u00ba Reuni\u00e3o do F\u00f3rum Brasileiro de Endodontia.<\/p>\n<figure id=\"attachment_20796\" aria-describedby=\"caption-attachment-20796\" style=\"width: 543px\" class=\"wp-caption aligncenter\"><a href=\"https:\/\/dentalpress.com.br\/portal\/wp-content\/uploads\/2017\/11\/WhatsApp-Image-2017-11-03-at-11.01.10.jpeg\"><img fetchpriority=\"high\" decoding=\"async\" class=\"wp-image-20796\" src=\"https:\/\/dentalpress.com.br\/portal\/wp-content\/uploads\/2017\/11\/WhatsApp-Image-2017-11-03-at-11.01.10-225x300.jpeg\" alt=\"\" width=\"543\" height=\"724\" srcset=\"\/wp-content\/uploads\/2017\/11\/WhatsApp-Image-2017-11-03-at-11.01.10-225x300.jpeg 225w, \/wp-content\/uploads\/2017\/11\/WhatsApp-Image-2017-11-03-at-11.01.10-768x1024.jpeg 768w, \/wp-content\/uploads\/2017\/11\/WhatsApp-Image-2017-11-03-at-11.01.10-585x780.jpeg 585w, \/wp-content\/uploads\/2017\/11\/WhatsApp-Image-2017-11-03-at-11.01.10.jpeg 960w\" sizes=\"(max-width: 543px) 100vw, 543px\" \/><\/a><figcaption id=\"caption-attachment-20796\" class=\"wp-caption-text\">Dr Marco Ant\u00f3nio Hungaro Duarte prestigiando o estande Dental Press (Foto: Roseneide Martins\/Dental Press)<\/figcaption><\/figure>\n<p>O evento, considerado o\u00a0maior cl\u00ednico e cient\u00edfico da \u00e1rea na America Latina, conta com a presen\u00e7a de grandes nomes da Endodontia brasileira e internacional e apresenta pain\u00e9is de casos cl\u00ednicos e trabalhos cient\u00edficos. O resumo dos casos ser\u00e3o publicados na revista Endodontics, publicada pela Dental Press.<\/p>\n<figure id=\"attachment_20814\" aria-describedby=\"caption-attachment-20814\" style=\"width: 593px\" class=\"wp-caption aligncenter\"><a href=\"https:\/\/dentalpress.com.br\/portal\/wp-content\/uploads\/2017\/11\/WhatsApp-Image-2017-11-03-at-15.22.47.jpeg\"><img decoding=\"async\" class=\" wp-image-20814\" src=\"https:\/\/dentalpress.com.br\/portal\/wp-content\/uploads\/2017\/11\/WhatsApp-Image-2017-11-03-at-15.22.47-300x225.jpeg\" alt=\"\" width=\"593\" height=\"445\" srcset=\"\/wp-content\/uploads\/2017\/11\/WhatsApp-Image-2017-11-03-at-15.22.47-300x225.jpeg 300w, \/wp-content\/uploads\/2017\/11\/WhatsApp-Image-2017-11-03-at-15.22.47-768x576.jpeg 768w, \/wp-content\/uploads\/2017\/11\/WhatsApp-Image-2017-11-03-at-15.22.47-1024x768.jpeg 1024w, \/wp-content\/uploads\/2017\/11\/WhatsApp-Image-2017-11-03-at-15.22.47-1170x878.jpeg 1170w, \/wp-content\/uploads\/2017\/11\/WhatsApp-Image-2017-11-03-at-15.22.47-585x439.jpeg 585w, \/wp-content\/uploads\/2017\/11\/WhatsApp-Image-2017-11-03-at-15.22.47.jpeg 1280w\" sizes=\"(max-width: 593px) 100vw, 593px\" \/><\/a><figcaption id=\"caption-attachment-20814\" class=\"wp-caption-text\">Dr. Carlos Estrela, primeiro editor da Endodontics (Foto: Roseneide Martins\/Dental Press)<\/figcaption><\/figure>\n<p>A Dental Press marcou presen\u00e7a no evento expondo livros e a revista Endodontics.<\/p>\n<p>Vejas as fotos:<\/p>\n<pre>[flickr_set id=\"72157662216819258\"]<\/pre>\n","protected":false},"excerpt":{"rendered":"<p>Entre os dias 2 e 4, \u00e9 realizado pela Sociedade Brasileira de Endodontia (SBENDO) o 9\u00ba Congresso Internacional da institui\u00e7\u00e3o, na Fecom\u00e9rcio de S\u00e3o Paulo. Na mesmo ocasi\u00e3o \u00e9 realizado o 6\u00ba Encontro da Sociedade de Endodontia Latino Americano (SELA)\u00a0e a 4\u00ba Reuni\u00e3o do F\u00f3rum Brasileiro de Endodontia. O evento, considerado o\u00a0maior cl\u00ednico e cient\u00edfico<\/p>\n","protected":false},"author":23,"featured_media":20799,"comment_status":"open","ping_status":"closed","sticky":false,"template":"","format":"standard","meta":{"footnotes":""},"categories":[],"tags":[],"class_list":["post-20794","post","type-post","status-publish","format-standard","has-post-thumbnail"],"aioseo_notices":[],"amp_enabled":true,"_links":{"self":[{"href":"https:\/\/dentalpress.com.br\/portal\/wp-json\/wp\/v2\/posts\/20794","targetHints":{"allow":["GET"]}}],"collection":[{"href":"https:\/\/dentalpress.com.br\/portal\/wp-json\/wp\/v2\/posts"}],"about":[{"href":"https:\/\/dentalpress.com.br\/portal\/wp-json\/wp\/v2\/types\/post"}],"author":[{"embeddable":true,"href":"https:\/\/dentalpress.com.br\/portal\/wp-json\/wp\/v2\/users\/23"}],"replies":[{"embeddable":true,"href":"https:\/\/dentalpress.com.br\/portal\/wp-json\/wp\/v2\/comments?post=20794"}],"version-history":[{"count":0,"href":"https:\/\/dentalpress.com.br\/portal\/wp-json\/wp\/v2\/posts\/20794\/revisions"}],"wp:featuredmedia":[{"embeddable":true,"href":"https:\/\/dentalpress.com.br\/portal\/wp-json\/wp\/v2\/media\/20799"}],"wp:attachment":[{"href":"https:\/\/dentalpress.com.br\/portal\/wp-json\/wp\/v2\/media?parent=20794"}],"wp:term":[{"taxonomy":"category","embeddable":true,"href":"https:\/\/dentalpress.com.br\/portal\/wp-json\/wp\/v2\/categories?post=20794"},{"taxonomy":"post_tag","embeddable":true,"href":"https:\/\/dentalpress.com.br\/portal\/wp-json\/wp\/v2\/tags?post=20794"}],"curies":[{"name":"wp","href":"https:\/\/api.w.org\/{rel}","templated":true}]}}