{"id":20782,"date":"2017-11-01T15:10:21","date_gmt":"2017-11-01T17:10:21","guid":{"rendered":"https:\/\/www.dentalpress.com.br\/portal\/?p=20782"},"modified":"2017-11-01T15:10:21","modified_gmt":"2017-11-01T17:10:21","slug":"ausencia-dentaria","status":"publish","type":"post","link":"https:\/\/dentalpress.com.br\/portal\/ausencia-dentaria\/","title":{"rendered":"Existe associa\u00e7\u00e3o entre assimetria esquel\u00e9tica e aus\u00eancia dent\u00e1ria?"},"content":{"rendered":"<figure id=\"attachment_20783\" aria-describedby=\"caption-attachment-20783\" style=\"width: 770px\" class=\"wp-caption aligncenter\"><a href=\"https:\/\/dentalpress.com.br\/portal\/wp-content\/uploads\/2017\/11\/Captura-de-Tela-2017-11-01-a\u0300s-14.11.18.png\"><img fetchpriority=\"high\" decoding=\"async\" class=\"wp-image-20783\" title=\"aus\u00eancia dent\u00e1ria\" src=\"https:\/\/dentalpress.com.br\/portal\/wp-content\/uploads\/2017\/11\/Captura-de-Tela-2017-11-01-a\u0300s-14.11.18-300x111.png\" alt=\"\" width=\"770\" height=\"285\" srcset=\"\/wp-content\/uploads\/2017\/11\/Captura-de-Tela-2017-11-01-a\u0300s-14.11.18-300x111.png 300w, \/wp-content\/uploads\/2017\/11\/Captura-de-Tela-2017-11-01-a\u0300s-14.11.18-768x285.png 768w, \/wp-content\/uploads\/2017\/11\/Captura-de-Tela-2017-11-01-a\u0300s-14.11.18-1024x380.png 1024w, \/wp-content\/uploads\/2017\/11\/Captura-de-Tela-2017-11-01-a\u0300s-14.11.18-1170x434.png 1170w, \/wp-content\/uploads\/2017\/11\/Captura-de-Tela-2017-11-01-a\u0300s-14.11.18-585x217.png 585w, \/wp-content\/uploads\/2017\/11\/Captura-de-Tela-2017-11-01-a\u0300s-14.11.18.png 1498w\" sizes=\"(max-width: 770px) 100vw, 770px\" \/><\/a><figcaption id=\"caption-attachment-20783\" class=\"wp-caption-text\">Indiv\u00edduos apresentando diferentes intensidades de assimetria mandibular e que possu\u00edam todos os <a href=\"https:\/\/dentalpress.com.br\/portal\/curso-de-aperfeicoamento-em-cirurgia-de-dentes-retidos\/\">dentes<\/a> permanentes posteriores (Foto: Reprodu\u00e7\u00e3o)<\/figcaption><\/figure>\n<p><strong>Resumo:<\/strong> Introdu\u00e7\u00e3o: a assimetria esquel\u00e9tica facial \u00e9 comum em humanos, sendo o desvio do mento sua principal caracter\u00edstica. \u00c9 sugerido, na literatura, que problemas oclusais e mastigat\u00f3rios advindos das aus\u00eancias dent\u00e1rias teriam rela\u00e7\u00e3o com o desenvolvimento dessas assimetrias. Objetivo: o objetivo deste estudo transversal foi estimar a preval\u00eancia de assimetrias esquel\u00e9ticas mandibulares e investigar sua associa\u00e7\u00e3o com as aus\u00eancias dent\u00e1rias posteriores. M\u00e9todos: foram utilizadas imagens tomogr\u00e1ficas de 952 indiv\u00edduos, com idade entre 18 e 75 anos. A assimetria foi o desfecho analisado, sendo categorizada em tr\u00eas grupos, de acordo com o desvio do gn\u00e1tio em rela\u00e7\u00e3o ao plano sagital mediano: simetria relativa, assimetria moderada e assimetria severa. Os indiv\u00edduos foram agrupados segundo a presen\u00e7a de todos os dentes posteriores, aus\u00eancia dent\u00e1ria posterior unilateral ou aus\u00eancia dent\u00e1ria posterior bilateral. Para verificar a associa\u00e7\u00e3o entre a aus\u00eancia dent\u00e1ria posterior e a assimetria, foi utilizado o teste \u03a72, ao n\u00edvel de signific\u00e2ncia de 5%. Resultados: os resultados mostraram que a simetria relativa esteve presente em 55,3% da amostra, bem como uma preval\u00eancia de 27,3% para a assimetria mandibular moderada e 17,4% para assimetria severa. As assimetrias mandibulares moderada e severa ocorreram em maior propor\u00e7\u00e3o nos indiv\u00edduos com aus\u00eancia dent\u00e1ria posterior unilateral; entretanto, n\u00e3o houve diferen\u00e7a estatisticamente significativa entre os grupos (p = 0,691). Conclus\u00f5es: nesse estudo, as assimetrias mandibulares em adultos n\u00e3o apresentaram associa\u00e7\u00e3o com a aus\u00eancia de dentes na regi\u00e3o posterior da arcada dent\u00e1ria.<\/p>\n<p><strong>Autores:\u00a0<\/strong>Guilherme Thiesen; Bruno Fraz\u00e3o Gribel; Keila Cristina Rausch Pereira e Maria Perpetua Mota Freitas.<\/p>\n<h2><a href=\"http:\/\/grupo.dentalpress.com.br\/ausencia-dentaria\">Baixe o artigo na \u00edntegra!<\/a><\/h2>\n","protected":false},"excerpt":{"rendered":"<p>Resumo: Introdu\u00e7\u00e3o: a assimetria esquel\u00e9tica facial \u00e9 comum em humanos, sendo o desvio do mento sua principal caracter\u00edstica. \u00c9 sugerido, na literatura, que problemas oclusais e mastigat\u00f3rios advindos das aus\u00eancias dent\u00e1rias teriam rela\u00e7\u00e3o com o desenvolvimento dessas assimetrias. Objetivo: o objetivo deste estudo transversal foi estimar a preval\u00eancia de assimetrias esquel\u00e9ticas mandibulares e investigar sua<\/p>\n","protected":false},"author":23,"featured_media":20784,"comment_status":"open","ping_status":"closed","sticky":false,"template":"","format":"standard","meta":{"footnotes":""},"categories":[],"tags":[],"class_list":["post-20782","post","type-post","status-publish","format-standard","has-post-thumbnail"],"aioseo_notices":[],"amp_enabled":true,"_links":{"self":[{"href":"https:\/\/dentalpress.com.br\/portal\/wp-json\/wp\/v2\/posts\/20782","targetHints":{"allow":["GET"]}}],"collection":[{"href":"https:\/\/dentalpress.com.br\/portal\/wp-json\/wp\/v2\/posts"}],"about":[{"href":"https:\/\/dentalpress.com.br\/portal\/wp-json\/wp\/v2\/types\/post"}],"author":[{"embeddable":true,"href":"https:\/\/dentalpress.com.br\/portal\/wp-json\/wp\/v2\/users\/23"}],"replies":[{"embeddable":true,"href":"https:\/\/dentalpress.com.br\/portal\/wp-json\/wp\/v2\/comments?post=20782"}],"version-history":[{"count":0,"href":"https:\/\/dentalpress.com.br\/portal\/wp-json\/wp\/v2\/posts\/20782\/revisions"}],"wp:featuredmedia":[{"embeddable":true,"href":"https:\/\/dentalpress.com.br\/portal\/wp-json\/wp\/v2\/media\/20784"}],"wp:attachment":[{"href":"https:\/\/dentalpress.com.br\/portal\/wp-json\/wp\/v2\/media?parent=20782"}],"wp:term":[{"taxonomy":"category","embeddable":true,"href":"https:\/\/dentalpress.com.br\/portal\/wp-json\/wp\/v2\/categories?post=20782"},{"taxonomy":"post_tag","embeddable":true,"href":"https:\/\/dentalpress.com.br\/portal\/wp-json\/wp\/v2\/tags?post=20782"}],"curies":[{"name":"wp","href":"https:\/\/api.w.org\/{rel}","templated":true}]}}