{"id":20763,"date":"2017-11-01T11:32:20","date_gmt":"2017-11-01T13:32:20","guid":{"rendered":"https:\/\/www.dentalpress.com.br\/portal\/?p=20763"},"modified":"2017-11-01T11:34:33","modified_gmt":"2017-11-01T13:34:33","slug":"dental-press-congresso-omd-2","status":"publish","type":"post","link":"https:\/\/dentalpress.com.br\/portal\/dental-press-congresso-omd-2\/","title":{"rendered":"Dental Press leva Odontologia brasileira para maior congresso de Portugal"},"content":{"rendered":"<figure id=\"attachment_20776\" aria-describedby=\"caption-attachment-20776\" style=\"width: 1024px\" class=\"wp-caption alignnone\"><a href=\"https:\/\/dentalpress.com.br\/portal\/wp-content\/uploads\/2017\/11\/omd.jpg\"><img fetchpriority=\"high\" decoding=\"async\" class=\"size-full wp-image-20776\" src=\"https:\/\/dentalpress.com.br\/portal\/wp-content\/uploads\/2017\/11\/omd.jpg\" alt=\"omd\" width=\"1024\" height=\"768\" srcset=\"\/wp-content\/uploads\/2017\/11\/omd.jpg 1024w, \/wp-content\/uploads\/2017\/11\/omd-300x225.jpg 300w, \/wp-content\/uploads\/2017\/11\/omd-768x576.jpg 768w, \/wp-content\/uploads\/2017\/11\/omd-585x439.jpg 585w\" sizes=\"(max-width: 1024px) 100vw, 1024px\" \/><\/a><figcaption id=\"caption-attachment-20776\" class=\"wp-caption-text\">Congressistas visitam estande da Dental Press no 25\u00ba Congresso da OMD, na cidade do Porto, em novembro de 2016 (Foto: Dental Press)<\/figcaption><\/figure>\n<p>A Odontologia brasileira estar\u00e1 representada pela Dental Press no 26\u00ba Congresso da Ordem dos M\u00e9dicos <a href=\"https:\/\/dentalpress.com.br\/portal\/reforma-tributaria-impacta-dentistas-e-pacientes-com-custos\/\">Dentistas<\/a> (OMD), o maior do g\u00eanero realizado em Portugal. O evento, que acontece anualmente desde 1992, realiza sua edi\u00e7\u00e3o de 2017 em Lisboa, nos dias 16, 17 e 18 de novembro. A editora brasileira leva para a Expo-Dent\u00e1ria Portugal diversos livros e revistas de seu cat\u00e1logo, entre eles as cinco novas obras lan\u00e7adas este ano.<\/p>\n<h2>Lan\u00e7amentos<\/h2>\n<p>Os congressistas que visitarem o estande da Dental Press poder\u00e3o conferir os livros:\u00a0<strong><a href=\"https:\/\/www.dentalpress.com.br\/portal\/19249-2\/\" target=\"_blank\" rel=\"noopener\"><em>Biologia e Patologia da Polpa e Peri\u00e1pice<\/em><\/a><\/strong>, de Alberto Consolaro;\u00a0<strong><a href=\"https:\/\/www.dentalpress.com.br\/portal\/daniela-garib-ortodontia-pratica\/\" target=\"_blank\" rel=\"noopener\"><em>Ortodontia Pr\u00e1tica<\/em><\/a><\/strong>, de Daniela Garib, Tulio Silva Lara, Arthur Ce\u0301sar de Medeiros Alves e Omar Gabriel da Silva Filho;\u00a0<strong><a href=\"https:\/\/www.dentalpress.com.br\/portal\/birte-melsen-mini-implantes\/\" target=\"_blank\" rel=\"noopener\"><em>Mini-implantes e suas aplica\u00e7\u00f5es cl\u00ednicas: a experi\u00eancia de Aarhus<\/em><\/a><\/strong>, de Birte Melsen,\u00a0<a href=\"https:\/\/loja.dentalpress.com.br\/mas-oclusoes.html\" target=\"_blank\" rel=\"noopener\"><strong><em>Reconhecendo e corrigindo as m\u00e1s-oclus\u00f5es em desenvolvimento<\/em><\/strong>,<\/a>\u00a0de Eust\u00e1quio Afonso Ara\u00fajo e Peter H. Buschang, e o<strong>\u00a0<a href=\"https:\/\/www.dentalpress.com.br\/portal\/livro-abor\/\" target=\"_blank\" rel=\"noopener\">livro oficial do congresso da ABOR<\/a>,<\/strong> que re\u00fane os conte\u00fados dos trabalhos apresentados oralmente no 11\u00ba Congresso da ABOR, realizado em outubro em Bel\u00e9m (PA).<\/p>\n<p><a href=\"https:\/\/dentalpress.com.br\/portal\/wp-content\/uploads\/2017\/10\/Captura-de-Tela-2017-10-09-a\u0300s-11.53.11.png\"><img decoding=\"async\" class=\"wp-image-20267 aligncenter\" src=\"https:\/\/dentalpress.com.br\/portal\/wp-content\/uploads\/2017\/10\/Captura-de-Tela-2017-10-09-a\u0300s-11.53.11.png\" alt=\"\" width=\"500\" height=\"427\" srcset=\"\/wp-content\/uploads\/2017\/10\/Captura-de-Tela-2017-10-09-a\u0300s-11.53.11.png 776w, \/wp-content\/uploads\/2017\/10\/Captura-de-Tela-2017-10-09-a\u0300s-11.53.11-300x256.png 300w, \/wp-content\/uploads\/2017\/10\/Captura-de-Tela-2017-10-09-a\u0300s-11.53.11-768x656.png 768w, \/wp-content\/uploads\/2017\/10\/Captura-de-Tela-2017-10-09-a\u0300s-11.53.11-585x500.png 585w\" sizes=\"(max-width: 500px) 100vw, 500px\" \/><\/a><\/p>\n<p>Al\u00e9m dos novos livros, dois grandes sucessos de vendas, que foram reimpressos, tamb\u00e9m estar\u00e3o dispon\u00edveis:\u00a0<a href=\"https:\/\/loja.dentalpress.com.br\/ortodontia-objetiva-segunda-edic-o-ampliada-e-revista.html\" target=\"_blank\" rel=\"noopener\"><strong><em>Ortodontia Objetiva<\/em><\/strong><\/a>, de Marcos Janson, e\u00a0<a href=\"https:\/\/loja.dentalpress.com.br\/dicas-para-otimizar-a-ortodontia.html\" target=\"_blank\" rel=\"noopener\"><strong><em>Dicas para Otimizar a Ortodontia<\/em><\/strong><\/a>, de Marden Bastos.<\/p>\n<h2>P\u00e1tria irm\u00e3<\/h2>\n<p>O bom relacionamento entre Brasil e Portugal &#8211; e a falta de barreiras lingu\u00edsticas entre os dois pa\u00edses &#8211; abriu caminhos para a participa\u00e7\u00e3o da Dental Press no Congresso da OMD, em 2010. Desde ent\u00e3o, a editora participou de todas as edi\u00e7\u00f5es do evento. &#8220;O p\u00fablico portugu\u00eas sempre nos recebe muito bem. \u00c9 uma alegria muito grande poder participar de mais uma edi\u00e7\u00e3o do congresso, principalmente este ano que temos cinco novos livros para apresentar&#8221;, diz a diretora administrativa da Dental Press, Teresa Furquim.<\/p>\n<h2>O congresso<\/h2>\n<p>A extensa programa\u00e7\u00e3o contar\u00e1 com palestras de 58 conferencistas portugueses e de outros pa\u00edses, como Estados Unidos, Fran\u00e7a. It\u00e1lia e B\u00e9lgica; o brasileiro Ronaldo Hirata \u00e9 um dos palestrantes convidados. Haver\u00e1 tamb\u00e9m <a href=\"https:\/\/dentalpress.com.br\/portal\/especializacao-em-implantodontia-transforme-sua-carreira-com-precisao-e-seguranca\/\">cursos<\/a> de <a href=\"https:\/\/dentalpress.com.br\/portal\/curso-de-aperfeicoamento-em-cirurgia-de-dentes-retidos\/\">cirurgia<\/a> ortogn\u00e1tica e pr\u00e1ticas hands-on, al\u00e9m de cursos espec\u00edficos para t\u00e9cnicos de sa\u00fade bucal. <a href=\"https:\/\/www.omd.pt\/congresso\/2017\/boas-vindas\" target=\"_blank\" rel=\"noopener\">Acesse o programa completo aqui<\/a>.<\/p>\n","protected":false},"excerpt":{"rendered":"<p>A Odontologia brasileira estar\u00e1 representada pela Dental Press no 26\u00ba Congresso da Ordem dos M\u00e9dicos Dentistas (OMD), o maior do g\u00eanero realizado em Portugal. O evento, que acontece anualmente desde 1992, realiza sua edi\u00e7\u00e3o de 2017 em Lisboa, nos dias 16, 17 e 18 de novembro. A editora brasileira leva para a Expo-Dent\u00e1ria Portugal diversos<\/p>\n","protected":false},"author":11,"featured_media":20776,"comment_status":"open","ping_status":"closed","sticky":false,"template":"","format":"standard","meta":{"footnotes":""},"categories":[],"tags":[],"class_list":["post-20763","post","type-post","status-publish","format-standard","has-post-thumbnail"],"aioseo_notices":[],"amp_enabled":true,"_links":{"self":[{"href":"https:\/\/dentalpress.com.br\/portal\/wp-json\/wp\/v2\/posts\/20763","targetHints":{"allow":["GET"]}}],"collection":[{"href":"https:\/\/dentalpress.com.br\/portal\/wp-json\/wp\/v2\/posts"}],"about":[{"href":"https:\/\/dentalpress.com.br\/portal\/wp-json\/wp\/v2\/types\/post"}],"author":[{"embeddable":true,"href":"https:\/\/dentalpress.com.br\/portal\/wp-json\/wp\/v2\/users\/11"}],"replies":[{"embeddable":true,"href":"https:\/\/dentalpress.com.br\/portal\/wp-json\/wp\/v2\/comments?post=20763"}],"version-history":[{"count":0,"href":"https:\/\/dentalpress.com.br\/portal\/wp-json\/wp\/v2\/posts\/20763\/revisions"}],"wp:featuredmedia":[{"embeddable":true,"href":"https:\/\/dentalpress.com.br\/portal\/wp-json\/wp\/v2\/media\/20776"}],"wp:attachment":[{"href":"https:\/\/dentalpress.com.br\/portal\/wp-json\/wp\/v2\/media?parent=20763"}],"wp:term":[{"taxonomy":"category","embeddable":true,"href":"https:\/\/dentalpress.com.br\/portal\/wp-json\/wp\/v2\/categories?post=20763"},{"taxonomy":"post_tag","embeddable":true,"href":"https:\/\/dentalpress.com.br\/portal\/wp-json\/wp\/v2\/tags?post=20763"}],"curies":[{"name":"wp","href":"https:\/\/api.w.org\/{rel}","templated":true}]}}