{"id":20755,"date":"2017-10-31T11:23:26","date_gmt":"2017-10-31T13:23:26","guid":{"rendered":"https:\/\/www.dentalpress.com.br\/portal\/?p=20755"},"modified":"2017-10-31T11:23:26","modified_gmt":"2017-10-31T13:23:26","slug":"facimed-promove-ix-jornada-odontologica-em-cuiaba","status":"publish","type":"post","link":"https:\/\/dentalpress.com.br\/portal\/facimed-promove-ix-jornada-odontologica-em-cuiaba\/","title":{"rendered":"Facimed promove IX Jornada Odontol\u00f3gica em Cacoal"},"content":{"rendered":"<figure id=\"attachment_20756\" aria-describedby=\"caption-attachment-20756\" style=\"width: 300px\" class=\"wp-caption alignleft\"><a href=\"https:\/\/dentalpress.com.br\/portal\/wp-content\/uploads\/2017\/10\/Jornada-Odontolo\u0301gica-.jpg\"><img fetchpriority=\"high\" decoding=\"async\" class=\"wp-image-20756 size-medium\" src=\"https:\/\/dentalpress.com.br\/portal\/wp-content\/uploads\/2017\/10\/Jornada-Odontolo\u0301gica--300x225.jpg\" alt=\"Jornada Odontol\u00f3gica \" width=\"300\" height=\"225\" srcset=\"\/wp-content\/uploads\/2017\/10\/Jornada-Odontolo\u0301gica--300x225.jpg 300w, \/wp-content\/uploads\/2017\/10\/Jornada-Odontolo\u0301gica--585x439.jpg 585w, \/wp-content\/uploads\/2017\/10\/Jornada-Odontolo\u0301gica-.jpg 600w\" sizes=\"(max-width: 300px) 100vw, 300px\" \/><\/a><figcaption id=\"caption-attachment-20756\" class=\"wp-caption-text\">IX Jornada Odontol\u00f3gica ser\u00e1 realizada no audit\u00f3rio da unidade sede da Facimed, em Cacoal (Foto: Divulga\u00e7\u00e3o)<\/figcaption><\/figure>\n<p>Profissionais e estudantes de Odontologia de Cacoal (RO) e regi\u00e3o ter\u00e3o a oportunidade de participar da IX Jornada Odontol\u00f3gica da Facimed &#8211; Faculdade de Ci\u00eancias Biom\u00e9dicas de Cacoal. O evento ser\u00e1 realizado no audit\u00f3rio da unidade sede, entre os dias 8 e 11 de novembro.<\/p>\n<p>Multidisciplinar, o evento reunir\u00e1 palestras de temas como implatodontia, odontologia legal, odontopediatria, farmacologia, est\u00e9tica, urg\u00eancia e emerg\u00eancia, entre outros assuntos, ministradas pelos professores Dr. Cl\u00e1udio N\u00f3ia, Dr. Oscar Barreiros, Dr. Pedro Ivo Santos Silva, Dra. Isabela Caparelli Cadioli, Dra. Leila Gracieli da Silva, Dr. Luan Souza, Dra. K\u00e1tia Abreu Lopes e Dra. Fabiana Furtado Freitas.<\/p>\n<p>A programa\u00e7\u00e3o completa e as inscri\u00e7\u00f5es est\u00e3o dispon\u00edveis <a href=\"http:\/\/www.facimed.edu.br\/divulgacoes\/ler\/ix-jornada-odontologica-104\" target=\"_blank\" rel=\"noopener\"><span style=\"color: #666699;\">no site da Facimed<\/span><\/a>.<\/p>\n","protected":false},"excerpt":{"rendered":"<p>Profissionais e estudantes de Odontologia de Cacoal (RO) e regi\u00e3o ter\u00e3o a oportunidade de participar da IX Jornada Odontol\u00f3gica da Facimed &#8211; Faculdade de Ci\u00eancias Biom\u00e9dicas de Cacoal. O evento ser\u00e1 realizado no audit\u00f3rio da unidade sede, entre os dias 8 e 11 de novembro. Multidisciplinar, o evento reunir\u00e1 palestras de temas como implatodontia, odontologia<\/p>\n","protected":false},"author":11,"featured_media":20756,"comment_status":"open","ping_status":"closed","sticky":false,"template":"","format":"standard","meta":{"footnotes":""},"categories":[],"tags":[],"class_list":["post-20755","post","type-post","status-publish","format-standard","has-post-thumbnail"],"aioseo_notices":[],"amp_enabled":true,"_links":{"self":[{"href":"https:\/\/dentalpress.com.br\/portal\/wp-json\/wp\/v2\/posts\/20755","targetHints":{"allow":["GET"]}}],"collection":[{"href":"https:\/\/dentalpress.com.br\/portal\/wp-json\/wp\/v2\/posts"}],"about":[{"href":"https:\/\/dentalpress.com.br\/portal\/wp-json\/wp\/v2\/types\/post"}],"author":[{"embeddable":true,"href":"https:\/\/dentalpress.com.br\/portal\/wp-json\/wp\/v2\/users\/11"}],"replies":[{"embeddable":true,"href":"https:\/\/dentalpress.com.br\/portal\/wp-json\/wp\/v2\/comments?post=20755"}],"version-history":[{"count":0,"href":"https:\/\/dentalpress.com.br\/portal\/wp-json\/wp\/v2\/posts\/20755\/revisions"}],"wp:featuredmedia":[{"embeddable":true,"href":"https:\/\/dentalpress.com.br\/portal\/wp-json\/wp\/v2\/media\/20756"}],"wp:attachment":[{"href":"https:\/\/dentalpress.com.br\/portal\/wp-json\/wp\/v2\/media?parent=20755"}],"wp:term":[{"taxonomy":"category","embeddable":true,"href":"https:\/\/dentalpress.com.br\/portal\/wp-json\/wp\/v2\/categories?post=20755"},{"taxonomy":"post_tag","embeddable":true,"href":"https:\/\/dentalpress.com.br\/portal\/wp-json\/wp\/v2\/tags?post=20755"}],"curies":[{"name":"wp","href":"https:\/\/api.w.org\/{rel}","templated":true}]}}