{"id":20751,"date":"2017-10-30T13:58:26","date_gmt":"2017-10-30T15:58:26","guid":{"rendered":"https:\/\/www.dentalpress.com.br\/portal\/?p=20751"},"modified":"2017-10-30T13:58:26","modified_gmt":"2017-10-30T15:58:26","slug":"rankl-osteocito-ortodontia","status":"publish","type":"post","link":"https:\/\/dentalpress.com.br\/portal\/rankl-osteocito-ortodontia\/","title":{"rendered":"RANKL expresso por oste\u00f3citos \u00e9 chave para movimento ortod\u00f4ntico"},"content":{"rendered":"<p>Durante a movimenta\u00e7\u00e3o dent\u00e1ria, a reabsor\u00e7\u00e3o \u00f3ssea osteocl\u00e1stica \u00e9 essencial para o remodelamento \u00f3sseo alveolar. Sabe-se que a diferencia\u00e7\u00e3o de osteoclastos \u00e9 regulada pelo RANKL. No entanto, a fonte de RANKL no tecido periodontal durante o movimento dent\u00e1rio ortod\u00f4ntico n\u00e3o era identificada.<\/p>\n<p>Agora, uma pesquisa japonesa coordenada pela Tokyo Medical and Dental University (TMDU) revelou que os oste\u00f3citos expressam principalmente o RANKL e s\u00e3o a chave para a remodela\u00e7\u00e3o dos ossos ao redor dos <a href=\"https:\/\/dentalpress.com.br\/portal\/curso-de-aperfeicoamento-em-cirurgia-de-dentes-retidos\/\">dentes<\/a> dentes durante o movimento dent\u00e1rio ortod\u00f4ntico.<\/p>\n<p><a href=\"https:\/\/dentalpress.com.br\/portal\/wp-content\/uploads\/2017\/10\/Captura-de-Tela-2017-10-30-a\u0300s-13.55.13.png\"><img fetchpriority=\"high\" decoding=\"async\" class=\"alignnone size-full wp-image-20752\" src=\"https:\/\/dentalpress.com.br\/portal\/wp-content\/uploads\/2017\/10\/Captura-de-Tela-2017-10-30-a\u0300s-13.55.13.png\" alt=\"RANKL\" width=\"740\" height=\"521\" srcset=\"\/wp-content\/uploads\/2017\/10\/Captura-de-Tela-2017-10-30-a\u0300s-13.55.13.png 740w, \/wp-content\/uploads\/2017\/10\/Captura-de-Tela-2017-10-30-a\u0300s-13.55.13-300x211.png 300w, \/wp-content\/uploads\/2017\/10\/Captura-de-Tela-2017-10-30-a\u0300s-13.55.13-585x412.png 585w\" sizes=\"(max-width: 740px) 100vw, 740px\" \/><\/a><\/p>\n<p>O papel do RANKL no movimento ortod\u00f4ntico foi primeiramente examinado usando um modelo de movimento ortod\u00f4ntico, em que as molas helicoidais abertas foram inseridas entre dentes de camundongos, para mover os primeiros molares. Uma inje\u00e7\u00e3o de um anticorpo neutralizante contra o RANKL reduziu o movimento dent\u00e1rio.<\/p>\n<p>Para identificar a fonte celular de RANKL no tecido periodontal, eles estabeleceram um novo m\u00e9todo para fracionar as c\u00e9lulas. Notavelmente, os oste\u00f3citos foram revelados para expressar n\u00edveis muito maiores de RANKL, em compara\u00e7\u00e3o com outras c\u00e9lulas do tecido periodontal.<\/p>\n<p>O papel fisiol\u00f3gico do RANKL de oste\u00f3citos <em>in vivo<\/em> foi confirmado utilizando ratos com RANKL de oste\u00f3citos espec\u00edficos. A movimenta\u00e7\u00e3o dent\u00e1ria foi significativamente suprimida nesses ratos, com uma diminui\u00e7\u00e3o do n\u00famero de osteoclastos na superf\u00edcie do osso ao redor do dente onde a for\u00e7a mec\u00e2nica foi aplicada.<\/p>\n<p>Assim, foi demonstrado que os oste\u00f3citos t\u00eam um papel crucial como principal fonte de RANKL durante o movimento dent\u00e1rio ortod\u00f4ntico.<\/p>\n<p>O tratamento ortod\u00f4ntico ideal requer n\u00e3o apenas a acelera\u00e7\u00e3o do movimento dent\u00e1rio em dire\u00e7\u00e3o ao lugar certo, mas tamb\u00e9m a supress\u00e3o do movimento dent\u00e1rio indesejado. A supress\u00e3o do movimento dos dentes \u00e9 conseguida ancorando dentes com dispositivos tais como implantes, que podem danificar o tecido bucal. Assim, as abordagens farmac\u00eauticas s\u00e3o consideradas efetivas.<\/p>\n<p>As novas descobertas sugerem a efic\u00e1cia de uma medica\u00e7\u00e3o visando oste\u00f3citos para regular a express\u00e3o de RANKL e controlar a movimenta\u00e7\u00e3o dent\u00e1rio.<\/p>\n<p><a href=\"https:\/\/www.nature.com\/articles\/s41598-017-09326-7\" target=\"_blank\" rel=\"noopener\"><span style=\"color: #666699;\">O artigo est\u00e1 dispon\u00edvel na \u00edntegra, em ingl\u00eas, aqui.\u00a0<\/span><\/a><\/p>\n<p style=\"text-align: right;\"><a href=\"https:\/\/www.eurekalert.org\/pub_releases\/2017-10\/tmad-reb102017.php\" target=\"_blank\" rel=\"noopener\">Fonte: EurekAlert<\/a><\/p>\n","protected":false},"excerpt":{"rendered":"<p>Durante a movimenta\u00e7\u00e3o dent\u00e1ria, a reabsor\u00e7\u00e3o \u00f3ssea osteocl\u00e1stica \u00e9 essencial para o remodelamento \u00f3sseo alveolar. Sabe-se que a diferencia\u00e7\u00e3o de osteoclastos \u00e9 regulada pelo RANKL. No entanto, a fonte de RANKL no tecido periodontal durante o movimento dent\u00e1rio ortod\u00f4ntico n\u00e3o era identificada. Agora, uma pesquisa japonesa coordenada pela Tokyo Medical and Dental University (TMDU) revelou<\/p>\n","protected":false},"author":11,"featured_media":20752,"comment_status":"open","ping_status":"closed","sticky":false,"template":"","format":"standard","meta":{"footnotes":""},"categories":[],"tags":[],"class_list":["post-20751","post","type-post","status-publish","format-standard","has-post-thumbnail"],"aioseo_notices":[],"amp_enabled":true,"_links":{"self":[{"href":"https:\/\/dentalpress.com.br\/portal\/wp-json\/wp\/v2\/posts\/20751","targetHints":{"allow":["GET"]}}],"collection":[{"href":"https:\/\/dentalpress.com.br\/portal\/wp-json\/wp\/v2\/posts"}],"about":[{"href":"https:\/\/dentalpress.com.br\/portal\/wp-json\/wp\/v2\/types\/post"}],"author":[{"embeddable":true,"href":"https:\/\/dentalpress.com.br\/portal\/wp-json\/wp\/v2\/users\/11"}],"replies":[{"embeddable":true,"href":"https:\/\/dentalpress.com.br\/portal\/wp-json\/wp\/v2\/comments?post=20751"}],"version-history":[{"count":0,"href":"https:\/\/dentalpress.com.br\/portal\/wp-json\/wp\/v2\/posts\/20751\/revisions"}],"wp:featuredmedia":[{"embeddable":true,"href":"https:\/\/dentalpress.com.br\/portal\/wp-json\/wp\/v2\/media\/20752"}],"wp:attachment":[{"href":"https:\/\/dentalpress.com.br\/portal\/wp-json\/wp\/v2\/media?parent=20751"}],"wp:term":[{"taxonomy":"category","embeddable":true,"href":"https:\/\/dentalpress.com.br\/portal\/wp-json\/wp\/v2\/categories?post=20751"},{"taxonomy":"post_tag","embeddable":true,"href":"https:\/\/dentalpress.com.br\/portal\/wp-json\/wp\/v2\/tags?post=20751"}],"curies":[{"name":"wp","href":"https:\/\/api.w.org\/{rel}","templated":true}]}}