{"id":20742,"date":"2017-10-27T15:53:38","date_gmt":"2017-10-27T17:53:38","guid":{"rendered":"https:\/\/www.dentalpress.com.br\/portal\/?p=20742"},"modified":"2017-10-27T15:53:38","modified_gmt":"2017-10-27T17:53:38","slug":"aumento-osseo","status":"publish","type":"post","link":"https:\/\/dentalpress.com.br\/portal\/aumento-osseo\/","title":{"rendered":"Dr. Robert da Silva ministra aula sobre aumento \u00f3sseo"},"content":{"rendered":"<figure id=\"attachment_20744\" aria-describedby=\"caption-attachment-20744\" style=\"width: 701px\" class=\"wp-caption aligncenter\"><a href=\"https:\/\/dentalpress.com.br\/portal\/wp-content\/uploads\/2017\/10\/MG_6695.jpg\"><img fetchpriority=\"high\" decoding=\"async\" class=\" wp-image-20744\" src=\"https:\/\/dentalpress.com.br\/portal\/wp-content\/uploads\/2017\/10\/MG_6695-300x200.jpg\" alt=\"\" width=\"701\" height=\"467\" srcset=\"\/wp-content\/uploads\/2017\/10\/MG_6695-300x200.jpg 300w, \/wp-content\/uploads\/2017\/10\/MG_6695-768x512.jpg 768w, \/wp-content\/uploads\/2017\/10\/MG_6695-585x390.jpg 585w, \/wp-content\/uploads\/2017\/10\/MG_6695-263x175.jpg 263w, \/wp-content\/uploads\/2017\/10\/MG_6695.jpg 900w\" sizes=\"(max-width: 701px) 100vw, 701px\" \/><\/a><figcaption id=\"caption-attachment-20744\" class=\"wp-caption-text\">Dr. Robert Carvalho encerra 4\u00ba m\u00f3dulo desta edi\u00e7\u00e3o do <a href=\"https:\/\/dentalpress.com.br\/portal\/excelencia-em-ortodontia-2\/\">Excel\u00eancia<\/a> na <a href=\"https:\/\/dentalpress.com.br\/portal\/excelencia-em-implantodontia-2\/\">Implantodontia<\/a> (Foto: Renata Mastromauro\/Dental Press)<\/figcaption><\/figure>\n<p><span style=\"font-weight: 400;\">Dr. Robert Carvalho da Silva comandou o <\/span><a href=\"https:\/\/www.dentalpress.com.br\/portal\/excelencia-na-implantodontia\/\"><span style=\"font-weight: 400;\">5\u00ba Excel\u00eancia na Implantodontia\u00a0<\/span><\/a><span style=\"font-weight: 400;\">nesta sexta-feira (27), data que encerra o quarto m\u00f3dulo desta edi\u00e7\u00e3o.<\/span><\/p>\n<p><span style=\"font-weight: 400;\">Pioneiro na utiliza\u00e7\u00e3o da t\u00e9cnica de Reconstru\u00e7\u00e3o Tecidual Est\u00e9tica, Dr. Robert ministrou aula sobre \u201cAumento \u00f3sseo guiados horizontais e verticais\u201d, discutindo fatores de diagn\u00f3stico, previsibilidade do defeito e direcionamento da t\u00e9cnica cir\u00fargica.<\/span><\/p>\n<p style=\"text-align: left;\"><span style=\"font-weight: 400;\">Traz tamb\u00e9m informa\u00e7\u00f5es sobre a escolha e utiliza\u00e7\u00e3o de biomateriais espec\u00edficos para os tipos de defeitos \u00f3sseos mais recorrentes. Dr. Robert demonstra como diferenciar os tipos de membranas de situa\u00e7\u00f5es cl\u00ednicas do aumento \u00f3sseo e aspectos t\u00e9cnicos como incis\u00e3o, eleva\u00e7\u00e3o de retalhos, tipos de sutura e controle do paciente, objetivando o sucesso do <a href=\"https:\/\/dentalpress.com.br\/portal\/wp-content\/uploads\/2017\/10\/WhatsApp-Image-2017-10-27-at-15.37.46.jpeg\"><img decoding=\"async\" class=\"size-medium wp-image-20746 alignright\" src=\"https:\/\/dentalpress.com.br\/portal\/wp-content\/uploads\/2017\/10\/WhatsApp-Image-2017-10-27-at-15.37.46-300x200.jpeg\" alt=\"\" width=\"300\" height=\"200\" srcset=\"\/wp-content\/uploads\/2017\/10\/WhatsApp-Image-2017-10-27-at-15.37.46-300x200.jpeg 300w, \/wp-content\/uploads\/2017\/10\/WhatsApp-Image-2017-10-27-at-15.37.46-768x512.jpeg 768w, \/wp-content\/uploads\/2017\/10\/WhatsApp-Image-2017-10-27-at-15.37.46-1024x682.jpeg 1024w, \/wp-content\/uploads\/2017\/10\/WhatsApp-Image-2017-10-27-at-15.37.46-1170x780.jpeg 1170w, \/wp-content\/uploads\/2017\/10\/WhatsApp-Image-2017-10-27-at-15.37.46-585x390.jpeg 585w, \/wp-content\/uploads\/2017\/10\/WhatsApp-Image-2017-10-27-at-15.37.46-263x175.jpeg 263w, \/wp-content\/uploads\/2017\/10\/WhatsApp-Image-2017-10-27-at-15.37.46.jpeg 1280w\" sizes=\"(max-width: 300px) 100vw, 300px\" \/><\/a>tratamento.<\/span><\/p>\n<p><span style=\"font-weight: 400;\">O tema complementa o Excel\u00eancia na Implantodontia pela import\u00e2ncia em oferecer alternativas vi\u00e1veis para os\u00a0<\/span><span style=\"font-weight: 400;\">especialistas no tratamento de pacientes que sofrem dessa condi\u00e7\u00e3o. \u201c[O aumento \u00f3sseo] \u00e9 um problema extremamente prevalente nas cl\u00ednicas, mas nem sempre os profissionais t\u00eam a solu\u00e7\u00e3o apropriada para esse tipo de situa\u00e7\u00e3o\u201d, afirma Dr. Robert.<\/span><\/p>\n<p><span style=\"font-weight: 400;\">Robert Carvalho da Silva \u00e9 especialista em Periodontia (ABO\/DF), mestre e doutor em Cl\u00ednica Odontol\u00f3gica, na \u00e1rea de Periodontia (FOP\/Unicamp), coordenador cient\u00edfico do <a href=\"http:\/\/implanteperio.com.br\/site\/index.php\">Instituto ImplantePerio<\/a>, em S\u00e3o Paulo. Ele \u00e9 autor dos livros \u201cReconstru\u00e7\u00e3o Tecidual Est\u00e9tica\u201d (2009) e Perio-Implantodontia Est\u00e9tica (2015), ministrador de palestras nacionais e internacionais e escreveu mais de 60 artigos cient\u00edficos e mais de 15 cap\u00edtulos de livros.<\/span><\/p>\n<h2><strong>5\u00ba M\u00f3dulo<\/strong><\/h2>\n<p><span style=\"font-weight: 400;\">Aumento \u00f3sseo encerra o 4\u00ba m\u00f3dulo do Excel\u00eancia da Implantodontia desta edi\u00e7\u00e3o, que inicou na ter\u00e7a-feira (24). Foram cinco grandes nomes da \u00e1rea, <\/span><span style=\"font-weight: 400;\">Drs. Paulo Fernando Mesquista, J\u00falio Cesar Joly, Sidney Kina, Luis Ant\u00f4nio Violin e Robert Carvalho da Silva<\/span><span style=\"font-weight: 400;\">, convidados para ministrar confer\u00eancia.<\/span><\/p>\n<p><span style=\"font-weight: 400;\">O \u00faltimo m\u00f3dulo deste ano tem data prevista para os dias 13 a 15 de dezembro, com a presen\u00e7a de Hugo Nary, Diego Klee, Carlos Eduardo Francischone, Jos\u00e9 Malaguti, Eduardo P. Rocha.<\/span><\/p>\n<p><span style=\"font-weight: 400;\">As inscri\u00e7\u00f5es para o 6\u00ba Excel\u00eancia na Implantodontia j\u00e1 est\u00e3o abertas. <a href=\"https:\/\/www.dentalpresscursos.com\/excelencia-implantodontia\">Para mais informa\u00e7\u00f5es clique neste link.<\/a><\/span><\/p>\n<p>Vejas as fotos desta edi\u00e7\u00e3o:<\/p>\n<pre>[flickr_set id=\"72157689779804906\"]<\/pre>\n","protected":false},"excerpt":{"rendered":"<p>Dr. Robert Carvalho da Silva comandou o 5\u00ba Excel\u00eancia na Implantodontia\u00a0nesta sexta-feira (27), data que encerra o quarto m\u00f3dulo desta edi\u00e7\u00e3o. Pioneiro na utiliza\u00e7\u00e3o da t\u00e9cnica de Reconstru\u00e7\u00e3o Tecidual Est\u00e9tica, Dr. Robert ministrou aula sobre \u201cAumento \u00f3sseo guiados horizontais e verticais\u201d, discutindo fatores de diagn\u00f3stico, previsibilidade do defeito e direcionamento da t\u00e9cnica cir\u00fargica. Traz tamb\u00e9m<\/p>\n","protected":false},"author":23,"featured_media":20744,"comment_status":"open","ping_status":"closed","sticky":false,"template":"","format":"standard","meta":{"footnotes":""},"categories":[],"tags":[],"class_list":["post-20742","post","type-post","status-publish","format-standard","has-post-thumbnail"],"aioseo_notices":[],"amp_enabled":true,"_links":{"self":[{"href":"https:\/\/dentalpress.com.br\/portal\/wp-json\/wp\/v2\/posts\/20742","targetHints":{"allow":["GET"]}}],"collection":[{"href":"https:\/\/dentalpress.com.br\/portal\/wp-json\/wp\/v2\/posts"}],"about":[{"href":"https:\/\/dentalpress.com.br\/portal\/wp-json\/wp\/v2\/types\/post"}],"author":[{"embeddable":true,"href":"https:\/\/dentalpress.com.br\/portal\/wp-json\/wp\/v2\/users\/23"}],"replies":[{"embeddable":true,"href":"https:\/\/dentalpress.com.br\/portal\/wp-json\/wp\/v2\/comments?post=20742"}],"version-history":[{"count":0,"href":"https:\/\/dentalpress.com.br\/portal\/wp-json\/wp\/v2\/posts\/20742\/revisions"}],"wp:featuredmedia":[{"embeddable":true,"href":"https:\/\/dentalpress.com.br\/portal\/wp-json\/wp\/v2\/media\/20744"}],"wp:attachment":[{"href":"https:\/\/dentalpress.com.br\/portal\/wp-json\/wp\/v2\/media?parent=20742"}],"wp:term":[{"taxonomy":"category","embeddable":true,"href":"https:\/\/dentalpress.com.br\/portal\/wp-json\/wp\/v2\/categories?post=20742"},{"taxonomy":"post_tag","embeddable":true,"href":"https:\/\/dentalpress.com.br\/portal\/wp-json\/wp\/v2\/tags?post=20742"}],"curies":[{"name":"wp","href":"https:\/\/api.w.org\/{rel}","templated":true}]}}