{"id":20738,"date":"2017-10-27T14:04:17","date_gmt":"2017-10-27T16:04:17","guid":{"rendered":"https:\/\/www.dentalpress.com.br\/portal\/?p=20738"},"modified":"2017-10-27T14:11:06","modified_gmt":"2017-10-27T16:11:06","slug":"implanteperio-caso-clinico","status":"publish","type":"post","link":"https:\/\/dentalpress.com.br\/portal\/implanteperio-caso-clinico\/","title":{"rendered":"Ortodontia + Cirurgia + Implantodontia + Pr\u00f3tese &#8211; caso cl\u00ednico"},"content":{"rendered":"<p>Nesta semana, a Dental Press recebeu os tr\u00eas integrantes do grupo <a href=\"http:\/\/implanteperio.com.br\/site\/\" target=\"_blank\" rel=\"noopener\"><span style=\"color: #666699;\">ImplantePerio<\/span><\/a> &#8211; Paulo Fernando Mesquista de Carvalho, Julio Cesar Joly e Robert Carvalho da Silva &#8211; no quarto m\u00f3dulo do 5\u00ba <a href=\"https:\/\/dentalpress.com.br\/portal\/excelencia-em-ortodontia-2\/\">Excel\u00eancia<\/a> na <a href=\"https:\/\/dentalpress.com.br\/portal\/excelencia-em-implantodontia-2\/\">Implantodontia<\/a>. Selecionamos um artigo de autoria deles, em parceria com Juliana Romanelli e Bruno Godoy, sobre a intera\u00e7\u00e3o da <a href=\"https:\/\/dentalpress.com.br\/portal\/excelencia-em-alinhadores-e-ortodontia-digital-2\/\">Ortodontia<\/a> com a <a href=\"https:\/\/dentalpress.com.br\/portal\/curso-de-aperfeicoamento-em-cirurgia-de-dentes-retidos\/\">cirurgia<\/a> de reconstru\u00e7\u00e3o, implantodontia e pr\u00f3tese em um tratamento complexo na regi\u00e3o anterior. Confira:<\/p>\n<p><a href=\"https:\/\/dentalpress.com.br\/portal\/wp-content\/uploads\/2017\/10\/20171027154547.png\"><img fetchpriority=\"high\" decoding=\"async\" class=\"alignnone wp-image-20739 size-full\" src=\"https:\/\/dentalpress.com.br\/portal\/wp-content\/uploads\/2017\/10\/20171027154547.png\" alt=\"implanteperio\" width=\"819\" height=\"563\" srcset=\"\/wp-content\/uploads\/2017\/10\/20171027154547.png 819w, \/wp-content\/uploads\/2017\/10\/20171027154547-300x206.png 300w, \/wp-content\/uploads\/2017\/10\/20171027154547-768x528.png 768w, \/wp-content\/uploads\/2017\/10\/20171027154547-585x402.png 585w\" sizes=\"(max-width: 819px) 100vw, 819px\" \/><\/a><\/p>\n<p><strong>Resumo:<\/strong> A atua\u00e7\u00e3o multidisciplinar \u00e9 a melhor maneira de trazer ao paciente a proposta de um tratamento odontol\u00f3gico de excel\u00eancia. N\u00e3o raramente, nos deparamos com situa\u00e7\u00f5es em que a pr\u00e1tica dessa Odontologia em conjunto \u00e9 o grande diferencial para a finaliza\u00e7\u00e3o do caso cl\u00ednico. O entrosamento da equipe e o conhecimento desses profissionais sobre as \u00e1reas afins faz com que a condu\u00e7\u00e3o do tratamento seja feita de forma pr\u00e1tica e no menor tempo poss\u00edvel, evitando manobras desnecess\u00e1rias. O presente estudo tem o intuito de abordar essa pr\u00e1tica, por meio da exposi\u00e7\u00e3o de um caso cl\u00ednico complexo com extrus\u00e3o ortod\u00f4ntica, onde todas as especialidades envolvidas foram fundamentais.<\/p>\n<h2><a href=\"http:\/\/grupo.dentalpress.com.br\/implanteperio\" target=\"_blank\" rel=\"noopener\"><span style=\"color: #666699;\">Quero baixar o artigo!<\/span><\/a><\/h2>\n","protected":false},"excerpt":{"rendered":"<p>Nesta semana, a Dental Press recebeu os tr\u00eas integrantes do grupo ImplantePerio &#8211; Paulo Fernando Mesquista de Carvalho, Julio Cesar Joly e Robert Carvalho da Silva &#8211; no quarto m\u00f3dulo do 5\u00ba Excel\u00eancia na Implantodontia. Selecionamos um artigo de autoria deles, em parceria com Juliana Romanelli e Bruno Godoy, sobre a intera\u00e7\u00e3o da Ortodontia com<\/p>\n","protected":false},"author":11,"featured_media":20739,"comment_status":"open","ping_status":"closed","sticky":false,"template":"","format":"standard","meta":{"footnotes":""},"categories":[],"tags":[],"class_list":["post-20738","post","type-post","status-publish","format-standard","has-post-thumbnail"],"aioseo_notices":[],"amp_enabled":true,"_links":{"self":[{"href":"https:\/\/dentalpress.com.br\/portal\/wp-json\/wp\/v2\/posts\/20738","targetHints":{"allow":["GET"]}}],"collection":[{"href":"https:\/\/dentalpress.com.br\/portal\/wp-json\/wp\/v2\/posts"}],"about":[{"href":"https:\/\/dentalpress.com.br\/portal\/wp-json\/wp\/v2\/types\/post"}],"author":[{"embeddable":true,"href":"https:\/\/dentalpress.com.br\/portal\/wp-json\/wp\/v2\/users\/11"}],"replies":[{"embeddable":true,"href":"https:\/\/dentalpress.com.br\/portal\/wp-json\/wp\/v2\/comments?post=20738"}],"version-history":[{"count":0,"href":"https:\/\/dentalpress.com.br\/portal\/wp-json\/wp\/v2\/posts\/20738\/revisions"}],"wp:featuredmedia":[{"embeddable":true,"href":"https:\/\/dentalpress.com.br\/portal\/wp-json\/wp\/v2\/media\/20739"}],"wp:attachment":[{"href":"https:\/\/dentalpress.com.br\/portal\/wp-json\/wp\/v2\/media?parent=20738"}],"wp:term":[{"taxonomy":"category","embeddable":true,"href":"https:\/\/dentalpress.com.br\/portal\/wp-json\/wp\/v2\/categories?post=20738"},{"taxonomy":"post_tag","embeddable":true,"href":"https:\/\/dentalpress.com.br\/portal\/wp-json\/wp\/v2\/tags?post=20738"}],"curies":[{"name":"wp","href":"https:\/\/api.w.org\/{rel}","templated":true}]}}