{"id":20108,"date":"2017-09-29T12:14:37","date_gmt":"2017-09-29T15:14:37","guid":{"rendered":"https:\/\/www.dentalpress.com.br\/portal\/?p=20108"},"modified":"2017-10-05T08:33:13","modified_gmt":"2017-10-05T11:33:13","slug":"tratamento-ma-oclusao-e-dtm","status":"publish","type":"post","link":"https:\/\/dentalpress.com.br\/portal\/tratamento-ma-oclusao-e-dtm\/","title":{"rendered":"Tratamento Ortod\u00f4ntico-cir\u00fargico de paciente adulta com m\u00e1 oclus\u00e3o de classe II, retrognatismo mandibular e DTM"},"content":{"rendered":"<figure id=\"attachment_20109\" aria-describedby=\"caption-attachment-20109\" style=\"width: 549px\" class=\"wp-caption aligncenter\"><a href=\"https:\/\/dentalpress.com.br\/portal\/wp-content\/uploads\/2017\/09\/artigo.png\"><img fetchpriority=\"high\" decoding=\"async\" class=\"wp-image-20109\" title=\"Tratamento\" src=\"https:\/\/dentalpress.com.br\/portal\/wp-content\/uploads\/2017\/09\/artigo-300x201.png\" alt=\"Tratamento\" width=\"549\" height=\"368\" srcset=\"\/wp-content\/uploads\/2017\/09\/artigo-300x201.png 300w, \/wp-content\/uploads\/2017\/09\/artigo-768x515.png 768w, \/wp-content\/uploads\/2017\/09\/artigo-585x392.png 585w, \/wp-content\/uploads\/2017\/09\/artigo-263x175.png 263w, \/wp-content\/uploads\/2017\/09\/artigo.png 900w\" sizes=\"(max-width: 549px) 100vw, 549px\" \/><\/a><figcaption id=\"caption-attachment-20109\" class=\"wp-caption-text\">Exames radiogr\u00e1ficos para o estudo final\/ an\u00e1lise cefalom\u00e9trica final (Foto: reprodu\u00e7\u00e3o)<\/figcaption><\/figure>\n<p><strong>Autores:<\/strong> Paulo Augusto Leal De Carvalho; Gladys Cristina Dominguez; Andr\u00e9 Tortamano e Solange Mongelli De Fantini.<\/p>\n<p><strong>Resumo<\/strong>:\u00a0Introdu\u00e7\u00e3o: paciente do sexo feminino, 38 anos de idade, leucoderma, brasileira, portadora de deformidade dentofacial de Classe II com retrognatismo mandibular, defici\u00eancia maxilar e dist\u00farbios articulares, apresentando sintomatologia da ATM de car\u00e1ter cr\u00f4nico e incapacitante por causa das dores. O diagn\u00f3stico foi realizado com o aux\u00edlio de placa miorrelaxante e confirma\u00e7\u00e3o da remiss\u00e3o dos sintomas. A an\u00e1lise do deslocamento real dos c\u00f4ndilos foi realizada com um Condylar Position Indicator (CPI), obtendo, assim, a diferen\u00e7a entre a MIC e a RC. Objetivo: evidenciar a import\u00e2ncia dos meios de diagn\u00f3stico no tratamento ortod\u00f4ntico-cir\u00fargico. M\u00e9todos: foram avaliadas as verdadeiras discrep\u00e2ncias antes do tratamento com montagem no articulador semiajust\u00e1vel. O tratamento realizado foi o ortod\u00f4ntico-cir\u00fargico. Resultados: foram alcan\u00e7ados os objetivos cl\u00ednicos, que eram o equil\u00edbrio oclusal, articular, remiss\u00e3o dos sintomas e, consequentemente, a <a href=\"https:\/\/dentalpress.com.br\/portal\/especializacao-em-harmonizacao-orofacial\/\">harmonia<\/a> facial.<\/p>\n<h2><a href=\"http:\/\/grupo.dentalpress.com.br\/c95f6790217e9d17ef4d\">Quero baixar o artigo na \u00edntegra!<\/a><\/h2>\n","protected":false},"excerpt":{"rendered":"<p>Autores: Paulo Augusto Leal De Carvalho; Gladys Cristina Dominguez; Andr\u00e9 Tortamano e Solange Mongelli De Fantini. Resumo:\u00a0Introdu\u00e7\u00e3o: paciente do sexo feminino, 38 anos de idade, leucoderma, brasileira, portadora de deformidade dentofacial de Classe II com retrognatismo mandibular, defici\u00eancia maxilar e dist\u00farbios articulares, apresentando sintomatologia da ATM de car\u00e1ter cr\u00f4nico e incapacitante por causa das dores.<\/p>\n","protected":false},"author":20,"featured_media":20109,"comment_status":"open","ping_status":"closed","sticky":false,"template":"","format":"standard","meta":{"footnotes":""},"categories":[],"tags":[],"class_list":["post-20108","post","type-post","status-publish","format-standard","has-post-thumbnail"],"aioseo_notices":[],"amp_enabled":true,"_links":{"self":[{"href":"https:\/\/dentalpress.com.br\/portal\/wp-json\/wp\/v2\/posts\/20108","targetHints":{"allow":["GET"]}}],"collection":[{"href":"https:\/\/dentalpress.com.br\/portal\/wp-json\/wp\/v2\/posts"}],"about":[{"href":"https:\/\/dentalpress.com.br\/portal\/wp-json\/wp\/v2\/types\/post"}],"author":[{"embeddable":true,"href":"https:\/\/dentalpress.com.br\/portal\/wp-json\/wp\/v2\/users\/20"}],"replies":[{"embeddable":true,"href":"https:\/\/dentalpress.com.br\/portal\/wp-json\/wp\/v2\/comments?post=20108"}],"version-history":[{"count":0,"href":"https:\/\/dentalpress.com.br\/portal\/wp-json\/wp\/v2\/posts\/20108\/revisions"}],"wp:featuredmedia":[{"embeddable":true,"href":"https:\/\/dentalpress.com.br\/portal\/wp-json\/wp\/v2\/media\/20109"}],"wp:attachment":[{"href":"https:\/\/dentalpress.com.br\/portal\/wp-json\/wp\/v2\/media?parent=20108"}],"wp:term":[{"taxonomy":"category","embeddable":true,"href":"https:\/\/dentalpress.com.br\/portal\/wp-json\/wp\/v2\/categories?post=20108"},{"taxonomy":"post_tag","embeddable":true,"href":"https:\/\/dentalpress.com.br\/portal\/wp-json\/wp\/v2\/tags?post=20108"}],"curies":[{"name":"wp","href":"https:\/\/api.w.org\/{rel}","templated":true}]}}